{"id":226861,"date":"2025-02-17T19:24:56","date_gmt":"2025-02-17T22:24:56","guid":{"rendered":"https:\/\/diarioregionaldigital.com.br\/?p=226861"},"modified":"2025-02-17T19:24:56","modified_gmt":"2025-02-17T22:24:56","slug":"minas-gerais-mantem-ritmo-positivo-na-abertura-de-empresas-em-2025","status":"publish","type":"post","link":"https:\/\/diarioregionaldigital.com.br\/?p=226861","title":{"rendered":"Minas Gerais mant\u00e9m ritmo positivo na abertura de empresas em 2025"},"content":{"rendered":"<p xml:lang=\"PT-BR\">Minas Gerais iniciou o ano de 2025 mantendo desempenho positivo no n\u00famero de empresas abertas no estado. Ao todo, 11.429 novos neg\u00f3cios foram formalizados no primeiro m\u00eas do ano, representando alta de 47,17% em rela\u00e7\u00e3o a janeiro de 2024, quando foram constitu\u00eddos 7.766 novos empreendimentos.<\/p>\n<p>O volume corresponde a 354 novos neg\u00f3cios registrados por dia, 31% a mais do que a m\u00e9dia de 2024 (270 formaliza\u00e7\u00f5es di\u00e1rias).<\/p>\n<p>Os dados s\u00e3o do relat\u00f3rio mensal de registros mercantis, divulgado na sexta-feira (14\/2), pela\u00a0<a href=\"https:\/\/jucemg.mg.gov.br\/\" target=\"_blank\" rel=\"noreferrer noopener\">Junta Comercial de Minas Gerais (Jucemg)<\/a>, organiza\u00e7\u00e3o vinculada \u00e0\u00a0<a href=\"https:\/\/desenvolvimento.mg.gov.br\/\" target=\"_blank\" rel=\"noreferrer noopener\">Secretaria de Estado de Desenvolvimento Econ\u00f4mico de Minas Gerais (Sede-MG)<\/a>.\n<\/p>\n<table border=\"0\" cellspacing=\"1\" cellpadding=\"1\" align=\"center\">\n<tbody>\n<tr>\n<td colspan=\"5\"><img decoding=\"async\" src=\"https:\/\/www.agenciaminas.mg.gov.br\/ckeditor_assets\/pictures\/20949\/content_2_olho_topo.jpg\" alt=\"\" \/><\/td>\n<\/tr>\n<tr>\n<td><\/td>\n<td colspan=\"3\" rowspan=\"3\">\n<h1><strong>&#8220;Esses dados nos trazem grande alegria, porque mostram que os mineiros est\u00e3o com cada vez mais confian\u00e7a para empreender. Destaque para as regi\u00f5es do Jequitinhonha e Mucuri, onde temos investido por meio do projeto Vale do L\u00edtio, e mantiveram o crescimento em rela\u00e7\u00e3o ao mesmo per\u00edodo do ano passado&#8221;, ressalta o governador de Minas Gerais, Romeu Zema.<\/strong><\/h1>\n<\/td>\n<td><\/td>\n<\/tr>\n<tr>\n<td><\/td>\n<td><\/td>\n<\/tr>\n<tr>\n<td><\/td>\n<td><\/td>\n<\/tr>\n<tr>\n<td colspan=\"5\"><img decoding=\"async\" src=\"https:\/\/www.agenciaminas.mg.gov.br\/ckeditor_assets\/pictures\/20950\/content_2_olho_inferior.jpg\" alt=\"\" \/><\/td>\n<\/tr>\n<\/tbody>\n<\/table>\n<p><strong>Jequitinhonha e Mucuri lideram<\/strong><\/p>\n<p>De acordo com o relat\u00f3rio da Jucemg, a regi\u00e3o que mais registrou abertura de empresas em janeiro foi a Central, com 5.156 novas constitui\u00e7\u00f5es, representando alta de 51,96% em rela\u00e7\u00e3o a janeiro de 2024 (3.393). Na sequ\u00eancia, est\u00e3o Sul de Minas (1.412), Tri\u00e2ngulo Mineiro (1.091), Zona da Mata (956) e Centro-Oeste (733).<\/p>\n<p>Todas as regi\u00f5es registraram aumento frente a janeiro de 2024, com destaque para a\u00a0regi\u00e3o\u00a0do\u00a0Vale do Jequitinhonha e Mucuri, que registrou\u00a0alta de 72,73% no n\u00famero de novos empreendimentos formalizados, seguida\u00a0por\u00a0Norte de Minas (68,37%), Noroeste (55,47%), Zona da Mata (51,99%), Sul de Minas (47,39%), Centro-Oeste (38,04%), Vale do Rio Doce (32,10%), Alto Parana\u00edba (31,76%) e Tri\u00e2ngulo Mineiro (29,11%).<\/p>\n<p>Para o secret\u00e1rio de Estado de Desenvolvimento Econ\u00f4mico, Fernando Passalio, os n\u00fameros refor\u00e7am a efetividade do programa Minas Livre Para Crescer (MLPC).<\/p>\n<table border=\"0\" cellspacing=\"1\" cellpadding=\"1\" align=\"center\">\n<tbody>\n<tr>\n<td colspan=\"5\"><img decoding=\"async\" src=\"https:\/\/www.agenciaminas.mg.gov.br\/ckeditor_assets\/pictures\/20949\/content_2_olho_topo.jpg\" alt=\"\" \/><\/td>\n<\/tr>\n<tr>\n<td><\/td>\n<td colspan=\"3\" rowspan=\"3\">\n<h1><strong>&#8220;Acabamos de alcan\u00e7ar o marco de 500 munic\u00edpios livres para crescer e prosperar em Minas. Por isso podemos dizer, com toda certeza, que esse \u00e9 mais um resultado colhido por esta gest\u00e3o, que tem tornado menos burocr\u00e1tico o processo para se empreender no estado&#8221;, avalia Fernando Passalio.<\/strong><\/h1>\n<\/td>\n<td><\/td>\n<\/tr>\n<tr>\n<td><\/td>\n<td><\/td>\n<\/tr>\n<tr>\n<td><\/td>\n<td><\/td>\n<\/tr>\n<tr>\n<td colspan=\"5\"><img decoding=\"async\" src=\"https:\/\/www.agenciaminas.mg.gov.br\/ckeditor_assets\/pictures\/20950\/content_2_olho_inferior.jpg\" alt=\"\" \/><\/td>\n<\/tr>\n<\/tbody>\n<\/table>\n<p>A presidente da\u00a0Jucemg, Patricia Vinte Di I\u00f3rio, analisa os n\u00fameros positivos. \u201cQuase 12 mil novas empresas abertas em um \u00fanico m\u00eas \u00e9 uma marca para ficar na hist\u00f3ria. E s\u00f3 se tornou poss\u00edvel porque temos em Minas um governo que \u00e9 aliado do empreendedor e uma Junta Comercial que compreende, investe e entrega, a cada dia, mais agilidade e facilidade na formaliza\u00e7\u00e3o de uma empresa\u201d.<\/p>\n<p><strong>Servi\u00e7os registra maior expans\u00e3o<\/strong><\/p>\n<p>No primeiro m\u00eas do ano, o setor com melhor desempenho foi o de servi\u00e7os, com expans\u00e3o de 53,15%, seguido pelo com\u00e9rcio (33,05%), e pela ind\u00fastria (29,95%), no comparativo com o volume de empresas constitu\u00eddas em janeiro de 2024.<\/p>\n<p><strong>Ranking municipal<\/strong><\/p>\n<p>Belo Horizonte segue liderando com 3.186 novos empreendimentos formalizados em janeiro, o que representa 53,47% de aumento em rela\u00e7\u00e3o ao mesmo m\u00eas de 2024\u00a0(2.076).<\/p>\n<p>Na sequ\u00eancia, aparecem Uberl\u00e2ndia (611), Juiz de Fora (338), Contagem (311), Montes Claros (246), Betim (245), Divin\u00f3polis (178), Uberaba (171), Patos de Minas (133) e Ipatinga (132).<\/p>\n<p><strong>Encerramentos<\/strong><\/p>\n<p>Em janeiro, o setor de ind\u00fastria teve 642 encerramentos, com\u00e9rcio, 2.592, e o setor de servi\u00e7os, 4.484,\u00a0totalizando 7.718 fechamentos, uma varia\u00e7\u00e3o de 63,86% em rela\u00e7\u00e3o a janeiro de 2024.<\/p>\n<p><strong>MEIs<\/strong><\/p>\n<p>Divulgado mensalmente, o relat\u00f3rio de registros mercantis da Jucemg considera empresas de todos os portes, com exce\u00e7\u00e3o dos MEIs (microempreendedores individuais), cujas inscri\u00e7\u00f5es s\u00e3o realizadas diretamente no Portal do Empreendedor do Governo Federal, sem passar pelas juntas comerciais estaduais.<\/p>\n<p>&nbsp;<\/p>\n<p>Fonte: Ag\u00eancia Minas<\/p>\n","protected":false},"excerpt":{"rendered":"<p>Minas Gerais iniciou o ano de 2025 mantendo desempenho positivo no n\u00famero de empresas abertas no estado. Ao todo, 11.429 novos neg\u00f3cios foram formalizados no primeiro m\u00eas do ano, representando alta de 47,17% em rela\u00e7\u00e3o a janeiro de 2024, quando foram constitu\u00eddos 7.766 novos empreendimentos. O volume corresponde a 354 novos neg\u00f3cios registrados por dia, [&hellip;]<\/p>\n","protected":false},"author":246,"featured_media":226862,"comment_status":"closed","ping_status":"closed","sticky":false,"template":"","format":"standard","meta":{"footnotes":""},"categories":[436,261,254,439],"tags":[],"class_list":["post-226861","post","type-post","status-publish","format-standard","has-post-thumbnail","hentry","category-destaque-da-semana","category-economia","category-politica","category-ultima-hora"],"_links":{"self":[{"href":"https:\/\/diarioregionaldigital.com.br\/index.php?rest_route=\/wp\/v2\/posts\/226861","targetHints":{"allow":["GET"]}}],"collection":[{"href":"https:\/\/diarioregionaldigital.com.br\/index.php?rest_route=\/wp\/v2\/posts"}],"about":[{"href":"https:\/\/diarioregionaldigital.com.br\/index.php?rest_route=\/wp\/v2\/types\/post"}],"author":[{"embeddable":true,"href":"https:\/\/diarioregionaldigital.com.br\/index.php?rest_route=\/wp\/v2\/users\/246"}],"replies":[{"embeddable":true,"href":"https:\/\/diarioregionaldigital.com.br\/index.php?rest_route=%2Fwp%2Fv2%2Fcomments&post=226861"}],"version-history":[{"count":1,"href":"https:\/\/diarioregionaldigital.com.br\/index.php?rest_route=\/wp\/v2\/posts\/226861\/revisions"}],"predecessor-version":[{"id":226863,"href":"https:\/\/diarioregionaldigital.com.br\/index.php?rest_route=\/wp\/v2\/posts\/226861\/revisions\/226863"}],"wp:featuredmedia":[{"embeddable":true,"href":"https:\/\/diarioregionaldigital.com.br\/index.php?rest_route=\/wp\/v2\/media\/226862"}],"wp:attachment":[{"href":"https:\/\/diarioregionaldigital.com.br\/index.php?rest_route=%2Fwp%2Fv2%2Fmedia&parent=226861"}],"wp:term":[{"taxonomy":"category","embeddable":true,"href":"https:\/\/diarioregionaldigital.com.br\/index.php?rest_route=%2Fwp%2Fv2%2Fcategories&post=226861"},{"taxonomy":"post_tag","embeddable":true,"href":"https:\/\/diarioregionaldigital.com.br\/index.php?rest_route=%2Fwp%2Fv2%2Ftags&post=226861"}],"curies":[{"name":"wp","href":"https:\/\/api.w.org\/{rel}","templated":true}]}}