{"id":226858,"date":"2025-02-17T19:21:03","date_gmt":"2025-02-17T22:21:03","guid":{"rendered":"https:\/\/diarioregionaldigital.com.br\/?p=226858"},"modified":"2025-02-17T19:21:03","modified_gmt":"2025-02-17T22:21:03","slug":"governo-do-estado-tjmg-e-almg-celebram-acordo-para-digitalizar-acervo-do-diario-oficial-de-minas-gerais","status":"publish","type":"post","link":"https:\/\/diarioregionaldigital.com.br\/?p=226858","title":{"rendered":"Governo do Estado, TJMG e ALMG celebram acordo para digitalizar acervo do Di\u00e1rio Oficial de Minas Gerais"},"content":{"rendered":"<p><main class=\"clear margin-md-bottom-3\"><\/p>\n<div class=\"clear \">\n<p>O governador Romeu Zema participou, na tarde desta segunda-feira (17\/2), da celebra\u00e7\u00e3o do acordo de coopera\u00e7\u00e3o t\u00e9cnica para digitaliza\u00e7\u00e3o do\u00a0<a href=\"https:\/\/www.jornalminasgerais.mg.gov.br\/\" target=\"_blank\" rel=\"noopener\">Di\u00e1rio Oficial de Minas Gerais<\/a>\u00a0do per\u00edodo de 1943 at\u00e9 2010, que atualmente se encontram em formato f\u00edsico ou em microfilmagens.<\/p>\n<p>A partir da iniciativa, que tem a parceria\u00a0<a href=\"https:\/\/www.mg.gov.br\/\" target=\"_blank\" rel=\"noopener\">Governo de Minas<\/a>, Tribunal de Justi\u00e7a de Minas Gerais (TJMG) e\u00a0Assembleia Legislativa de Minas Gerais (ALMG),\u00a0todo o acervo da publica\u00e7\u00e3o oficial, em circula\u00e7\u00e3o desde 1892, poder\u00e1 ser disponibilizado pela internet de forma gratuita, por meio do\u00a0<a href=\"https:\/\/www.jornalminasgerais.mg.gov.br\/\" target=\"_blank\" rel=\"noopener\">site atual<\/a>.<\/p>\n<p>Para que a tarefa seja executada, o TJMG vai realizar uma licita\u00e7\u00e3o para contrata\u00e7\u00e3o de empresa especializada na presta\u00e7\u00e3o de servi\u00e7os t\u00e9cnicos de digitaliza\u00e7\u00e3o e indexa\u00e7\u00e3o.<\/p>\n<p>Ser\u00e3o mais de 3 milh\u00f5es de p\u00e1ginas digitalizadas e a previs\u00e3o \u00e9 de que os trabalhos sejam conclu\u00eddos em 18 meses.<\/p>\n<table border=\"0\" cellspacing=\"1\" cellpadding=\"1\" align=\"center\">\n<tbody>\n<tr>\n<td colspan=\"5\"><img decoding=\"async\" src=\"https:\/\/www.agenciaminas.mg.gov.br\/ckeditor_assets\/pictures\/20949\/content_2_olho_topo.jpg\" alt=\"\" \/><\/td>\n<\/tr>\n<tr>\n<td><\/td>\n<td colspan=\"3\" rowspan=\"3\">\n<h1><strong>&#8220;\u00c9 um avan\u00e7o extraordin\u00e1rio para a Minas Gerais, principalmente para a nossa mem\u00f3ria. Vai permitir consultas de qualquer lugar e mais agilidade, melhoria de acesso. A preserva\u00e7\u00e3o da mem\u00f3ria \u00e9 de fundamental import\u00e2ncia&#8221;, disse o governador Romeu Zema.<\/strong><\/h1>\n<\/td>\n<td><\/td>\n<\/tr>\n<tr>\n<td><\/td>\n<td><\/td>\n<\/tr>\n<tr>\n<td><\/td>\n<td><\/td>\n<\/tr>\n<tr>\n<td colspan=\"5\"><img decoding=\"async\" src=\"https:\/\/www.agenciaminas.mg.gov.br\/ckeditor_assets\/pictures\/20950\/content_2_olho_inferior.jpg\" alt=\"\" \/><\/td>\n<\/tr>\n<\/tbody>\n<\/table>\n<p>&nbsp;<\/p>\n<p>Para o presidente do TJMG, desembargador Luiz Carlos Corr\u00eaa Junior, a parceria entre Executivo, Legislativo e Judici\u00e1rio foi essencial para esse acordo.<\/p>\n<p>&#8220;Hoje \u00e9 um dia hist\u00f3rico para Minas Gerais. Reunir os tr\u00eas Poderes do estado para esse acordo\u00a0mostra a nossa parceria e, principalmente, nosso compromisso com a mem\u00f3ria do nosso Di\u00e1rio Oficial&#8221;, salientou.<\/p>\n<p><strong>Hist\u00f3rico<\/strong><\/p>\n<p>O Di\u00e1rio Oficial do Estado de Minas Gerais foi criado em 1891, na gest\u00e3o do ent\u00e3o presidente do Estado Jos\u00e9 Ces\u00e1rio de Faria Alvim. Cinco meses depois, foi publicada a primeira edi\u00e7\u00e3o, no dia 21\/4\/1892, data que marcava o centen\u00e1rio de morte de Tiradentes.<\/p>\n<p>Desde mar\u00e7o de 2019, o Di\u00e1rio Oficial circula apenas na vers\u00e3o digital. Em 2024, o site registrou um total de mais de 8 milh\u00f5es de acessos.<\/p>\n<p>A Superintend\u00eancia de Gest\u00e3o do Di\u00e1rio Oficial da\u00a0<a href=\"https:\/\/www.governo.mg.gov.br\/\" target=\"_blank\" rel=\"noopener\">Secretaria de Estado de Governo (Segov)<\/a>\u00a0j\u00e1 realizava a digitaliza\u00e7\u00e3o do acervo hist\u00f3rico do jornal, trabalho feito por servidores da pr\u00f3pria secretaria.<\/p>\n<p>Hoje, a Segov conduz, simultaneamente \u00e0 iniciativa de digitaliza\u00e7\u00e3o do acervo, um projeto para o desenvolvimento de um novo site do Jornal Minas Gerais.<\/p>\n<p>Fonte: Ag\u00eancia Minas<\/p>\n<\/div>\n<p><\/main><\/p>\n","protected":false},"excerpt":{"rendered":"<p>O governador Romeu Zema participou, na tarde desta segunda-feira (17\/2), da celebra\u00e7\u00e3o do acordo de coopera\u00e7\u00e3o t\u00e9cnica para digitaliza\u00e7\u00e3o do\u00a0Di\u00e1rio Oficial de Minas Gerais\u00a0do per\u00edodo de 1943 at\u00e9 2010, que atualmente se encontram em formato f\u00edsico ou em microfilmagens. A partir da iniciativa, que tem a parceria\u00a0Governo de Minas, Tribunal de Justi\u00e7a de Minas Gerais [&hellip;]<\/p>\n","protected":false},"author":246,"featured_media":226859,"comment_status":"closed","ping_status":"closed","sticky":false,"template":"","format":"standard","meta":{"footnotes":""},"categories":[436,440,261,254,439],"tags":[],"class_list":["post-226858","post","type-post","status-publish","format-standard","has-post-thumbnail","hentry","category-destaque-da-semana","category-destaques-do-dia","category-economia","category-politica","category-ultima-hora"],"_links":{"self":[{"href":"https:\/\/diarioregionaldigital.com.br\/index.php?rest_route=\/wp\/v2\/posts\/226858","targetHints":{"allow":["GET"]}}],"collection":[{"href":"https:\/\/diarioregionaldigital.com.br\/index.php?rest_route=\/wp\/v2\/posts"}],"about":[{"href":"https:\/\/diarioregionaldigital.com.br\/index.php?rest_route=\/wp\/v2\/types\/post"}],"author":[{"embeddable":true,"href":"https:\/\/diarioregionaldigital.com.br\/index.php?rest_route=\/wp\/v2\/users\/246"}],"replies":[{"embeddable":true,"href":"https:\/\/diarioregionaldigital.com.br\/index.php?rest_route=%2Fwp%2Fv2%2Fcomments&post=226858"}],"version-history":[{"count":1,"href":"https:\/\/diarioregionaldigital.com.br\/index.php?rest_route=\/wp\/v2\/posts\/226858\/revisions"}],"predecessor-version":[{"id":226860,"href":"https:\/\/diarioregionaldigital.com.br\/index.php?rest_route=\/wp\/v2\/posts\/226858\/revisions\/226860"}],"wp:featuredmedia":[{"embeddable":true,"href":"https:\/\/diarioregionaldigital.com.br\/index.php?rest_route=\/wp\/v2\/media\/226859"}],"wp:attachment":[{"href":"https:\/\/diarioregionaldigital.com.br\/index.php?rest_route=%2Fwp%2Fv2%2Fmedia&parent=226858"}],"wp:term":[{"taxonomy":"category","embeddable":true,"href":"https:\/\/diarioregionaldigital.com.br\/index.php?rest_route=%2Fwp%2Fv2%2Fcategories&post=226858"},{"taxonomy":"post_tag","embeddable":true,"href":"https:\/\/diarioregionaldigital.com.br\/index.php?rest_route=%2Fwp%2Fv2%2Ftags&post=226858"}],"curies":[{"name":"wp","href":"https:\/\/api.w.org\/{rel}","templated":true}]}}