{"id":226855,"date":"2025-02-17T19:18:50","date_gmt":"2025-02-17T22:18:50","guid":{"rendered":"https:\/\/diarioregionaldigital.com.br\/?p=226855"},"modified":"2025-02-17T19:18:50","modified_gmt":"2025-02-17T22:18:50","slug":"governo-de-minas-inicia-programa-de-desenvolvimento-de-liderancas-para-gestores-de-unidades-de-recursos-humanos","status":"publish","type":"post","link":"https:\/\/diarioregionaldigital.com.br\/?p=226855","title":{"rendered":"Governo de Minas inicia Programa de Desenvolvimento de Lideran\u00e7as para gestores de unidades de Recursos Humanos"},"content":{"rendered":"<p><main class=\"clear margin-md-bottom-3\"><\/p>\n<div class=\"clear \">\n<p>O Programa de Desenvolvimento de Lideran\u00e7as (PDL) do\u00a0<a href=\"https:\/\/www.mg.gov.br\/transforma-minas\" target=\"_blank\" rel=\"noopener\">Transforma Minas<\/a>\u00a0iniciou uma nova modalidade de forma\u00e7\u00e3o em 2025. O PDL \u2013 RH \u00e9 destinado \u00e0s lideran\u00e7as titulares das unidades formais que comp\u00f5em as \u00e1reas de Recursos Humanos centrais e setoriais do\u00a0<a href=\"https:\/\/www.mg.gov.br\/\" target=\"_blank\" rel=\"noopener\">Governo de Minas<\/a>.<\/p>\n<p>A iniciativa \u00e9 da\u00a0<a href=\"https:\/\/www.mg.gov.br\/planejamento\" target=\"_blank\" rel=\"noopener\">Secretaria de Estado de Planejamento e Gest\u00e3o (Seplag-MG)<\/a>, em parceria com a\u00a0<a href=\"https:\/\/fjp.mg.gov.br\/\" target=\"_blank\" rel=\"noopener\">Funda\u00e7\u00e3o Jo\u00e3o Pinheiro (FJP)<\/a>, e busca desenvolver l\u00edderes para atua\u00e7\u00e3o inovadora no setor p\u00fablico. O PDL \u2013 RH abriu 60 vagas para participa\u00e7\u00e3o em 2025. Foram 33 \u00f3rg\u00e3os interessados, com 90 inscri\u00e7\u00f5es recebidas. Desse total, 56 lideran\u00e7as de 29 \u00f3rg\u00e3os atenderam aos requisitos obrigat\u00f3rios e foram selecionadas.<\/p>\n<p>O objetivo \u00e9 capacitar os participantes em conte\u00fados, te\u00f3ricos e pr\u00e1ticos, sobre tem\u00e1ticas da \u00e1rea de recursos humanos, al\u00e9m de abordar estrat\u00e9gias para a atua\u00e7\u00e3o dos gestores de RH, promovendo, ainda, a integra\u00e7\u00e3o em rede do Estado. O PDL \u00e9 estruturado com atividades voltadas para a valoriza\u00e7\u00e3o e o desenvolvimento de compet\u00eancias espec\u00edficas para cargos de lideran\u00e7a, como a orienta\u00e7\u00e3o para resultados, engajamento e comunica\u00e7\u00e3o.<\/p>\n<p>Criado em 2019, o programa segue expandindo as oportunidades de capacita\u00e7\u00e3o e ampliando o seu alcance. O primeiro PDL foi focado nos subsecret\u00e1rios. Em 2021, foi lan\u00e7ado o PDL &#8211; Regionais, seguido pelo PDL &#8211; Superintendentes em 2023. Agora, em 2025, tem in\u00edcio o PDL &#8211; Recursos Humanos.<\/p>\n<p>\u201cO Transforma Minas reafirma seu papel fundamental na gest\u00e3o p\u00fablica em Minas Gerais. Com quatro Programas de Desenvolvimento de Lideran\u00e7as ativos em 2025, a iniciativa promove um ciclo cont\u00ednuo de aprendizagem, crescimento e inova\u00e7\u00e3o na administra\u00e7\u00e3o estadual. O sucesso dos processos seletivos e a amplia\u00e7\u00e3o dos programas refletem o compromisso do Governo de Minas com a excel\u00eancia\u201d, afirma a assessora de Pol\u00edticas para Lideran\u00e7as da Seplag-MG, Luciana Silva Cust\u00f3dio.<\/p>\n<p><strong>Sele\u00e7\u00e3o PDL Subsecret\u00e1rios e Superintendentes<\/strong><\/p>\n<p>Tamb\u00e9m foram divulgados os resultados dos processos de sele\u00e7\u00e3o para as vagas remanescentes do PDL \u2013 Subsecret\u00e1rios e do PDL \u2013 Superintendentes para 2025. Os programas buscam aprimorar as compet\u00eancias gerenciais tratadas no \u00e2mbito do Transforma Minas, al\u00e9m de acompanhar o desempenho das entregas pactuadas pelas lideran\u00e7as participantes.<\/p>\n<p>Para as vagas destinadas aos titulares de segundo n\u00edvel hier\u00e1rquico \u2013 subsecret\u00e1rios, foram selecionadas 16 lideran\u00e7as de dez \u00f3rg\u00e3os. No total, 19 \u00f3rg\u00e3os inscreveram 39 gestores. J\u00e1 para o PDL Superintendentes ou cargos equivalentes, foram escolhidos dez titulares de sete \u00f3rg\u00e3os, entre 14 \u00f3rg\u00e3os com 43 inscri\u00e7\u00f5es.<\/p>\n<p>Os selecionados participar\u00e3o ao longo do ano de diversas a\u00e7\u00f5es, como capacita\u00e7\u00f5es, encontros presenciais e elabora\u00e7\u00e3o de plano de entrega.<\/p>\n<p><a href=\"https:\/\/www.mg.gov.br\/transforma-minas\/pagina\/resultado-dos-processos-de-selecao-pdl-2025\" target=\"_blank\" rel=\"noopener\">Confira aqui<\/a>\u00a0os resultados da sele\u00e7\u00e3o PDL.<\/p>\n<p>Fonte: Ag\u00eancia Minas<\/p>\n<\/div>\n<p><\/main><\/p>\n","protected":false},"excerpt":{"rendered":"<p>O Programa de Desenvolvimento de Lideran\u00e7as (PDL) do\u00a0Transforma Minas\u00a0iniciou uma nova modalidade de forma\u00e7\u00e3o em 2025. O PDL \u2013 RH \u00e9 destinado \u00e0s lideran\u00e7as titulares das unidades formais que comp\u00f5em as \u00e1reas de Recursos Humanos centrais e setoriais do\u00a0Governo de Minas. A iniciativa \u00e9 da\u00a0Secretaria de Estado de Planejamento e Gest\u00e3o (Seplag-MG), em parceria com [&hellip;]<\/p>\n","protected":false},"author":246,"featured_media":226856,"comment_status":"closed","ping_status":"closed","sticky":false,"template":"","format":"standard","meta":{"footnotes":""},"categories":[436,440,261,254,439],"tags":[],"class_list":["post-226855","post","type-post","status-publish","format-standard","has-post-thumbnail","hentry","category-destaque-da-semana","category-destaques-do-dia","category-economia","category-politica","category-ultima-hora"],"_links":{"self":[{"href":"https:\/\/diarioregionaldigital.com.br\/index.php?rest_route=\/wp\/v2\/posts\/226855","targetHints":{"allow":["GET"]}}],"collection":[{"href":"https:\/\/diarioregionaldigital.com.br\/index.php?rest_route=\/wp\/v2\/posts"}],"about":[{"href":"https:\/\/diarioregionaldigital.com.br\/index.php?rest_route=\/wp\/v2\/types\/post"}],"author":[{"embeddable":true,"href":"https:\/\/diarioregionaldigital.com.br\/index.php?rest_route=\/wp\/v2\/users\/246"}],"replies":[{"embeddable":true,"href":"https:\/\/diarioregionaldigital.com.br\/index.php?rest_route=%2Fwp%2Fv2%2Fcomments&post=226855"}],"version-history":[{"count":1,"href":"https:\/\/diarioregionaldigital.com.br\/index.php?rest_route=\/wp\/v2\/posts\/226855\/revisions"}],"predecessor-version":[{"id":226857,"href":"https:\/\/diarioregionaldigital.com.br\/index.php?rest_route=\/wp\/v2\/posts\/226855\/revisions\/226857"}],"wp:featuredmedia":[{"embeddable":true,"href":"https:\/\/diarioregionaldigital.com.br\/index.php?rest_route=\/wp\/v2\/media\/226856"}],"wp:attachment":[{"href":"https:\/\/diarioregionaldigital.com.br\/index.php?rest_route=%2Fwp%2Fv2%2Fmedia&parent=226855"}],"wp:term":[{"taxonomy":"category","embeddable":true,"href":"https:\/\/diarioregionaldigital.com.br\/index.php?rest_route=%2Fwp%2Fv2%2Fcategories&post=226855"},{"taxonomy":"post_tag","embeddable":true,"href":"https:\/\/diarioregionaldigital.com.br\/index.php?rest_route=%2Fwp%2Fv2%2Ftags&post=226855"}],"curies":[{"name":"wp","href":"https:\/\/api.w.org\/{rel}","templated":true}]}}