{"id":226852,"date":"2025-02-14T16:37:19","date_gmt":"2025-02-14T19:37:19","guid":{"rendered":"https:\/\/diarioregionaldigital.com.br\/?p=226852"},"modified":"2025-02-14T16:37:19","modified_gmt":"2025-02-14T19:37:19","slug":"dicas-de-prevencao-contra-o-aedes-aegypti-no-carnaval","status":"publish","type":"post","link":"https:\/\/diarioregionaldigital.com.br\/?p=226852","title":{"rendered":"Dicas de preven\u00e7\u00e3o contra o Aedes aegypti no Carnaval"},"content":{"rendered":"<p>Segundo informa\u00e7\u00f5es do site da Prefeitura de Juiz de Fora (PJF), o\u00a0combate \u00e0s doen\u00e7as causadas pelo Aedes aegypti continua durante o Carnaval. Atitudes simples fazem grande diferen\u00e7a para evitar a presen\u00e7a do mosquito e, dessa forma, prevenir doen\u00e7as como dengue, zika e chikungunya. Uma das formas mais eficazes de se proteger contra essas doen\u00e7as \u00e9 adotando estrat\u00e9gias como as de prote\u00e7\u00e3o individual, e para isso, alguns cuidados s\u00e3o indispens\u00e1veis. Durante as festividades, a Secretaria de Sa\u00fade (SS) da Prefeitura de Juiz de Fora (PJF) refor\u00e7a algumas orienta\u00e7\u00f5es.<\/p>\n<p><strong>Prote\u00e7\u00e3o individual<\/strong><\/p>\n<p>Al\u00e9m de eliminar os focos de \u00e1gua parada, \u00e9 importante proteger o corpo contra as picadas do mosquito. O uso de repelente \u00e9 essencial para evitar picadas em \u00e1reas expostas do corpo. Vestir roupas claras e compridas, principalmente em hor\u00e1rios de maior atividade do mosquito, tamb\u00e9m ajuda a reduzir o risco de picadas. A instala\u00e7\u00e3o de telas em janelas e portas impede a entrada dos mosquitos nas resid\u00eancias, e o uso de mosquiteiros em camas aumenta a prote\u00e7\u00e3o, especialmente para beb\u00eas e pessoas mais vulner\u00e1veis.<\/p>\n<p><strong>Elimina\u00e7\u00e3o de focos de \u00e1gua parada<\/strong><\/p>\n<p>A reprodu\u00e7\u00e3o do Aedes aegypti acontece em \u00e1gua parada, dessa forma, \u00e9 fundamental eliminar qualquer recipiente que possa acumular \u00e1gua. Alguns exemplos incluem virar garrafas e baldes com a boca para baixo, limpar regularmente vasos de plantas, tampar caixas d&#8217;\u00e1gua, tratar a \u00e1gua de piscinas, colocar telas em ralos e limpar outros reservat\u00f3rios como bebedouros de animais e bandejas de ar-condicionado.<\/p>\n<p><strong>Cuidados com o ambiente<\/strong><\/p>\n<p>Manter terrenos limpos, evitando o ac\u00famulo de lixo e entulho, contribui para a preven\u00e7\u00e3o da prolifera\u00e7\u00e3o do mosquito. \u00c9 importante colaborar com a limpeza urbana, comunicando \u00e0 Prefeitura a exist\u00eancia de locais com \u00e1gua parada ou lixo acumulado.<\/p>\n<p>A popula\u00e7\u00e3o tamb\u00e9m possui um papel fundamental no combate \u00e0s arboviroses. Al\u00e9m de participar ativamente na preven\u00e7\u00e3o recebendo os Agentes de Combate \u00e0s Endemias em suas resid\u00eancias, \u00e9 poss\u00edvel realizar den\u00fancias an\u00f4nimas sobre focos do Aedes aegypti em Juiz de Fora e regi\u00e3o.<br \/>\nPara denunciar, a popula\u00e7\u00e3o tem \u00e0 disposi\u00e7\u00e3o o\u00a0<a href=\"https:\/\/jfcontraoaedes.pjf.mg.gov.br\/\">sistema JF Contra o Aedes<\/a>, acess\u00edvel em qualquer navegador de smartphones, tablets, notebooks e computadores. Neste sistema, \u00e9 poss\u00edvel registrar den\u00fancias de locais de criadouros do mosquito. Outras formas de den\u00fancia incluem o contato via WhatsApp, atrav\u00e9s do n\u00famero (32) 98432-4608, ou por e-mail, no endere\u00e7o dengue@pjf.mg.gov.br. A popula\u00e7\u00e3o tamb\u00e9m pode se dirigir a qualquer um dos postos do Departamento de Informa\u00e7\u00e3o Geral e Atendimento (DIGA) para realizar den\u00fancias.<\/p>\n<p>Ao seguir essas recomenda\u00e7\u00f5es a popula\u00e7\u00e3o contribui para a prote\u00e7\u00e3o coletiva, evitando a prolifera\u00e7\u00e3o do Aedes aegypti e a transmiss\u00e3o de doen\u00e7as. A preven\u00e7\u00e3o \u00e9 a melhor forma de combater o mosquito e garantir um ambiente mais saud\u00e1vel para todas e todos.<\/p>\n","protected":false},"excerpt":{"rendered":"<p>Segundo informa\u00e7\u00f5es do site da Prefeitura de Juiz de Fora (PJF), o\u00a0combate \u00e0s doen\u00e7as causadas pelo Aedes aegypti continua durante o Carnaval. Atitudes simples fazem grande diferen\u00e7a para evitar a presen\u00e7a do mosquito e, dessa forma, prevenir doen\u00e7as como dengue, zika e chikungunya. Uma das formas mais eficazes de se proteger contra essas doen\u00e7as \u00e9 [&hellip;]<\/p>\n","protected":false},"author":246,"featured_media":226853,"comment_status":"closed","ping_status":"closed","sticky":false,"template":"","format":"standard","meta":{"footnotes":""},"categories":[253,436,439],"tags":[],"class_list":["post-226852","post","type-post","status-publish","format-standard","has-post-thumbnail","hentry","category-cidade","category-destaque-da-semana","category-ultima-hora"],"_links":{"self":[{"href":"https:\/\/diarioregionaldigital.com.br\/index.php?rest_route=\/wp\/v2\/posts\/226852","targetHints":{"allow":["GET"]}}],"collection":[{"href":"https:\/\/diarioregionaldigital.com.br\/index.php?rest_route=\/wp\/v2\/posts"}],"about":[{"href":"https:\/\/diarioregionaldigital.com.br\/index.php?rest_route=\/wp\/v2\/types\/post"}],"author":[{"embeddable":true,"href":"https:\/\/diarioregionaldigital.com.br\/index.php?rest_route=\/wp\/v2\/users\/246"}],"replies":[{"embeddable":true,"href":"https:\/\/diarioregionaldigital.com.br\/index.php?rest_route=%2Fwp%2Fv2%2Fcomments&post=226852"}],"version-history":[{"count":1,"href":"https:\/\/diarioregionaldigital.com.br\/index.php?rest_route=\/wp\/v2\/posts\/226852\/revisions"}],"predecessor-version":[{"id":226854,"href":"https:\/\/diarioregionaldigital.com.br\/index.php?rest_route=\/wp\/v2\/posts\/226852\/revisions\/226854"}],"wp:featuredmedia":[{"embeddable":true,"href":"https:\/\/diarioregionaldigital.com.br\/index.php?rest_route=\/wp\/v2\/media\/226853"}],"wp:attachment":[{"href":"https:\/\/diarioregionaldigital.com.br\/index.php?rest_route=%2Fwp%2Fv2%2Fmedia&parent=226852"}],"wp:term":[{"taxonomy":"category","embeddable":true,"href":"https:\/\/diarioregionaldigital.com.br\/index.php?rest_route=%2Fwp%2Fv2%2Fcategories&post=226852"},{"taxonomy":"post_tag","embeddable":true,"href":"https:\/\/diarioregionaldigital.com.br\/index.php?rest_route=%2Fwp%2Fv2%2Ftags&post=226852"}],"curies":[{"name":"wp","href":"https:\/\/api.w.org\/{rel}","templated":true}]}}