{"id":226849,"date":"2025-02-14T16:36:22","date_gmt":"2025-02-14T19:36:22","guid":{"rendered":"https:\/\/diarioregionaldigital.com.br\/?p=226849"},"modified":"2025-02-14T16:36:22","modified_gmt":"2025-02-14T19:36:22","slug":"cesama-divulga-calendario-de-substituicao-de-hidrometros-para-a-proxima-semana","status":"publish","type":"post","link":"https:\/\/diarioregionaldigital.com.br\/?p=226849","title":{"rendered":"Cesama divulga calend\u00e1rio de substitui\u00e7\u00e3o de hidr\u00f4metros para a pr\u00f3xima semana"},"content":{"rendered":"<p>Segundo informa\u00e7\u00f5es do site da Prefeitura de Juiz de Fora (PJF), a Companhia de Saneamento Municipal (Cesama) j\u00e1 tem definida a rota de substitui\u00e7\u00e3o de hidr\u00f4metros de im\u00f3veis residenciais e comerciais prevista para a pr\u00f3xima semana. De acordo com o cronograma estabelecido pela companhia, os trabalhos, que ser\u00e3o realizados entre os dias 17 e 22, v\u00e3o contemplar as regi\u00f5es Centro e Sul da cidade.<\/p>\n<p>Trata-se de um servi\u00e7o gratuito ao usu\u00e1rio, visando a garantir uma medi\u00e7\u00e3o mais precisa no consumo mensal e uma cobran\u00e7a justa nas contas de \u00e1gua.<\/p>\n<p>Segundo a Cesama, durante a semana, as equipes v\u00e3o percorrer as chamadas regi\u00f5es 1, 2, 3 e 4, denominadas conforme mapa da companhia. Cada uma delas abrange os seguintes bairros e localidades:<\/p>\n<p><strong>Regi\u00e3o 1 &#8211; Centro<\/strong><br \/>\nBom Pastor, Centro, Granbery, Jardim Gloria, Mariano Proc\u00f3pio, Po\u00e7o rico, Santa Catarina, Santa Helena, Morro da Gl\u00f3ria, Vale do Ip\u00ea, Democrata, Jrdim S\u00e3o Jo\u00e3o e Resid\u00eancia<\/p>\n<p><strong>Regi\u00e3o 02 &#8211; Centro<\/strong><br \/>\nBoa Vista, Centro, Dom Bosco, Jardim Gl\u00f3ria, Mundo Novo, Paineiras, Passos, Santa Cec\u00edlia, Santa Helena, S\u00e3o Mateus, Dom Caetano e Vale dos Pinheiros<\/p>\n<p><strong>Regi\u00e3o 03 \u2013 Sul<\/strong><br \/>\nS\u00e3o Mateus, Dom Bosco, Teixeiras, Jardim Li\u00fa, Cascatinha, Jardim Bela Aurora, Ipiranga, Vila Kennedy e Estrela Sul<\/p>\n<p><strong>Regi\u00e3o 04 &#8211; Sul<\/strong><br \/>\nCascatinha, Cidade Nova, Estrela Sul, Ipiranga, Jardim Am\u00e9rica, Jardim da Saudade, Jardim de Al\u00e1, Jardim Ga\u00facho, Jardim Umuarama, Loteamento Alta Vista, Loteamento Arco \u00cdris, Residencial Santa Lola, Previdenci\u00e1rios, Renascen\u00e7a, Santa Efig\u00eania, Santa Luzia, Sagrado Cora\u00e7\u00e3o de Jesus, S\u00e3o Geraldo, Terra Nostra, Vila da Aclima\u00e7\u00e3o e Vale Verde.<\/p>\n<p>A substitui\u00e7\u00e3o de hidr\u00f4metros segue um cronograma definido pela Cesama, dividindo Juiz de Fora em 20 regi\u00f5es previamente mapeadas. Diariamente, s\u00e3o trocados cerca de 200 hidr\u00f4metros. O trabalho acontece em sintonia com outros setores da empresa, de modo a n\u00e3o prejudicar os prazos da leitura dos hidr\u00f4metros. Isso pode fazer, por exemplo, com que uma determinada regi\u00e3o n\u00e3o tenha todas as trocas realizadas de uma s\u00f3 vez.<\/p>\n","protected":false},"excerpt":{"rendered":"<p>Segundo informa\u00e7\u00f5es do site da Prefeitura de Juiz de Fora (PJF), a Companhia de Saneamento Municipal (Cesama) j\u00e1 tem definida a rota de substitui\u00e7\u00e3o de hidr\u00f4metros de im\u00f3veis residenciais e comerciais prevista para a pr\u00f3xima semana. De acordo com o cronograma estabelecido pela companhia, os trabalhos, que ser\u00e3o realizados entre os dias 17 e 22, [&hellip;]<\/p>\n","protected":false},"author":246,"featured_media":226850,"comment_status":"closed","ping_status":"closed","sticky":false,"template":"","format":"standard","meta":{"footnotes":""},"categories":[253,436,439],"tags":[],"class_list":["post-226849","post","type-post","status-publish","format-standard","has-post-thumbnail","hentry","category-cidade","category-destaque-da-semana","category-ultima-hora"],"_links":{"self":[{"href":"https:\/\/diarioregionaldigital.com.br\/index.php?rest_route=\/wp\/v2\/posts\/226849","targetHints":{"allow":["GET"]}}],"collection":[{"href":"https:\/\/diarioregionaldigital.com.br\/index.php?rest_route=\/wp\/v2\/posts"}],"about":[{"href":"https:\/\/diarioregionaldigital.com.br\/index.php?rest_route=\/wp\/v2\/types\/post"}],"author":[{"embeddable":true,"href":"https:\/\/diarioregionaldigital.com.br\/index.php?rest_route=\/wp\/v2\/users\/246"}],"replies":[{"embeddable":true,"href":"https:\/\/diarioregionaldigital.com.br\/index.php?rest_route=%2Fwp%2Fv2%2Fcomments&post=226849"}],"version-history":[{"count":1,"href":"https:\/\/diarioregionaldigital.com.br\/index.php?rest_route=\/wp\/v2\/posts\/226849\/revisions"}],"predecessor-version":[{"id":226851,"href":"https:\/\/diarioregionaldigital.com.br\/index.php?rest_route=\/wp\/v2\/posts\/226849\/revisions\/226851"}],"wp:featuredmedia":[{"embeddable":true,"href":"https:\/\/diarioregionaldigital.com.br\/index.php?rest_route=\/wp\/v2\/media\/226850"}],"wp:attachment":[{"href":"https:\/\/diarioregionaldigital.com.br\/index.php?rest_route=%2Fwp%2Fv2%2Fmedia&parent=226849"}],"wp:term":[{"taxonomy":"category","embeddable":true,"href":"https:\/\/diarioregionaldigital.com.br\/index.php?rest_route=%2Fwp%2Fv2%2Fcategories&post=226849"},{"taxonomy":"post_tag","embeddable":true,"href":"https:\/\/diarioregionaldigital.com.br\/index.php?rest_route=%2Fwp%2Fv2%2Ftags&post=226849"}],"curies":[{"name":"wp","href":"https:\/\/api.w.org\/{rel}","templated":true}]}}