{"id":226843,"date":"2025-02-14T16:33:37","date_gmt":"2025-02-14T19:33:37","guid":{"rendered":"https:\/\/diarioregionaldigital.com.br\/?p=226843"},"modified":"2025-02-14T16:33:37","modified_gmt":"2025-02-14T19:33:37","slug":"sul-americano-sub-20-brasil-arranca-empate-com-a-argentina","status":"publish","type":"post","link":"https:\/\/diarioregionaldigital.com.br\/?p=226843","title":{"rendered":"Sul-Americano Sub-20: Brasil arranca empate com a Argentina"},"content":{"rendered":"<p>O Brasil arrancou um empate de 1 a 1 com a Argentina, nesta quinta-feira (13) no Est\u00e1dio Br\u00edgido Iriarte, em Caracas (Venezuela), e permanece com chances de conquistar o t\u00edtulo da edi\u00e7\u00e3o 2025 do Sul-Americano Sub-20.<img decoding=\"async\" src=\"https:\/\/agenciabrasil.ebc.com.br\/ebc.png?id=1630352&amp;o=node\" \/><img decoding=\"async\" src=\"https:\/\/agenciabrasil.ebc.com.br\/ebc.gif?id=1630352&amp;o=node\" \/><\/p>\n<p>Com este resultado a equipe comandada pelo t\u00e9cnico Ramon Menezes lutar\u00e1 pelo t\u00edtulo da competi\u00e7\u00e3o no pr\u00f3ximo domingo (16), quando medir\u00e1 for\u00e7as com o Chile. E apenas a Argentina (que tem os mesmos 10 pontos da equipe canarinho no hexagonal final) tem a possibilidade de tomar o caneco dos brasileiros. Os Hermanos enfrentam o Paraguai na rodada final.<\/p>\n<p>De qualquer forma, a sele\u00e7\u00e3o brasileira j\u00e1 cumpriu a sua primeira miss\u00e3o no Sul-Americano: garantiu a presen\u00e7a no pr\u00f3ximo Mundial da categoria, que ser\u00e1 disputado entre os dias 27 de setembro e 19 de outubro no Chile.<\/p>\n<h2>O jogo<\/h2>\n<p>O primeiro tempo foi todo da Argentina, que comandou as a\u00e7\u00f5es, n\u00e3o deu muitos espa\u00e7os para o Brasil e abriu o placar em cobran\u00e7a de p\u00eanalti de Echeverri aos 40 minutos.<\/p>\n<p>Por\u00e9m, ap\u00f3s o intervalo a sele\u00e7\u00e3o brasileira se superou e conseguiu arrancar o empate. Aos 32 minutos da etapa final o lateral Igor Serrote lan\u00e7ou Rayan, que partiu em velocidade e s\u00f3 parou na \u00e1rea, onde bateu com categoria para superar o goleiro Martinet.<\/p>\n<p>Fonte: Ag\u00eancia Brasil<\/p>\n","protected":false},"excerpt":{"rendered":"<p>O Brasil arrancou um empate de 1 a 1 com a Argentina, nesta quinta-feira (13) no Est\u00e1dio Br\u00edgido Iriarte, em Caracas (Venezuela), e permanece com chances de conquistar o t\u00edtulo da edi\u00e7\u00e3o 2025 do Sul-Americano Sub-20. Com este resultado a equipe comandada pelo t\u00e9cnico Ramon Menezes lutar\u00e1 pelo t\u00edtulo da competi\u00e7\u00e3o no pr\u00f3ximo domingo (16), [&hellip;]<\/p>\n","protected":false},"author":246,"featured_media":226844,"comment_status":"closed","ping_status":"closed","sticky":false,"template":"","format":"standard","meta":{"footnotes":""},"categories":[436,440,257,439],"tags":[],"class_list":["post-226843","post","type-post","status-publish","format-standard","has-post-thumbnail","hentry","category-destaque-da-semana","category-destaques-do-dia","category-esporte","category-ultima-hora"],"_links":{"self":[{"href":"https:\/\/diarioregionaldigital.com.br\/index.php?rest_route=\/wp\/v2\/posts\/226843","targetHints":{"allow":["GET"]}}],"collection":[{"href":"https:\/\/diarioregionaldigital.com.br\/index.php?rest_route=\/wp\/v2\/posts"}],"about":[{"href":"https:\/\/diarioregionaldigital.com.br\/index.php?rest_route=\/wp\/v2\/types\/post"}],"author":[{"embeddable":true,"href":"https:\/\/diarioregionaldigital.com.br\/index.php?rest_route=\/wp\/v2\/users\/246"}],"replies":[{"embeddable":true,"href":"https:\/\/diarioregionaldigital.com.br\/index.php?rest_route=%2Fwp%2Fv2%2Fcomments&post=226843"}],"version-history":[{"count":1,"href":"https:\/\/diarioregionaldigital.com.br\/index.php?rest_route=\/wp\/v2\/posts\/226843\/revisions"}],"predecessor-version":[{"id":226845,"href":"https:\/\/diarioregionaldigital.com.br\/index.php?rest_route=\/wp\/v2\/posts\/226843\/revisions\/226845"}],"wp:featuredmedia":[{"embeddable":true,"href":"https:\/\/diarioregionaldigital.com.br\/index.php?rest_route=\/wp\/v2\/media\/226844"}],"wp:attachment":[{"href":"https:\/\/diarioregionaldigital.com.br\/index.php?rest_route=%2Fwp%2Fv2%2Fmedia&parent=226843"}],"wp:term":[{"taxonomy":"category","embeddable":true,"href":"https:\/\/diarioregionaldigital.com.br\/index.php?rest_route=%2Fwp%2Fv2%2Fcategories&post=226843"},{"taxonomy":"post_tag","embeddable":true,"href":"https:\/\/diarioregionaldigital.com.br\/index.php?rest_route=%2Fwp%2Fv2%2Ftags&post=226843"}],"curies":[{"name":"wp","href":"https:\/\/api.w.org\/{rel}","templated":true}]}}