{"id":226840,"date":"2025-02-14T16:31:00","date_gmt":"2025-02-14T19:31:00","guid":{"rendered":"https:\/\/diarioregionaldigital.com.br\/?p=226840"},"modified":"2025-02-14T16:31:00","modified_gmt":"2025-02-14T19:31:00","slug":"governo-de-minas-entrega-novos-helicopteros-para-resgate-aeromedico-e-de-emergencia-no-estado","status":"publish","type":"post","link":"https:\/\/diarioregionaldigital.com.br\/?p=226840","title":{"rendered":"Governo de Minas entrega novos helic\u00f3pteros para resgate aerom\u00e9dico e de emerg\u00eancia no estado"},"content":{"rendered":"<p>O governador Romeu Zema participou, nesta sexta-feira (14\/2), na base do Batalh\u00e3o de Opera\u00e7\u00f5es A\u00e9reas do\u00a0<a href=\"https:\/\/www.bombeiros.mg.gov.br\/\" target=\"_blank\" rel=\"noopener\">Corpo de Bombeiros Militar de Minas Gerais (CBMMG)<\/a>, em Belo Horizonte, da entrega de dois helic\u00f3pteros para refor\u00e7ar o atendimento aerom\u00e9dico e de emerg\u00eancia no estado.<\/p>\n<p>As aeronaves do modelo EC145-D3 foram adquiridas por R$ 164 milh\u00f5es (R$ 82 milh\u00f5es cada), com recursos do Fundo Estadual de Sa\u00fade (FES), e v\u00e3o fortalecer a capacidade de resposta em situa\u00e7\u00f5es de urg\u00eancia e emerg\u00eancia, garantindo mais agilidade no transporte de pacientes\u00a0e em opera\u00e7\u00f5es de resgate e salvamento, por meio do Suporte A\u00e9reo Avan\u00e7ado de Vida (Saav).<\/p>\n<p>O Saav \u00e9\u00a0resultado da parceria entre\u00a0<a href=\"https:\/\/www.saude.mg.gov.br\/\" target=\"_blank\" rel=\"noopener\">Secretaria de Estado de Sa\u00fade de Minas Gerais (SES-MG)<\/a>, CBMMG e Servi\u00e7o de Atendimento M\u00f3vel de Urg\u00eancia (Samu). A SES-MG \u00e9 respons\u00e1vel pela aquisi\u00e7\u00e3o e manuten\u00e7\u00e3o das aeronaves, enquanto o CBMMG fornece pilotos, copilotos e operadores aerot\u00e1ticos especializados em salvamento, garantindo a seguran\u00e7a e efici\u00eancia das opera\u00e7\u00f5es.<\/p>\n<p>Ao lado do secret\u00e1rio de Estado de Sa\u00fade, F\u00e1bio Baccheretti, e da comandante-geral do Corpo de Bombeiros, coronel Jordana de Oliveira Filgueiras Daldegan, o governador de Minas Gerais destacou o compromisso do Estado ao levar a sa\u00fade para todos os mineiros.<\/p>\n<table border=\"0\" cellspacing=\"1\" cellpadding=\"1\" align=\"center\">\n<tbody>\n<tr>\n<td colspan=\"5\"><img decoding=\"async\" src=\"https:\/\/www.agenciaminas.mg.gov.br\/ckeditor_assets\/pictures\/20949\/content_2_olho_topo.jpg\" alt=\"\" \/><\/td>\n<\/tr>\n<tr>\n<td><\/td>\n<td colspan=\"3\" rowspan=\"3\">\n<h1><strong>&#8220;Esses helic\u00f3pteros v\u00e3o permitir mais agilidade no atendimento e transporte dos pacientes. S\u00e3o poucos minutos que fazem toda a diferen\u00e7a para uma vida. O que temos feito \u00e9 levar o Samu para o interior pois, antigamente, as pessoas dependiam muito da capital&#8221;, declarou Romeu Zema.<\/strong><\/h1>\n<\/td>\n<td><\/td>\n<\/tr>\n<tr>\n<td><\/td>\n<td><\/td>\n<\/tr>\n<tr>\n<td><\/td>\n<td><\/td>\n<\/tr>\n<tr>\n<td colspan=\"5\"><img decoding=\"async\" src=\"https:\/\/www.agenciaminas.mg.gov.br\/ckeditor_assets\/pictures\/20950\/content_2_olho_inferior.jpg\" alt=\"\" \/><\/td>\n<\/tr>\n<\/tbody>\n<\/table>\n<p>\u201cO\u00a0<a href=\"https:\/\/www.mg.gov.br\/\" target=\"_blank\" rel=\"noopener\">Governo de Minas<\/a>\u00a0est\u00e1 atuando muito para que isso n\u00e3o aconte\u00e7a mais e os mineiros possam ter um atendimento em suas cidades, ou evitando muito deslocamento\u201d, explicou o governador.<\/p>\n<p>Minas Gerais \u00e9 o maior prestador de servi\u00e7o aerom\u00e9dico do Sistema \u00danico de Sa\u00fade (SUS) no Brasil. A escolha das bases de opera\u00e7\u00e3o do Saav leva em conta diversos fatores estrat\u00e9gicos, como a infraestrutura aeroportu\u00e1ria, a presen\u00e7a de batalh\u00f5es do CBMMG, a densidade populacional e a distribui\u00e7\u00e3o geogr\u00e1fica do estado, garantindo que o servi\u00e7o beneficie o maior n\u00famero poss\u00edvel de mineiros.<\/p>\n<table border=\"0\" cellspacing=\"1\" cellpadding=\"1\" align=\"center\">\n<tbody>\n<tr>\n<td colspan=\"5\"><img decoding=\"async\" src=\"https:\/\/www.agenciaminas.mg.gov.br\/ckeditor_assets\/pictures\/20949\/content_2_olho_topo.jpg\" alt=\"\" \/><\/td>\n<\/tr>\n<tr>\n<td><\/td>\n<td colspan=\"3\" rowspan=\"3\">\n<h1><strong>&#8220;Hoje \u00e9 uma vit\u00f3ria para n\u00f3s, resultado de um trabalho de excel\u00eancia feito em prol do nosso bem mais vitorioso: a vida. Por isso, agrade\u00e7o ao governador Romeu Zema\u00a0por acreditar no nosso trabalho&#8221;, afirmou a coronel Jordana de Oliveira Filgueiras Daldegan.<\/strong><\/h1>\n<\/td>\n<td><\/td>\n<\/tr>\n<tr>\n<td><\/td>\n<td><\/td>\n<\/tr>\n<tr>\n<td><\/td>\n<td><\/td>\n<\/tr>\n<tr>\n<td colspan=\"5\"><img decoding=\"async\" src=\"https:\/\/www.agenciaminas.mg.gov.br\/ckeditor_assets\/pictures\/20950\/content_2_olho_inferior.jpg\" alt=\"\" \/><\/td>\n<\/tr>\n<\/tbody>\n<\/table>\n<p>O secret\u00e1rio de Sa\u00fade lembrou que o refor\u00e7o no servi\u00e7o aerom\u00e9dico se insere na estrat\u00e9gia do Estado do alcance da cobertura do Samu, alavancado em Minas desde 2019.<\/p>\n<table border=\"0\" cellspacing=\"1\" cellpadding=\"1\" align=\"center\">\n<tbody>\n<tr>\n<td colspan=\"5\"><img decoding=\"async\" src=\"https:\/\/www.agenciaminas.mg.gov.br\/ckeditor_assets\/pictures\/20949\/content_2_olho_topo.jpg\" alt=\"\" \/><\/td>\n<\/tr>\n<tr>\n<td><\/td>\n<td colspan=\"3\" rowspan=\"3\">\n<h1><strong>&#8220;A entrega dos helic\u00f3pteros hoje faz parte do projeto do governador de levar o Samu para qualquer regi\u00e3o do estado. Quando o governador chegou, Minas Gerais tinha 50% de cobertura. O objetivo \u00e9 que,\u00a0neste ano, Minas tenha 100% de cobertura do Samu terrestre. Isso \u00e9 hist\u00f3rico para o nosso estado&#8221;, ressaltou F\u00e1bio Baccheretti.<\/strong><\/h1>\n<\/td>\n<td><\/td>\n<\/tr>\n<tr>\n<td><\/td>\n<td><\/td>\n<\/tr>\n<tr>\n<td><\/td>\n<td><\/td>\n<\/tr>\n<tr>\n<td colspan=\"5\"><img decoding=\"async\" src=\"https:\/\/www.agenciaminas.mg.gov.br\/ckeditor_assets\/pictures\/20950\/content_2_olho_inferior.jpg\" alt=\"\" \/><\/td>\n<\/tr>\n<\/tbody>\n<\/table>\n<p><strong>Amplia\u00e7\u00e3o da cobertura e renova\u00e7\u00e3o da frota<\/strong><\/p>\n<p>Seguindo o planejamento estrat\u00e9gico para distribui\u00e7\u00e3o e operacionaliza\u00e7\u00e3o das aeronaves, um dos helic\u00f3pteros entrar\u00e1 em opera\u00e7\u00e3o imediata na base do Saav em Varginha, no Sul de Minas, enquanto o outro ser\u00e1 utilizado para treinamentos da tripula\u00e7\u00e3o at\u00e9 meados de 2025, quando passar\u00e1 a operar em Belo Horizonte.<\/p>\n<p>A previs\u00e3o \u00e9 que, at\u00e9 o final do ano, todas as cinco novas aeronaves adquiridas pelo Estado estejam distribu\u00eddas entre as bases j\u00e1 existentes do Saav no interior, localizadas em Uberaba, Montes Claros e Varginha, e operacionalizem duas novas bases, em Juiz de Fora e Governador Valadares.<\/p>\n<p>Com essas duas novas bases, a cobertura no estado chegar\u00e1 a 100% para resgate aerom\u00e9dico e de emerg\u00eancia.<\/p>\n<p>Essas aeronaves do Saav realizam atendimentos pr\u00e9-hospitalares, transfer\u00eancias inter-hospitalares via SUS F\u00e1cil, transporte de \u00f3rg\u00e3os e tecidos para transplantes, resgates em \u00e1reas de dif\u00edcil acesso e apoio \u00e0s for\u00e7as estaduais de sa\u00fade. O servi\u00e7o atende a toda a popula\u00e7\u00e3o mineira.<\/p>\n<p>Com a chegada dos novos helic\u00f3pteros, a frota do Saav passa a contar com oito aeronaves, sendo seis helic\u00f3pteros e dois avi\u00f5es. Esse incremento possibilita a substitui\u00e7\u00e3o dos modelos mais antigos e a amplia\u00e7\u00e3o da cobertura do servi\u00e7o aerom\u00e9dico no estado.<\/p>\n<p>Fonte: Ag\u00eancia Minas<\/p>\n","protected":false},"excerpt":{"rendered":"<p>O governador Romeu Zema participou, nesta sexta-feira (14\/2), na base do Batalh\u00e3o de Opera\u00e7\u00f5es A\u00e9reas do\u00a0Corpo de Bombeiros Militar de Minas Gerais (CBMMG), em Belo Horizonte, da entrega de dois helic\u00f3pteros para refor\u00e7ar o atendimento aerom\u00e9dico e de emerg\u00eancia no estado. As aeronaves do modelo EC145-D3 foram adquiridas por R$ 164 milh\u00f5es (R$ 82 milh\u00f5es [&hellip;]<\/p>\n","protected":false},"author":246,"featured_media":226841,"comment_status":"closed","ping_status":"closed","sticky":false,"template":"","format":"standard","meta":{"footnotes":""},"categories":[436,254,439],"tags":[],"class_list":["post-226840","post","type-post","status-publish","format-standard","has-post-thumbnail","hentry","category-destaque-da-semana","category-politica","category-ultima-hora"],"_links":{"self":[{"href":"https:\/\/diarioregionaldigital.com.br\/index.php?rest_route=\/wp\/v2\/posts\/226840","targetHints":{"allow":["GET"]}}],"collection":[{"href":"https:\/\/diarioregionaldigital.com.br\/index.php?rest_route=\/wp\/v2\/posts"}],"about":[{"href":"https:\/\/diarioregionaldigital.com.br\/index.php?rest_route=\/wp\/v2\/types\/post"}],"author":[{"embeddable":true,"href":"https:\/\/diarioregionaldigital.com.br\/index.php?rest_route=\/wp\/v2\/users\/246"}],"replies":[{"embeddable":true,"href":"https:\/\/diarioregionaldigital.com.br\/index.php?rest_route=%2Fwp%2Fv2%2Fcomments&post=226840"}],"version-history":[{"count":1,"href":"https:\/\/diarioregionaldigital.com.br\/index.php?rest_route=\/wp\/v2\/posts\/226840\/revisions"}],"predecessor-version":[{"id":226842,"href":"https:\/\/diarioregionaldigital.com.br\/index.php?rest_route=\/wp\/v2\/posts\/226840\/revisions\/226842"}],"wp:featuredmedia":[{"embeddable":true,"href":"https:\/\/diarioregionaldigital.com.br\/index.php?rest_route=\/wp\/v2\/media\/226841"}],"wp:attachment":[{"href":"https:\/\/diarioregionaldigital.com.br\/index.php?rest_route=%2Fwp%2Fv2%2Fmedia&parent=226840"}],"wp:term":[{"taxonomy":"category","embeddable":true,"href":"https:\/\/diarioregionaldigital.com.br\/index.php?rest_route=%2Fwp%2Fv2%2Fcategories&post=226840"},{"taxonomy":"post_tag","embeddable":true,"href":"https:\/\/diarioregionaldigital.com.br\/index.php?rest_route=%2Fwp%2Fv2%2Ftags&post=226840"}],"curies":[{"name":"wp","href":"https:\/\/api.w.org\/{rel}","templated":true}]}}