{"id":226834,"date":"2025-02-14T16:29:19","date_gmt":"2025-02-14T19:29:19","guid":{"rendered":"https:\/\/diarioregionaldigital.com.br\/?p=226834"},"modified":"2025-02-14T16:29:19","modified_gmt":"2025-02-14T19:29:19","slug":"vice-governador-destaca-relacao-institucional-durante-encontro-com-conselheiros-de-tribunais-de-contas-de-todas-as-regioes-do-pais","status":"publish","type":"post","link":"https:\/\/diarioregionaldigital.com.br\/?p=226834","title":{"rendered":"Vice-governador destaca rela\u00e7\u00e3o institucional durante encontro com conselheiros de Tribunais de Contas de todas as regi\u00f5es do pa\u00eds"},"content":{"rendered":"<p>O vice-governador Professor Mateus participou, nesta sexta-feira (14\/2), no Pal\u00e1cio da Liberdade, em Belo Horizonte, de encontro com conselheiros de Tribunais de Contas do Estado (TCEs) representando todas as regi\u00f5es do Brasil. Dentre eles, estava o rec\u00e9m empossado presidente do TCE-MG, Durval \u00c2ngelo.<\/p>\n<p>Estiveram presentes na reuni\u00e3o conselheiros dos TCEs de outros oito estados estados: Rond\u00f4nia, Bahia, Sergipe, Rio Grande do Sul, Espirito Santo, S\u00e3o Paulo, Acre e Cear\u00e1. Al\u00e9m do vice-governador, tamb\u00e9m participaram secret\u00e1rios e outras autoridades do Estado de Minas Gerais.<\/p>\n<p>Ao lembrar da import\u00e2ncia dos Tribunais de Contas para a transpar\u00eancia e controle das pol\u00edticas p\u00fablicas, o vice-governador destacou a rela\u00e7\u00e3o harmoniosa e de di\u00e1logo que existe entre as institui\u00e7\u00f5es mineiras.<\/p>\n<p>\u201cPara o\u00a0<a href=\"https:\/\/www.mg.gov.br\/\" target=\"_blank\" rel=\"noopener\">Governo de Minas<\/a>, \u00e9 motivo de muita honra receber os conselheiros do Brasil inteiro, no momento em que homenageamos a elei\u00e7\u00e3o e posse do presidente Durval \u00c2ngelo no Tribunal de Contas de Minas\u201d, disse.<\/p>\n<table border=\"0\" cellspacing=\"1\" cellpadding=\"1\" align=\"center\">\n<tbody>\n<tr>\n<td colspan=\"5\"><img decoding=\"async\" src=\"https:\/\/www.agenciaminas.mg.gov.br\/ckeditor_assets\/pictures\/20949\/content_2_olho_topo.jpg\" alt=\"\" \/><\/td>\n<\/tr>\n<tr>\n<td><\/td>\n<td colspan=\"3\" rowspan=\"3\">\n<h1><strong>&#8220;N\u00f3s valorizamos muito essa rela\u00e7\u00e3o de proximidade institucional, e o Governo do Estado \u00e9 muito grato ao papel que o TCE-MG tem desempenhado ao longo dos \u00faltimos anos na condu\u00e7\u00e3o de uma pol\u00edtica p\u00fablica melhor, com gastos mais eficientes e mais respons\u00e1veis&#8221;, destacou Professor Mateus.<\/strong><\/h1>\n<\/td>\n<td><\/td>\n<\/tr>\n<tr>\n<td><\/td>\n<td><\/td>\n<\/tr>\n<tr>\n<td><\/td>\n<td><\/td>\n<\/tr>\n<tr>\n<td colspan=\"5\"><img decoding=\"async\" src=\"https:\/\/www.agenciaminas.mg.gov.br\/ckeditor_assets\/pictures\/20950\/content_2_olho_inferior.jpg\" alt=\"\" \/><\/td>\n<\/tr>\n<\/tbody>\n<\/table>\n<p>Por sua vez, o presidente do Tribunal de Contas do Estado de Minas Gerais, Durval \u00c2ngelo, lembrou da parceria entre o TCE-MG e o Governo de Minas.<\/p>\n<p>\u201cFizemos quest\u00e3o do encontro com o vice-governador para agradecer pelo trabalho institucional conjunto entre o Tribunal de Contas de Minas Gerais e o Governo do Estado. Tivemos v\u00e1rias quest\u00f5es de busca, consenso, concilia\u00e7\u00e3o\u201d, disse.<\/p>\n<p><strong>Alinhamento<\/strong><\/p>\n<p>A partir do di\u00e1logo e conviv\u00eancia harmoniosa, as institui\u00e7\u00f5es conseguem avan\u00e7ar em pautas de interesse do Estado, como \u00e9 o caso da aprova\u00e7\u00e3o e ades\u00e3o do Programa de Pleno Pagamento de D\u00edvidas dos Estados (Propag).<\/p>\n<p>\u201cA rela\u00e7\u00e3o institucional em Minas \u00e9 muito positiva. As palavras do presidente Durval sobre o Propag s\u00e3o completamente alinhadas com a minha vis\u00e3o e a do governo. O Propag reduz juros, alonga prazo, \u00e9 melhor para n\u00f3s. Mas a d\u00edvida nos machuca muito, pois nos impede de investir mais em sa\u00fade, educa\u00e7\u00e3o, seguran\u00e7a e infraestrutura\u201d, pontuou Professor Mateus.<\/p>\n<p>Fonte: Ag\u00eancia Minas<\/p>\n","protected":false},"excerpt":{"rendered":"<p>O vice-governador Professor Mateus participou, nesta sexta-feira (14\/2), no Pal\u00e1cio da Liberdade, em Belo Horizonte, de encontro com conselheiros de Tribunais de Contas do Estado (TCEs) representando todas as regi\u00f5es do Brasil. Dentre eles, estava o rec\u00e9m empossado presidente do TCE-MG, Durval \u00c2ngelo. Estiveram presentes na reuni\u00e3o conselheiros dos TCEs de outros oito estados estados: [&hellip;]<\/p>\n","protected":false},"author":246,"featured_media":226835,"comment_status":"closed","ping_status":"closed","sticky":false,"template":"","format":"standard","meta":{"footnotes":""},"categories":[436,440,261,254,439],"tags":[],"class_list":["post-226834","post","type-post","status-publish","format-standard","has-post-thumbnail","hentry","category-destaque-da-semana","category-destaques-do-dia","category-economia","category-politica","category-ultima-hora"],"_links":{"self":[{"href":"https:\/\/diarioregionaldigital.com.br\/index.php?rest_route=\/wp\/v2\/posts\/226834","targetHints":{"allow":["GET"]}}],"collection":[{"href":"https:\/\/diarioregionaldigital.com.br\/index.php?rest_route=\/wp\/v2\/posts"}],"about":[{"href":"https:\/\/diarioregionaldigital.com.br\/index.php?rest_route=\/wp\/v2\/types\/post"}],"author":[{"embeddable":true,"href":"https:\/\/diarioregionaldigital.com.br\/index.php?rest_route=\/wp\/v2\/users\/246"}],"replies":[{"embeddable":true,"href":"https:\/\/diarioregionaldigital.com.br\/index.php?rest_route=%2Fwp%2Fv2%2Fcomments&post=226834"}],"version-history":[{"count":1,"href":"https:\/\/diarioregionaldigital.com.br\/index.php?rest_route=\/wp\/v2\/posts\/226834\/revisions"}],"predecessor-version":[{"id":226836,"href":"https:\/\/diarioregionaldigital.com.br\/index.php?rest_route=\/wp\/v2\/posts\/226834\/revisions\/226836"}],"wp:featuredmedia":[{"embeddable":true,"href":"https:\/\/diarioregionaldigital.com.br\/index.php?rest_route=\/wp\/v2\/media\/226835"}],"wp:attachment":[{"href":"https:\/\/diarioregionaldigital.com.br\/index.php?rest_route=%2Fwp%2Fv2%2Fmedia&parent=226834"}],"wp:term":[{"taxonomy":"category","embeddable":true,"href":"https:\/\/diarioregionaldigital.com.br\/index.php?rest_route=%2Fwp%2Fv2%2Fcategories&post=226834"},{"taxonomy":"post_tag","embeddable":true,"href":"https:\/\/diarioregionaldigital.com.br\/index.php?rest_route=%2Fwp%2Fv2%2Ftags&post=226834"}],"curies":[{"name":"wp","href":"https:\/\/api.w.org\/{rel}","templated":true}]}}