{"id":226828,"date":"2025-02-13T19:59:55","date_gmt":"2025-02-13T22:59:55","guid":{"rendered":"https:\/\/diarioregionaldigital.com.br\/?p=226828"},"modified":"2025-02-13T19:59:55","modified_gmt":"2025-02-13T22:59:55","slug":"sesuc-e-centro-pop-reforcam-inclusao-de-populacao-em-situacao-de-rua","status":"publish","type":"post","link":"https:\/\/diarioregionaldigital.com.br\/?p=226828","title":{"rendered":"Sesuc e Centro Pop refor\u00e7am inclus\u00e3o de popula\u00e7\u00e3o em situa\u00e7\u00e3o de rua"},"content":{"rendered":"<p>Segundo informa\u00e7\u00f5es do site da Prefeitura de Juiz de Fora (PJF), nesta quinta-feira,13, a Secretaria de Seguran\u00e7a Urbana e Cidadania (Sesuc) recebeu grupo de pessoas assistidas pelo Centro Pop, localizado nas proximidades da unidade na Avenida Sete de Setembro, no bairro Costa Carvalho, para a retomada das atividades esportivas desenvolvidas nas depend\u00eancias da secretaria. A parceria est\u00e1 em funcionamento desde o primeiro ano da atual gest\u00e3o municipal e reestreou a temporada 2025 com uma partida de futebol, marcando gols no placar da inclus\u00e3o social.<\/p>\n<p>Cerca de 20 pessoas t\u00eam lugar garantido para bater uma bola, duas vezes por semana. Na quadra coberta existente na sede da Sesuc, os jovens em situa\u00e7\u00e3o de rua, que frequentam o Centro POP, acessam espa\u00e7o para pr\u00e1ticas esportivas, otimizando o uso do equipamento p\u00fablico, em nome do\u00a0exerc\u00edcio da cidadania.<\/p>\n<p>Abrir o espa\u00e7o para pessoas em situa\u00e7\u00e3o de rua reafirma a m\u00e1xima de que os espa\u00e7os p\u00fablicos s\u00e3o para todos e todas. As atividades externas complementam as demais oficinas oferecidas\u00a0diariamente pela Secretaria de Assist\u00eancia Social (SAS), no Centro Pop, \u00e0s pessoas vinculadas ao servi\u00e7o. O futebol se soma como uma oportunidade de intera\u00e7\u00e3o e atividade f\u00edsica.<\/p>\n<p>O Centro Pop mant\u00e9m atendimento especializado \u00e0 popula\u00e7\u00e3o em situa\u00e7\u00e3o de rua. O trabalho ocorre com a oferta de programas, projetos e servi\u00e7os socioassistenciais de car\u00e1ter especializado, contribuindo para a prote\u00e7\u00e3o social de pessoas em situa\u00e7\u00e3o de rua.<\/p>\n<p>O espa\u00e7o tamb\u00e9m oferece orienta\u00e7\u00e3o para acesso \u00e0 documenta\u00e7\u00e3o pessoal, cuidados de higiene, vestu\u00e1rio e alimenta\u00e7\u00e3o, encaminhamento para servi\u00e7os destinados ao atendimento da popula\u00e7\u00e3o em situa\u00e7\u00e3o de rua, identifica\u00e7\u00e3o para encaminhamento a programas de transfer\u00eancia de renda, promo\u00e7\u00e3o de acesso \u00e0 rede de qualifica\u00e7\u00e3o e requalifica\u00e7\u00e3o profissional.<\/p>\n<p>Toda pessoa em situa\u00e7\u00e3o de rua pode buscar pelo atendimento no Centro Pop, que funciona na Av. Sete de Setembro, 1491, no bairro Costa Carvalho, das 7h30 \u00e0s 18h. Contato pelo telefone 32 3690-7102.<\/p>\n","protected":false},"excerpt":{"rendered":"<p>Segundo informa\u00e7\u00f5es do site da Prefeitura de Juiz de Fora (PJF), nesta quinta-feira,13, a Secretaria de Seguran\u00e7a Urbana e Cidadania (Sesuc) recebeu grupo de pessoas assistidas pelo Centro Pop, localizado nas proximidades da unidade na Avenida Sete de Setembro, no bairro Costa Carvalho, para a retomada das atividades esportivas desenvolvidas nas depend\u00eancias da secretaria. A [&hellip;]<\/p>\n","protected":false},"author":246,"featured_media":226829,"comment_status":"closed","ping_status":"closed","sticky":false,"template":"","format":"standard","meta":{"footnotes":""},"categories":[253,436,257,439],"tags":[],"class_list":["post-226828","post","type-post","status-publish","format-standard","has-post-thumbnail","hentry","category-cidade","category-destaque-da-semana","category-esporte","category-ultima-hora"],"_links":{"self":[{"href":"https:\/\/diarioregionaldigital.com.br\/index.php?rest_route=\/wp\/v2\/posts\/226828","targetHints":{"allow":["GET"]}}],"collection":[{"href":"https:\/\/diarioregionaldigital.com.br\/index.php?rest_route=\/wp\/v2\/posts"}],"about":[{"href":"https:\/\/diarioregionaldigital.com.br\/index.php?rest_route=\/wp\/v2\/types\/post"}],"author":[{"embeddable":true,"href":"https:\/\/diarioregionaldigital.com.br\/index.php?rest_route=\/wp\/v2\/users\/246"}],"replies":[{"embeddable":true,"href":"https:\/\/diarioregionaldigital.com.br\/index.php?rest_route=%2Fwp%2Fv2%2Fcomments&post=226828"}],"version-history":[{"count":1,"href":"https:\/\/diarioregionaldigital.com.br\/index.php?rest_route=\/wp\/v2\/posts\/226828\/revisions"}],"predecessor-version":[{"id":226830,"href":"https:\/\/diarioregionaldigital.com.br\/index.php?rest_route=\/wp\/v2\/posts\/226828\/revisions\/226830"}],"wp:featuredmedia":[{"embeddable":true,"href":"https:\/\/diarioregionaldigital.com.br\/index.php?rest_route=\/wp\/v2\/media\/226829"}],"wp:attachment":[{"href":"https:\/\/diarioregionaldigital.com.br\/index.php?rest_route=%2Fwp%2Fv2%2Fmedia&parent=226828"}],"wp:term":[{"taxonomy":"category","embeddable":true,"href":"https:\/\/diarioregionaldigital.com.br\/index.php?rest_route=%2Fwp%2Fv2%2Fcategories&post=226828"},{"taxonomy":"post_tag","embeddable":true,"href":"https:\/\/diarioregionaldigital.com.br\/index.php?rest_route=%2Fwp%2Fv2%2Ftags&post=226828"}],"curies":[{"name":"wp","href":"https:\/\/api.w.org\/{rel}","templated":true}]}}