{"id":226825,"date":"2025-02-13T19:59:02","date_gmt":"2025-02-13T22:59:02","guid":{"rendered":"https:\/\/diarioregionaldigital.com.br\/?p=226825"},"modified":"2025-02-13T19:59:02","modified_gmt":"2025-02-13T22:59:02","slug":"recicle-educacao-ambiental-realiza-primeira-oficina-do-ano","status":"publish","type":"post","link":"https:\/\/diarioregionaldigital.com.br\/?p=226825","title":{"rendered":"\u201cRECICLE: Educa\u00e7\u00e3o Ambiental\u201d realiza primeira oficina do ano"},"content":{"rendered":"<p>Segundo informa\u00e7\u00f5es do site da Prefeitura de Juiz de Fora (PJF), a PJF promoveu nesta ter\u00e7a-feira, 11, a primeira oficina do ano do \u201cRECICLE: Educa\u00e7\u00e3o Ambiental\u201d, no Parque da Lajinha. O projeto \u00e9 uma parceria entre a Secretaria de Meio Ambiente e Mudan\u00e7as Clim\u00e1ticas, a Secretaria de Educa\u00e7\u00e3o, o Departamento Municipal de Limpeza Urbana (Demlurb) e a Universidade Federal de Juiz de Fora (UFJF).<\/p>\n<p>Durante o evento, foram apresentados os resultados do primeiro ciclo do projeto e o planejamento para as atividades deste ano. Al\u00e9m disso, foi feita uma din\u00e2mica de intera\u00e7\u00e3o entre os representantes das institui\u00e7\u00f5es de ensino que fazem parte do projeto. Em 2025, a iniciativa contempla 24 escolas da rede municipal de ensino.\u00a0 \u201cSabemos que as crian\u00e7as s\u00e3o grandes vetores de informa\u00e7\u00f5es, pois elas levam o que aprendem na escola para as suas casas\u201d, ressalta a diretora geral do Demlurb, Franciane Pav\u00e3o.<\/p>\n<p>O RECICLE objetiva a cria\u00e7\u00e3o de uma cidadania ecopol\u00edtica, a partir de reflex\u00f5es sobre reciclagem, consumo consciente e sustentabilidade. A secret\u00e1ria de Meio Ambiente, Aline Junqueira, ressalta que o projeto proporciona uma aprendizagem significativa para a comunidade escolar, e tamb\u00e9m para as fam\u00edlias. \u201c\u00c9 legal a gente ver a mudan\u00e7a de comportamento nas escolas porque \u00e9 fundamental que o trabalho feito nas oficinas crie uma cultura de responsabilidade compartilhada\u201d, diz.<\/p>\n<p>As turmas do ensino fundamental s\u00e3o estimuladas a desenvolverem consci\u00eancia ambiental, a fim de promover mudan\u00e7as positivas para a constru\u00e7\u00e3o de uma sociedade melhor. O coordenador do projeto, Samuel Castro, reitera o papel da educa\u00e7\u00e3o ambiental na transforma\u00e7\u00e3o do mundo em que vivemos. \u201cN\u00f3s trabalhamos de forma assertiva, entendendo as particularidades de cada local, para obter resultados que possam subsidiar pol\u00edticas p\u00fablicas\u201d, afirma. O projeto \u00e9 viabilizado atrav\u00e9s de emendas parlamentares da vereadora Laiz Perrut.<\/p>\n<div><\/div>\n","protected":false},"excerpt":{"rendered":"<p>Segundo informa\u00e7\u00f5es do site da Prefeitura de Juiz de Fora (PJF), a PJF promoveu nesta ter\u00e7a-feira, 11, a primeira oficina do ano do \u201cRECICLE: Educa\u00e7\u00e3o Ambiental\u201d, no Parque da Lajinha. O projeto \u00e9 uma parceria entre a Secretaria de Meio Ambiente e Mudan\u00e7as Clim\u00e1ticas, a Secretaria de Educa\u00e7\u00e3o, o Departamento Municipal de Limpeza Urbana (Demlurb) [&hellip;]<\/p>\n","protected":false},"author":246,"featured_media":226826,"comment_status":"closed","ping_status":"closed","sticky":false,"template":"","format":"standard","meta":{"footnotes":""},"categories":[253,436,439],"tags":[],"class_list":["post-226825","post","type-post","status-publish","format-standard","has-post-thumbnail","hentry","category-cidade","category-destaque-da-semana","category-ultima-hora"],"_links":{"self":[{"href":"https:\/\/diarioregionaldigital.com.br\/index.php?rest_route=\/wp\/v2\/posts\/226825","targetHints":{"allow":["GET"]}}],"collection":[{"href":"https:\/\/diarioregionaldigital.com.br\/index.php?rest_route=\/wp\/v2\/posts"}],"about":[{"href":"https:\/\/diarioregionaldigital.com.br\/index.php?rest_route=\/wp\/v2\/types\/post"}],"author":[{"embeddable":true,"href":"https:\/\/diarioregionaldigital.com.br\/index.php?rest_route=\/wp\/v2\/users\/246"}],"replies":[{"embeddable":true,"href":"https:\/\/diarioregionaldigital.com.br\/index.php?rest_route=%2Fwp%2Fv2%2Fcomments&post=226825"}],"version-history":[{"count":1,"href":"https:\/\/diarioregionaldigital.com.br\/index.php?rest_route=\/wp\/v2\/posts\/226825\/revisions"}],"predecessor-version":[{"id":226827,"href":"https:\/\/diarioregionaldigital.com.br\/index.php?rest_route=\/wp\/v2\/posts\/226825\/revisions\/226827"}],"wp:featuredmedia":[{"embeddable":true,"href":"https:\/\/diarioregionaldigital.com.br\/index.php?rest_route=\/wp\/v2\/media\/226826"}],"wp:attachment":[{"href":"https:\/\/diarioregionaldigital.com.br\/index.php?rest_route=%2Fwp%2Fv2%2Fmedia&parent=226825"}],"wp:term":[{"taxonomy":"category","embeddable":true,"href":"https:\/\/diarioregionaldigital.com.br\/index.php?rest_route=%2Fwp%2Fv2%2Fcategories&post=226825"},{"taxonomy":"post_tag","embeddable":true,"href":"https:\/\/diarioregionaldigital.com.br\/index.php?rest_route=%2Fwp%2Fv2%2Ftags&post=226825"}],"curies":[{"name":"wp","href":"https:\/\/api.w.org\/{rel}","templated":true}]}}