{"id":226822,"date":"2025-02-13T19:57:34","date_gmt":"2025-02-13T22:57:34","guid":{"rendered":"https:\/\/diarioregionaldigital.com.br\/?p=226822"},"modified":"2025-02-13T19:57:34","modified_gmt":"2025-02-13T22:57:34","slug":"o-1o-cineclube-da-praca-ceu-de-juiz-de-fora-acontece-neste-sabado-15","status":"publish","type":"post","link":"https:\/\/diarioregionaldigital.com.br\/?p=226822","title":{"rendered":"O 1\u00ba Cineclube da Pra\u00e7a CEU de Juiz de Fora acontece neste s\u00e1bado (15)"},"content":{"rendered":"<p>Segundo informa\u00e7\u00f5es do site da Prefeitura de Juiz de Fora (PJF), como forma de fomentar o audiovisual na cidade, neste s\u00e1bado (15), ser\u00e1 realizado o 1\u00ba Cineclube da Pra\u00e7a CEU, \u00e0s 14h, no Anfiteatro do equipamento p\u00fablico. Este evento tem como objetivo promover o audiovisual na Zona Norte de Juiz de Fora e contribuir para a forma\u00e7\u00e3o de um p\u00fablico apreciador da s\u00e9tima arte.<\/p>\n<p>Os cineclubes desempenham um papel fundamental na democratiza\u00e7\u00e3o do acesso \u00e0 cultura e ao cinema. Eles oferecem um espa\u00e7o de conviv\u00eancia e troca de ideias, onde os participantes podem assistir a filmes de diferentes g\u00eaneros e nacionalidades, seguidos de debates que enriquecem a experi\u00eancia cinematogr\u00e1fica. Al\u00e9m disso, o cineclube \u00e9 uma oportunidade para que cineastas locais possam exibir suas obras, promovendo a produ\u00e7\u00e3o audiovisual da regi\u00e3o.<\/p>\n<p>O evento \u00e9 gratuito e aberto ao p\u00fablico, com a condu\u00e7\u00e3o de articuladores culturais do espa\u00e7o. Para a primeira edi\u00e7\u00e3o, o filme exibido ser\u00e1 \u201cA Vida \u00e9 Bela\u201d, de Roberto Benigni, e os articuladores ser\u00e3o L\u00facio Rodrigues, de artes visuais, e a articuladora de m\u00fasica, Maril\u00facia Silva.<\/p>\n<p>&nbsp;<\/p>\n<p><strong>Outras informa\u00e7\u00f5es<\/strong><\/p>\n<p>&nbsp;<\/p>\n<p>(32) 3239-4095<\/p>\n<p>ceujf@gmail.com<\/p>\n","protected":false},"excerpt":{"rendered":"<p>Segundo informa\u00e7\u00f5es do site da Prefeitura de Juiz de Fora (PJF), como forma de fomentar o audiovisual na cidade, neste s\u00e1bado (15), ser\u00e1 realizado o 1\u00ba Cineclube da Pra\u00e7a CEU, \u00e0s 14h, no Anfiteatro do equipamento p\u00fablico. Este evento tem como objetivo promover o audiovisual na Zona Norte de Juiz de Fora e contribuir para [&hellip;]<\/p>\n","protected":false},"author":246,"featured_media":226823,"comment_status":"closed","ping_status":"closed","sticky":false,"template":"","format":"standard","meta":{"footnotes":""},"categories":[253,436,440,439],"tags":[],"class_list":["post-226822","post","type-post","status-publish","format-standard","has-post-thumbnail","hentry","category-cidade","category-destaque-da-semana","category-destaques-do-dia","category-ultima-hora"],"_links":{"self":[{"href":"https:\/\/diarioregionaldigital.com.br\/index.php?rest_route=\/wp\/v2\/posts\/226822","targetHints":{"allow":["GET"]}}],"collection":[{"href":"https:\/\/diarioregionaldigital.com.br\/index.php?rest_route=\/wp\/v2\/posts"}],"about":[{"href":"https:\/\/diarioregionaldigital.com.br\/index.php?rest_route=\/wp\/v2\/types\/post"}],"author":[{"embeddable":true,"href":"https:\/\/diarioregionaldigital.com.br\/index.php?rest_route=\/wp\/v2\/users\/246"}],"replies":[{"embeddable":true,"href":"https:\/\/diarioregionaldigital.com.br\/index.php?rest_route=%2Fwp%2Fv2%2Fcomments&post=226822"}],"version-history":[{"count":1,"href":"https:\/\/diarioregionaldigital.com.br\/index.php?rest_route=\/wp\/v2\/posts\/226822\/revisions"}],"predecessor-version":[{"id":226824,"href":"https:\/\/diarioregionaldigital.com.br\/index.php?rest_route=\/wp\/v2\/posts\/226822\/revisions\/226824"}],"wp:featuredmedia":[{"embeddable":true,"href":"https:\/\/diarioregionaldigital.com.br\/index.php?rest_route=\/wp\/v2\/media\/226823"}],"wp:attachment":[{"href":"https:\/\/diarioregionaldigital.com.br\/index.php?rest_route=%2Fwp%2Fv2%2Fmedia&parent=226822"}],"wp:term":[{"taxonomy":"category","embeddable":true,"href":"https:\/\/diarioregionaldigital.com.br\/index.php?rest_route=%2Fwp%2Fv2%2Fcategories&post=226822"},{"taxonomy":"post_tag","embeddable":true,"href":"https:\/\/diarioregionaldigital.com.br\/index.php?rest_route=%2Fwp%2Fv2%2Ftags&post=226822"}],"curies":[{"name":"wp","href":"https:\/\/api.w.org\/{rel}","templated":true}]}}