{"id":226801,"date":"2025-02-13T04:43:33","date_gmt":"2025-02-13T07:43:33","guid":{"rendered":"https:\/\/diarioregionaldigital.com.br\/?p=226801"},"modified":"2025-02-13T04:43:33","modified_gmt":"2025-02-13T07:43:33","slug":"dispensa-003-13-02-2025","status":"publish","type":"post","link":"https:\/\/diarioregionaldigital.com.br\/?p=226801","title":{"rendered":"DISPENSA 003 &#8211; 13\/02\/2025"},"content":{"rendered":"<p class=\"s4\"><span class=\"s5\"><span class=\"bumpedFont15\">AVISO DE LICITA\u00c7\u00c3O<\/span><\/span><\/p>\n<p class=\"s4\">\n<p class=\"s4\"><span class=\"s5\"><span class=\"bumpedFont15\">Processo L<\/span><\/span><span class=\"s5\"><span class=\"bumpedFont15\">icitat\u00f3rio<\/span><\/span><span class=\"s5\"><span class=\"bumpedFont15\"> n\u00b0 <\/span><\/span><span class=\"s5\"><span class=\"bumpedFont15\">0<\/span><\/span><span class=\"s5\"><span class=\"bumpedFont15\">13<\/span><\/span><span class=\"s5\"><span class=\"bumpedFont15\">\/202<\/span><\/span><span class=\"s5\"><span class=\"bumpedFont15\">5<\/span><\/span><\/p>\n<p class=\"s4\"><span class=\"s5\"><span class=\"bumpedFont15\">Moda<\/span><\/span><span class=\"s5\"><span class=\"bumpedFont15\">l<\/span><\/span><span class=\"s5\"><span class=\"bumpedFont15\">idade de Dispensa<\/span><\/span><span class=\"s5\"><span class=\"bumpedFont15\"> Presencial n\u00b0<\/span><\/span> <span class=\"s5\"><span class=\"bumpedFont15\">0<\/span><\/span><span class=\"s5\"><span class=\"bumpedFont15\">0<\/span><\/span><span class=\"s5\"><span class=\"bumpedFont15\">3<\/span><\/span><span class=\"s5\"><span class=\"bumpedFont15\">\/202<\/span><\/span><span class=\"s5\"><span class=\"bumpedFont15\">5<\/span><\/span><\/p>\n<p class=\"s4\">\n<p class=\"s8\"><span class=\"s6\"><span class=\"bumpedFont15\">O Munic\u00edpio de DESCOBERTO<\/span><\/span><span class=\"s6\"><span class=\"bumpedFont15\">-MG<\/span><\/span><span class=\"s6\"><span class=\"bumpedFont15\">, na forma da lei, faz saber a todos quantos o presente edital virem, ou dele conhecimento ti<\/span><\/span><span class=\"s6\"><span class=\"bumpedFont15\">ve<\/span><\/span><span class=\"s6\"><span class=\"bumpedFont15\">rem, que <\/span><\/span><span class=\"s6\"><span class=\"bumpedFont15\">a p<\/span><\/span><span class=\"s6\"><span class=\"bumpedFont15\">ar<\/span><\/span><span class=\"s6\"><span class=\"bumpedFont15\">tir das <\/span><\/span><span class=\"s6\"><span class=\"bumpedFont15\">13<\/span><\/span><span class=\"s6\"><span class=\"bumpedFont15\">:<\/span><\/span><span class=\"s6\"><span class=\"bumpedFont15\">3<\/span><\/span><span class=\"s6\"><span class=\"bumpedFont15\">0<\/span><\/span><span class=\"s6\"><span class=\"bumpedFont15\">h<\/span><\/span><span class=\"s6\"><span class=\"bumpedFont15\">do dia <\/span><\/span><span class=\"s6\"><span class=\"bumpedFont15\">1<\/span><\/span><span class=\"s6\"><span class=\"bumpedFont15\">8<\/span><\/span><span class=\"s6\"><span class=\"bumpedFont15\"> de <\/span><\/span><span class=\"s6\"><span class=\"bumpedFont15\">fevereiro <\/span><\/span><span class=\"s6\"><span class=\"bumpedFont15\">de 202<\/span><\/span><span class=\"s6\"><span class=\"bumpedFont15\">5<\/span><\/span><span class=\"s6\"><span class=\"bumpedFont15\">,<\/span><\/span><span class=\"s6\"><span class=\"bumpedFont15\"> na Prefeitura Municipal na sala da comiss\u00e3o de licita\u00e7\u00e3o, localizada na <\/span><\/span><span class=\"s6\"><span class=\"bumpedFont15\">R<\/span><\/span><span class=\"s6\"><span class=\"bumpedFont15\">ua <\/span><\/span><span class=\"s6\"><span class=\"bumpedFont15\">Capit\u00e3o Bas\u00edlio<\/span><\/span><span class=\"s6\"><span class=\"bumpedFont15\">, n\u00b0 39, <\/span><\/span><span class=\"s6\"><span class=\"bumpedFont15\">B<\/span><\/span><span class=\"s6\"><span class=\"bumpedFont15\">airro C<\/span><\/span><span class=\"s6\"><span class=\"bumpedFont15\">entro<\/span><\/span><span class=\"s6\"><span class=\"bumpedFont15\">, munic\u00edpio de DESCOBERTO, ser\u00e1 realizada licita\u00e7\u00e3o <\/span><\/span><span class=\"s6\"><span class=\"bumpedFont15\">na modalidade DISPENSA<\/span><\/span><span class=\"s6\"><span class=\"bumpedFont15\"> PRESEN<\/span><\/span><span class=\"s6\"><span class=\"bumpedFont15\">CI<\/span><\/span><span class=\"s6\"><span class=\"bumpedFont15\">AL, objeti<\/span><\/span><span class=\"s6\"><span class=\"bumpedFont15\">vando<\/span><\/span> <span class=\"s6\"><span class=\"bumpedFont15\">a<\/span><\/span> <span class=\"s6\"><span class=\"bumpedFont15\">Contrata\u00e7\u00e3o de <\/span><\/span><span class=\"s6\"><span class=\"bumpedFont15\">empresa para presta\u00e7\u00e3o de servi\u00e7os de consultoria para a\u00e7\u00f5es voltadas para o setor da cultura, turismo, gastronomia e agr\u00edcola no <\/span><\/span><span class=\"s6\"><span class=\"bumpedFont15\">munic\u00edpio de Descoberto, atendendo ao Departamento Municipal de Meio Ambiente, Saneamento e Agropecu\u00e1ria<\/span><\/span><span class=\"s6\"><span class=\"bumpedFont15\">, <\/span><\/span><span class=\"s6\"><span class=\"bumpedFont15\">tipo Menor Pre\u00e7o por<\/span><\/span><span class=\"s6\"><span class=\"bumpedFont15\"> I<\/span><\/span><span class=\"s6\"><span class=\"bumpedFont15\">TEM<\/span><\/span><span class=\"s6\"><span class=\"bumpedFont15\">, <\/span><\/span><span class=\"s6\"><span class=\"bumpedFont15\">conforme consta<\/span><\/span><span class=\"s6\"><span class=\"bumpedFont15\"> no edital qu<\/span><\/span><span class=\"s6\"><span class=\"bumpedFont15\">e<\/span><\/span><span class=\"s6\"><span class=\"bumpedFont15\"> se <\/span><\/span><span class=\"s6\"><span class=\"bumpedFont15\">e<\/span><\/span><span class=\"s6\"><span class=\"bumpedFont15\">ncontra <\/span><\/span><span class=\"s6\"><span class=\"bumpedFont15\">a disposi\u00e7\u00e3o de t<\/span><\/span><span class=\"s6\"><span class=\"bumpedFont15\">od<\/span><\/span><span class=\"s6\"><span class=\"bumpedFont15\">os <\/span><\/span><span class=\"s6\"><span class=\"bumpedFont15\">os int<\/span><\/span><span class=\"s6\"><span class=\"bumpedFont15\">eressados na Prefeitura Municipal, onde poder\u00e3o obt\u00ea-lo<\/span><\/span><span class=\"s6\"><span class=\"bumpedFont15\"> ou atrav\u00e9s do site<\/span><\/span> <a href=\"http:\/\/www.descoberto.mg.gov.br\/\"><span class=\"s7\"><span class=\"bumpedFont15\">http:\/\/www.descoberto.mg.go<\/span><\/span><span class=\"s7\"><span class=\"bumpedFont15\">v<\/span><\/span><span class=\"s7\"><span class=\"bumpedFont15\">.br<\/span><\/span><\/a><span class=\"s6\"><span class=\"bumpedFont15\">. Para conhecimento de <\/span><\/span><span class=\"s6\"><span class=\"bumpedFont15\">todos os interessados, <\/span><\/span><span class=\"s6\"><span class=\"bumpedFont15\">expediu-se o<\/span><\/span><span class=\"s6\"><span class=\"bumpedFont15\"> p<\/span><\/span><span class=\"s6\"><span class=\"bumpedFont15\">res<\/span><\/span><span class=\"s6\"><span class=\"bumpedFont15\">e<\/span><\/span><span class=\"s6\"><span class=\"bumpedFont15\">nte que ser\u00e1 afixado no lug<\/span><\/span><span class=\"s6\"><span class=\"bumpedFont15\">ar<\/span><\/span><span class=\"s6\"><span class=\"bumpedFont15\"> de costu<\/span><\/span><span class=\"s6\"><span class=\"bumpedFont15\">me, publicando-se na forma da lei. DESCOBERTO<\/span><\/span><span class=\"s6\"><span class=\"bumpedFont15\">-MG<\/span><\/span><span class=\"s6\"><span class=\"bumpedFont15\">, <\/span><\/span><span class=\"s6\"><span class=\"bumpedFont15\">1<\/span><\/span><span class=\"s6\"><span class=\"bumpedFont15\">2<\/span><\/span><span class=\"s6\"><span class=\"bumpedFont15\"> de <\/span><\/span><span class=\"s6\"><span class=\"bumpedFont15\">fevereiro<\/span><\/span><span class=\"s6\"><span class=\"bumpedFont15\"> de 202<\/span><\/span><span class=\"s6\"><span class=\"bumpedFont15\">5<\/span><\/span><span class=\"s6\"><span class=\"bumpedFont15\">.<\/span><\/span><\/p>\n<p class=\"s8\">\n<p class=\"s8\">\n<p class=\"s4\"><span class=\"s9\"><span class=\"bumpedFont15\">_______________________________________________________________<\/span><\/span><\/p>\n<p class=\"s4\"><span class=\"s9\"><span class=\"bumpedFont15\">Rua: Capit\u00e3o<\/span><\/span> <span class=\"s9\"><span class=\"bumpedFont15\">Bas\u00edlio n<\/span><\/span><span class=\"s9\"><span class=\"bumpedFont15\">\u00ba 39 &#8211; Centro &#8211; Descobe<\/span><\/span><span class=\"s9\"><span class=\"bumpedFont15\">r<\/span><\/span><span class=\"s9\"><span class=\"bumpedFont15\">to &#8211; MG &#8211; <\/span><\/span><span class=\"s9\"><span class=\"bumpedFont15\">Cep 36690-000<\/span><\/span><\/p>\n<p class=\"s4\"><span class=\"s9\"><span class=\"bumpedFont15\">Tele-fax (32)<\/span><\/span><span class=\"s9\"><span class=\"bumpedFont15\"> 3265-1<\/span><\/span><span class=\"s9\"><span class=\"bumpedFont15\">740 \u2013 e-mail: <\/span><\/span><span class=\"s9\"><span class=\"bumpedFont15\">licitaca<\/span><\/span><span class=\"s9\"><span class=\"bumpedFont15\">o@descoberto.mg.gov.br<\/span><\/span><\/p>\n","protected":false},"excerpt":{"rendered":"<p>AVISO DE LICITA\u00c7\u00c3O Processo Licitat\u00f3rio n\u00b0 013\/2025 Modalidade de Dispensa Presencial n\u00b0 003\/2025 O Munic\u00edpio de DESCOBERTO-MG, na forma da lei, faz saber a todos quantos o presente edital virem, ou dele conhecimento tiverem, que a partir das 13:30hdo dia 18 de fevereiro de 2025, na Prefeitura Municipal na sala da comiss\u00e3o de licita\u00e7\u00e3o, localizada [&hellip;]<\/p>\n","protected":false},"author":246,"featured_media":0,"comment_status":"closed","ping_status":"closed","sticky":false,"template":"","format":"standard","meta":{"footnotes":""},"categories":[307],"tags":[],"class_list":["post-226801","post","type-post","status-publish","format-standard","hentry","category-editais"],"_links":{"self":[{"href":"https:\/\/diarioregionaldigital.com.br\/index.php?rest_route=\/wp\/v2\/posts\/226801","targetHints":{"allow":["GET"]}}],"collection":[{"href":"https:\/\/diarioregionaldigital.com.br\/index.php?rest_route=\/wp\/v2\/posts"}],"about":[{"href":"https:\/\/diarioregionaldigital.com.br\/index.php?rest_route=\/wp\/v2\/types\/post"}],"author":[{"embeddable":true,"href":"https:\/\/diarioregionaldigital.com.br\/index.php?rest_route=\/wp\/v2\/users\/246"}],"replies":[{"embeddable":true,"href":"https:\/\/diarioregionaldigital.com.br\/index.php?rest_route=%2Fwp%2Fv2%2Fcomments&post=226801"}],"version-history":[{"count":1,"href":"https:\/\/diarioregionaldigital.com.br\/index.php?rest_route=\/wp\/v2\/posts\/226801\/revisions"}],"predecessor-version":[{"id":226802,"href":"https:\/\/diarioregionaldigital.com.br\/index.php?rest_route=\/wp\/v2\/posts\/226801\/revisions\/226802"}],"wp:attachment":[{"href":"https:\/\/diarioregionaldigital.com.br\/index.php?rest_route=%2Fwp%2Fv2%2Fmedia&parent=226801"}],"wp:term":[{"taxonomy":"category","embeddable":true,"href":"https:\/\/diarioregionaldigital.com.br\/index.php?rest_route=%2Fwp%2Fv2%2Fcategories&post=226801"},{"taxonomy":"post_tag","embeddable":true,"href":"https:\/\/diarioregionaldigital.com.br\/index.php?rest_route=%2Fwp%2Fv2%2Ftags&post=226801"}],"curies":[{"name":"wp","href":"https:\/\/api.w.org\/{rel}","templated":true}]}}