{"id":226799,"date":"2025-02-13T04:43:07","date_gmt":"2025-02-13T07:43:07","guid":{"rendered":"https:\/\/diarioregionaldigital.com.br\/?p=226799"},"modified":"2025-02-13T04:43:07","modified_gmt":"2025-02-13T07:43:07","slug":"pregao-eletronico-001-13-02-2025","status":"publish","type":"post","link":"https:\/\/diarioregionaldigital.com.br\/?p=226799","title":{"rendered":"PREG\u00c3O ELETR\u00d4NICO 001 &#8211; 13\/02\/2025"},"content":{"rendered":"<p class=\"s4\"><span class=\"s5\"><span class=\"bumpedFont15\">AVISO DE LICITA\u00c7\u00c3O<\/span><\/span><\/p>\n<p class=\"s4\">\n<p class=\"s4\"><span class=\"s6\"><span class=\"bumpedFont15\">Processo Licitat\u00f3rio<\/span><\/span><span class=\"s6\"><span class=\"bumpedFont15\"> n\u00b0 <\/span><\/span><span class=\"s6\"><span class=\"bumpedFont15\">0<\/span><\/span><span class=\"s6\"><span class=\"bumpedFont15\">15<\/span><\/span><span class=\"s6\"><span class=\"bumpedFont15\">\/202<\/span><\/span><span class=\"s6\"><span class=\"bumpedFont15\">5<\/span><\/span><\/p>\n<p class=\"s4\"><span class=\"s6\"><span class=\"bumpedFont15\">Moda<\/span><\/span><span class=\"s6\"><span class=\"bumpedFont15\">li<\/span><\/span><span class=\"s6\"><span class=\"bumpedFont15\">dade de Preg\u00e3o <\/span><\/span><span class=\"s6\"><span class=\"bumpedFont15\">Eletr\u00f4nico<\/span><\/span><span class=\"s6\"><span class=\"bumpedFont15\"> n\u00b0 <\/span><\/span><span class=\"s6\"><span class=\"bumpedFont15\">0<\/span><\/span><span class=\"s6\"><span class=\"bumpedFont15\">0<\/span><\/span><span class=\"s6\"><span class=\"bumpedFont15\">1<\/span><\/span><span class=\"s6\"><span class=\"bumpedFont15\">\/202<\/span><\/span><span class=\"s6\"><span class=\"bumpedFont15\">5<\/span><\/span><\/p>\n<p class=\"s4\">\n<p class=\"s12\"><span class=\"s7\"><span class=\"bumpedFont15\">O Munic\u00edpio de DESCOBERTO, na forma da lei, faz saber a todos quantos o presente edital virem, ou dele conhecimento tivere<\/span><\/span><span class=\"s7\"><span class=\"bumpedFont15\">m, que a pa<\/span><\/span><span class=\"s7\"><span class=\"bumpedFont15\">r<\/span><\/span><span class=\"s7\"><span class=\"bumpedFont15\">tir das <\/span><\/span><span class=\"s7\"><span class=\"bumpedFont15\">09<\/span><\/span><span class=\"s7\"><span class=\"bumpedFont15\">:<\/span><\/span><span class=\"s7\"><span class=\"bumpedFont15\">0<\/span><\/span><span class=\"s7\"><span class=\"bumpedFont15\">0h do dia <\/span><\/span><span class=\"s7\"><span class=\"bumpedFont15\">1<\/span><\/span><span class=\"s7\"><span class=\"bumpedFont15\">1<\/span><\/span><span class=\"s7\"><span class=\"bumpedFont15\"> de <\/span><\/span><span class=\"s7\"><span class=\"bumpedFont15\">mar\u00e7o<\/span><\/span><span class=\"s7\"><span class=\"bumpedFont15\"> de 202<\/span><\/span><span class=\"s7\"><span class=\"bumpedFont15\">5<\/span><\/span><span class=\"s7\"><span class=\"bumpedFont15\">, n<\/span><\/span><span class=\"s7\"><span class=\"bumpedFont15\">o Portal de Compras P\u00fa<\/span><\/span><span class=\"s7\"><span class=\"bumpedFont15\">blicas <\/span><\/span><span class=\"s7\"><span class=\"bumpedFont15\">(<\/span><\/span> <a href=\"http:\/\/www.portaldecompraspublicas.com.br\/\"><span class=\"s8\"><span class=\"bumpedFont15\">www.portaldecompraspublicas.com.br<\/span><\/span><\/a> <span class=\"s7\"><span class=\"bumpedFont15\">)<\/span><\/span><span class=\"s7\"><span class=\"bumpedFont15\">, ser\u00e1 realizada licita\u00e7\u00e3o <\/span><\/span><span class=\"s7\"><span class=\"bumpedFont15\">na modalidade <\/span><\/span><span class=\"s7\"><span class=\"bumpedFont15\">PREG\u00c3O <\/span><\/span><span class=\"s7\"><span class=\"bumpedFont15\">ELETR\u00d4NICO<\/span><\/span><span class=\"s7\"><span class=\"bumpedFont15\">,<\/span><\/span> <span class=\"s7\"><span class=\"bumpedFont15\">objetivando <\/span><\/span><span class=\"s7\"><span class=\"bumpedFont15\">o<\/span><\/span> <span class=\"s7\"><span class=\"bumpedFont15\">R<\/span><\/span><span class=\"s7\"><span class=\"bumpedFont15\">egistro d<\/span><\/span><span class=\"s7\"><span class=\"bumpedFont15\">e pre<\/span><\/span><span class=\"s7\"><span class=\"bumpedFont15\">\u00e7os, <\/span><\/span><span class=\"s7\"><span class=\"bumpedFont15\">pelo per\u00edodo de 12<\/span><\/span> <span class=\"s7\"><span class=\"bumpedFont15\">(doze)<\/span><\/span><span class=\"s7\"><span class=\"bumpedFont15\"> meses, <\/span><\/span><span class=\"s7\"><span class=\"bumpedFont15\">para<\/span><\/span> <span class=\"s7\"><span class=\"bumpedFont15\">contrata\u00e7\u00e3o de<\/span><\/span> <span class=\"s7\"><span class=\"bumpedFont15\">empresa <\/span><\/span><span class=\"s7\"><span class=\"bumpedFont15\">para o fornecimento de g\u00eaneros<\/span><\/span><span class=\"s7\"><span class=\"bumpedFont15\">aliment\u00edcios necess\u00e1rios para garantir a execu\u00e7\u00e3o do Programa Nacional de Alimen<\/span><\/span><span class=\"s7\"><span class=\"bumpedFont15\">ta\u00e7\u00e3o Escolar (PNAE)<\/span><\/span><span class=\"s7\"><span class=\"bumpedFont15\"> aos alunos pertencentes \u00e0 rede municipal de ensino do munic\u00edpio de Descoberto \u2013 MG, em Atendimen<\/span><\/span><span class=\"s7\"><span class=\"bumpedFont15\">to ao Departamento Municipal de Educa\u00e7\u00e3o<\/span><\/span><span class=\"s7\"><span class=\"bumpedFont15\">,<\/span><\/span> <span class=\"s7\"><span class=\"bumpedFont15\">tipo Menor Pre\u00e7o por Item<\/span><\/span><span class=\"s10\"><span class=\"bumpedFont15\">, <\/span><\/span><span class=\"s10\"><span class=\"bumpedFont15\">modo de disp<\/span><\/span><span class=\"s10\"><span class=\"bumpedFont15\">uta ab<\/span><\/span><span class=\"s10\"><span class=\"bumpedFont15\">erto, <\/span><\/span><span class=\"s10\"><span class=\"bumpedFont15\">conforme consta no edital que se encontr<\/span><\/span><span class=\"s10\"><span class=\"bumpedFont15\">a \u00a0a disposi\u00e7\u00e3o de todos \u00a0os interessados <\/span><\/span><span class=\"s10\"><span class=\"bumpedFont15\">no<\/span><\/span><span class=\"s10\"><span class=\"bumpedFont15\">s<\/span><\/span><span class=\"s10\"><span class=\"bumpedFont15\">site<\/span><\/span> <a href=\"http:\/\/www.descoberto.mg.gov.br\/\"><span class=\"s11\"><span class=\"bumpedFont15\">http:\/\/www.descoberto.mg.go<\/span><\/span><span class=\"s11\"><span class=\"bumpedFont15\">v<\/span><\/span><span class=\"s11\"><span class=\"bumpedFont15\">.br<\/span><\/span><\/a> <span class=\"s10\"><span class=\"bumpedFont15\">e<\/span><\/span><a href=\"http:\/\/www.portaldecompraspublicas.com.br\/\"><span class=\"s8\"><span class=\"bumpedFont15\">www.portaldecompra<\/span><\/span><span class=\"s8\"><span class=\"bumpedFont15\">spublicas.com.br<\/span><\/span><\/a><span class=\"s10\"><span class=\"bumpedFont15\">. <\/span><\/span><span class=\"s10\"><span class=\"bumpedFont15\">DESCOBERTO, <\/span><\/span><span class=\"s7\"><span class=\"bumpedFont15\">12<\/span><\/span><span class=\"s7\"><span class=\"bumpedFont15\"> de <\/span><\/span><span class=\"s7\"><span class=\"bumpedFont15\">fevereiro<\/span><\/span><span class=\"s7\"><span class=\"bumpedFont15\"> de 202<\/span><\/span><span class=\"s7\"><span class=\"bumpedFont15\">5<\/span><\/span><span class=\"s7\"><span class=\"bumpedFont15\">.<\/span><\/span><span class=\"s7\"><span class=\"bumpedFont15\"> Valcione Jorgina de Fari<\/span><\/span><span class=\"s7\"><span class=\"bumpedFont15\">a- Agente de Contrata\u00e7\u00e3o.<\/span><\/span><\/p>\n<p class=\"s12\">\n<p class=\"s12\">\n<p class=\"s4\"><span class=\"s13\"><span class=\"bumpedFont15\">______________________<\/span><\/span><span class=\"s13\"><span class=\"bumpedFont15\">_________________________________________<\/span><\/span><\/p>\n<p class=\"s4\"><span class=\"s13\"><span class=\"bumpedFont15\">Rua: Capit\u00e3o Bas\u00edlio n\u00ba 39<\/span><\/span> <span class=\"s13\"><span class=\"bumpedFont15\">&#8211;<\/span><\/span> <span class=\"s13\"><span class=\"bumpedFont15\">Centro &#8211; Descoberto &#8211; MG &#8211; Cep 36690-000<\/span><\/span><\/p>\n<p class=\"s4\"><span class=\"s13\"><span class=\"bumpedFont15\">Tele-fax (32)<\/span><\/span><span class=\"s13\"><span class=\"bumpedFont15\"> 3265-1<\/span><\/span><span class=\"s13\"><span class=\"bumpedFont15\">740 \u2013 e-mail: <\/span><\/span><span class=\"s13\"><span class=\"bumpedFont15\">licitaca<\/span><\/span><span class=\"s13\"><span class=\"bumpedFont15\">o@descoberto.mg.gov.br<\/span><\/span><\/p>\n","protected":false},"excerpt":{"rendered":"<p>AVISO DE LICITA\u00c7\u00c3O Processo Licitat\u00f3rio n\u00b0 015\/2025 Modalidade de Preg\u00e3o Eletr\u00f4nico n\u00b0 001\/2025 O Munic\u00edpio de DESCOBERTO, na forma da lei, faz saber a todos quantos o presente edital virem, ou dele conhecimento tiverem, que a partir das 09:00h do dia 11 de mar\u00e7o de 2025, no Portal de Compras P\u00fablicas ( www.portaldecompraspublicas.com.br ), ser\u00e1 [&hellip;]<\/p>\n","protected":false},"author":246,"featured_media":0,"comment_status":"closed","ping_status":"closed","sticky":false,"template":"","format":"standard","meta":{"footnotes":""},"categories":[307],"tags":[],"class_list":["post-226799","post","type-post","status-publish","format-standard","hentry","category-editais"],"_links":{"self":[{"href":"https:\/\/diarioregionaldigital.com.br\/index.php?rest_route=\/wp\/v2\/posts\/226799","targetHints":{"allow":["GET"]}}],"collection":[{"href":"https:\/\/diarioregionaldigital.com.br\/index.php?rest_route=\/wp\/v2\/posts"}],"about":[{"href":"https:\/\/diarioregionaldigital.com.br\/index.php?rest_route=\/wp\/v2\/types\/post"}],"author":[{"embeddable":true,"href":"https:\/\/diarioregionaldigital.com.br\/index.php?rest_route=\/wp\/v2\/users\/246"}],"replies":[{"embeddable":true,"href":"https:\/\/diarioregionaldigital.com.br\/index.php?rest_route=%2Fwp%2Fv2%2Fcomments&post=226799"}],"version-history":[{"count":1,"href":"https:\/\/diarioregionaldigital.com.br\/index.php?rest_route=\/wp\/v2\/posts\/226799\/revisions"}],"predecessor-version":[{"id":226800,"href":"https:\/\/diarioregionaldigital.com.br\/index.php?rest_route=\/wp\/v2\/posts\/226799\/revisions\/226800"}],"wp:attachment":[{"href":"https:\/\/diarioregionaldigital.com.br\/index.php?rest_route=%2Fwp%2Fv2%2Fmedia&parent=226799"}],"wp:term":[{"taxonomy":"category","embeddable":true,"href":"https:\/\/diarioregionaldigital.com.br\/index.php?rest_route=%2Fwp%2Fv2%2Fcategories&post=226799"},{"taxonomy":"post_tag","embeddable":true,"href":"https:\/\/diarioregionaldigital.com.br\/index.php?rest_route=%2Fwp%2Fv2%2Ftags&post=226799"}],"curies":[{"name":"wp","href":"https:\/\/api.w.org\/{rel}","templated":true}]}}