{"id":226795,"date":"2025-02-12T17:57:24","date_gmt":"2025-02-12T20:57:24","guid":{"rendered":"https:\/\/diarioregionaldigital.com.br\/?p=226795"},"modified":"2025-02-12T17:57:24","modified_gmt":"2025-02-12T20:57:24","slug":"mais-de-800-doses-sao-aplicadas-em-tres-edicoes-do-dia-d-de-vacinacao-contra-dengue","status":"publish","type":"post","link":"https:\/\/diarioregionaldigital.com.br\/?p=226795","title":{"rendered":"Mais de 800 doses s\u00e3o aplicadas em tr\u00eas edi\u00e7\u00f5es do dia D de vacina\u00e7\u00e3o contra dengue"},"content":{"rendered":"<p>Segundo informa\u00e7\u00f5es do site da Prefeitura de Juiz de Fora (PJF), a vacina\u00e7\u00e3o contra a dengue para crian\u00e7as e adolescentes de 10 a 14 anos, promovida pela Secretaria de Sa\u00fade (SS) da Prefeitura de Juiz de Fora (PJF) segue em andamento, com a realiza\u00e7\u00e3o de edi\u00e7\u00f5es do dia D aos s\u00e1bados e oferta do imunizante nas Unidades B\u00e1sicas de Sa\u00fade (UBS) durante a semana.<\/p>\n<div id=\"box_texto_noticia\">\n<p>As tr\u00eas edi\u00e7\u00f5es do Dia D de vacina\u00e7\u00e3o contra a dengue j\u00e1 realizadas somaram 828 doses aplicadas. A pr\u00f3xima e \u00faltima edi\u00e7\u00e3o do dia D ocorrer\u00e1 no s\u00e1bado, 15 de fevereiro, nos seguintes locais:<\/p>\n<ul>\n<li>Unidades B\u00e1sicas de Sa\u00fade (UBS): das 8h \u00e0s 11h.<\/li>\n<li>Departamento de Sa\u00fade da Mulher, Gestante, Crian\u00e7a e do Adolescente (DSMGCA): das 9h \u00e0s 13h.<\/li>\n<\/ul>\n<p>Al\u00e9m da vacina contra a dengue, a popula\u00e7\u00e3o geral poder\u00e1 aproveitar o Dia D para atualizar o cart\u00e3o de vacina\u00e7\u00e3o com outros imunizantes de rotina. A vacina contra a dengue tamb\u00e9m est\u00e1 dispon\u00edvel de segunda a sexta-feira em todas as UBSs do munic\u00edpio, a partir das 9h.<\/p>\n<p><strong>Sobre a vacina<\/strong><\/p>\n<p>A vacina contra a Dengue \u00e9 a Qdenga, um imunizante tetravalente produzido a partir do v\u00edrus vivo atenuado, ou seja, do micro-organismo infectado, mas enfraquecido. Essa condi\u00e7\u00e3o pode melhorar a resposta do sistema imunol\u00f3gico, funcionando de forma semelhante \u00e0 defesa do corpo humano nos casos de infec\u00e7\u00e3o pela dengue. O esquema vacinal da Qdenga \u00e9 composto por duas doses, com intervalo de 90 dias, ou 3 meses, entre cada uma.Quem j\u00e1 teve dengue tamb\u00e9m deve se vacinar para evitar novas infec\u00e7\u00f5es ou, em caso de cont\u00e1gio, sintomas mais leves. Al\u00e9m disso, nessas pessoas \u00e9 esperada uma resposta melhor ao imunizante. A recomenda\u00e7\u00e3o para quem teve dengue recentemente \u00e9 aguardar seis meses para tomar a vacina. Quem for diagnosticado com a doen\u00e7a no intervalo entre as doses deve manter o esquema vacinal, desde que o prazo n\u00e3o seja inferior a 30 dias em rela\u00e7\u00e3o ao in\u00edcio dos sintomas.<\/p>\n<\/div>\n<p>&nbsp;<\/p>\n","protected":false},"excerpt":{"rendered":"<p>Segundo informa\u00e7\u00f5es do site da Prefeitura de Juiz de Fora (PJF), a vacina\u00e7\u00e3o contra a dengue para crian\u00e7as e adolescentes de 10 a 14 anos, promovida pela Secretaria de Sa\u00fade (SS) da Prefeitura de Juiz de Fora (PJF) segue em andamento, com a realiza\u00e7\u00e3o de edi\u00e7\u00f5es do dia D aos s\u00e1bados e oferta do imunizante [&hellip;]<\/p>\n","protected":false},"author":246,"featured_media":226796,"comment_status":"closed","ping_status":"closed","sticky":false,"template":"","format":"standard","meta":{"footnotes":""},"categories":[253,436,439],"tags":[],"class_list":["post-226795","post","type-post","status-publish","format-standard","has-post-thumbnail","hentry","category-cidade","category-destaque-da-semana","category-ultima-hora"],"_links":{"self":[{"href":"https:\/\/diarioregionaldigital.com.br\/index.php?rest_route=\/wp\/v2\/posts\/226795","targetHints":{"allow":["GET"]}}],"collection":[{"href":"https:\/\/diarioregionaldigital.com.br\/index.php?rest_route=\/wp\/v2\/posts"}],"about":[{"href":"https:\/\/diarioregionaldigital.com.br\/index.php?rest_route=\/wp\/v2\/types\/post"}],"author":[{"embeddable":true,"href":"https:\/\/diarioregionaldigital.com.br\/index.php?rest_route=\/wp\/v2\/users\/246"}],"replies":[{"embeddable":true,"href":"https:\/\/diarioregionaldigital.com.br\/index.php?rest_route=%2Fwp%2Fv2%2Fcomments&post=226795"}],"version-history":[{"count":1,"href":"https:\/\/diarioregionaldigital.com.br\/index.php?rest_route=\/wp\/v2\/posts\/226795\/revisions"}],"predecessor-version":[{"id":226797,"href":"https:\/\/diarioregionaldigital.com.br\/index.php?rest_route=\/wp\/v2\/posts\/226795\/revisions\/226797"}],"wp:featuredmedia":[{"embeddable":true,"href":"https:\/\/diarioregionaldigital.com.br\/index.php?rest_route=\/wp\/v2\/media\/226796"}],"wp:attachment":[{"href":"https:\/\/diarioregionaldigital.com.br\/index.php?rest_route=%2Fwp%2Fv2%2Fmedia&parent=226795"}],"wp:term":[{"taxonomy":"category","embeddable":true,"href":"https:\/\/diarioregionaldigital.com.br\/index.php?rest_route=%2Fwp%2Fv2%2Fcategories&post=226795"},{"taxonomy":"post_tag","embeddable":true,"href":"https:\/\/diarioregionaldigital.com.br\/index.php?rest_route=%2Fwp%2Fv2%2Ftags&post=226795"}],"curies":[{"name":"wp","href":"https:\/\/api.w.org\/{rel}","templated":true}]}}