{"id":226792,"date":"2025-02-12T17:55:27","date_gmt":"2025-02-12T20:55:27","guid":{"rendered":"https:\/\/diarioregionaldigital.com.br\/?p=226792"},"modified":"2025-02-12T17:55:27","modified_gmt":"2025-02-12T20:55:27","slug":"pjf-tera-ponto-de-apoio-de-secretarias-especiais-na-praca-da-estacao","status":"publish","type":"post","link":"https:\/\/diarioregionaldigital.com.br\/?p=226792","title":{"rendered":"PJF ter\u00e1 ponto de apoio de secretarias especiais na Pra\u00e7a da Esta\u00e7\u00e3o"},"content":{"rendered":"<p>Segundo informa\u00e7\u00f5es do site da Prefeitura de Juiz de Fora (PJF), no pr\u00f3ximo s\u00e1bado (15), come\u00e7a a programa\u00e7\u00e3o de blocos do carnaval de Juiz de Fora. No Centro, os cortejos se concentraram em dois percursos: o Circuito Roza-Esta\u00e7\u00e3o, que sai do Viaduto Roza Cabinda e segue pela Avenida Francisco Bernardino at\u00e9 a Pra\u00e7a da Esta\u00e7\u00e3o; e o Circuito Parque-Esta\u00e7\u00e3o, do Parque Halfeld at\u00e9 a mesma pra\u00e7a, descendo o Cal\u00e7ad\u00e3o da Rua Halfeld.<\/p>\n<p>Para oferecer mais conforto \u00e0 popula\u00e7\u00e3o e auxiliar na divulga\u00e7\u00e3o de pol\u00edticas p\u00fablicas, a Prefeitura de Juiz de Fora (PJF) ter\u00e1 um ponto de apoio na dispers\u00e3o dos blocos na Pra\u00e7a da Esta\u00e7\u00e3o. O espa\u00e7o ter\u00e1 servidores das secretarias especiais de Direitos Humanos (SEDH), Igualdade Racial (SEIR), e da Mulher (SEM), que ir\u00e3o auxiliar a popula\u00e7\u00e3o para as devidas provid\u00eancias em casos de viola\u00e7\u00e3o de direitos.<\/p>\n<p>As barracas devidamente sinalizadas ter\u00e3o tamb\u00e9m um ponto de hidrata\u00e7\u00e3o. Haver\u00e1, ainda, distribui\u00e7\u00e3o de materiais informativos, leques e preservativos. A\u00a0<strong>Funda\u00e7\u00e3o Cultural Alfredo Ferreira Lage (Funalfa<\/strong>), a Guarda Municipal e os servidores do\u00a0Departamento de\u00a0DST\/AIDS\u00a0da Secretaria de Sa\u00fade s\u00e3o parceiros da iniciativa.<\/p>\n<p>Nesta quarta-feira (12), a equipe que ocupar\u00e1 o ponto de apoio nos mais de 20 blocos da \u00e1rea central recebeu orienta\u00e7\u00f5es do assessor da SEDH, Daniel Tury. Foram discutidas a atua\u00e7\u00e3o junto ao acolhimento em situa\u00e7\u00f5es dos diversos tipos de viol\u00eancias. \u201cTrata-se de um apoio imediato \u00e0s pessoas que forem v\u00edtimas de crimes. Alguns casos s\u00e3o subnotificados e tratados como inexistentes porque n\u00e3o s\u00e3o denunciados. Por exemplo, uma mulher v\u00edtima de viol\u00eancia, ao denunciar, pode ser revitimizada e nosso papel \u00e9 acolher e orientar para que o caso seja tratado pelas autoridades competentes com a formaliza\u00e7\u00e3o do boletim de ocorr\u00eancia com o registro fiel dos fatos\u201d, destacou.<\/p>\n<p>Tury destacou, ainda, as normas jur\u00eddicas que tratam como crime inafian\u00e7\u00e1vel, casos de inj\u00faria englobando ra\u00e7a, cor, etnia, proced\u00eancia nacional, transfobia e homofobia.<\/p>\n<p>Confira a\u00a0<a href=\"https:\/\/www.instagram.com\/prefeiturajuizdefora\/\" target=\"_blank\" rel=\"noopener\">programa\u00e7\u00e3o dos blocos da cidade<\/a>\u00a0e prepare-se para a festa!<\/p>\n<p>&nbsp;<\/p>\n<p><strong>Telefones \u00fateis:<\/strong><\/p>\n<p>Casa da Mulher &#8211; 3690-7292<\/p>\n<p>Conselho Tutelar Centro-Sudeste &#8211;\u00a03690-8533 \/ 98838-3193<\/p>\n<p>Pol\u00edcia Militar &#8211; 190<\/p>\n<p>Bombeiros &#8211; 193<\/p>\n<p>Samu &#8211; 192<\/p>\n","protected":false},"excerpt":{"rendered":"<p>Segundo informa\u00e7\u00f5es do site da Prefeitura de Juiz de Fora (PJF), no pr\u00f3ximo s\u00e1bado (15), come\u00e7a a programa\u00e7\u00e3o de blocos do carnaval de Juiz de Fora. No Centro, os cortejos se concentraram em dois percursos: o Circuito Roza-Esta\u00e7\u00e3o, que sai do Viaduto Roza Cabinda e segue pela Avenida Francisco Bernardino at\u00e9 a Pra\u00e7a da Esta\u00e7\u00e3o; [&hellip;]<\/p>\n","protected":false},"author":246,"featured_media":226793,"comment_status":"closed","ping_status":"closed","sticky":false,"template":"","format":"standard","meta":{"footnotes":""},"categories":[253,436,439],"tags":[],"class_list":["post-226792","post","type-post","status-publish","format-standard","has-post-thumbnail","hentry","category-cidade","category-destaque-da-semana","category-ultima-hora"],"_links":{"self":[{"href":"https:\/\/diarioregionaldigital.com.br\/index.php?rest_route=\/wp\/v2\/posts\/226792","targetHints":{"allow":["GET"]}}],"collection":[{"href":"https:\/\/diarioregionaldigital.com.br\/index.php?rest_route=\/wp\/v2\/posts"}],"about":[{"href":"https:\/\/diarioregionaldigital.com.br\/index.php?rest_route=\/wp\/v2\/types\/post"}],"author":[{"embeddable":true,"href":"https:\/\/diarioregionaldigital.com.br\/index.php?rest_route=\/wp\/v2\/users\/246"}],"replies":[{"embeddable":true,"href":"https:\/\/diarioregionaldigital.com.br\/index.php?rest_route=%2Fwp%2Fv2%2Fcomments&post=226792"}],"version-history":[{"count":1,"href":"https:\/\/diarioregionaldigital.com.br\/index.php?rest_route=\/wp\/v2\/posts\/226792\/revisions"}],"predecessor-version":[{"id":226794,"href":"https:\/\/diarioregionaldigital.com.br\/index.php?rest_route=\/wp\/v2\/posts\/226792\/revisions\/226794"}],"wp:featuredmedia":[{"embeddable":true,"href":"https:\/\/diarioregionaldigital.com.br\/index.php?rest_route=\/wp\/v2\/media\/226793"}],"wp:attachment":[{"href":"https:\/\/diarioregionaldigital.com.br\/index.php?rest_route=%2Fwp%2Fv2%2Fmedia&parent=226792"}],"wp:term":[{"taxonomy":"category","embeddable":true,"href":"https:\/\/diarioregionaldigital.com.br\/index.php?rest_route=%2Fwp%2Fv2%2Fcategories&post=226792"},{"taxonomy":"post_tag","embeddable":true,"href":"https:\/\/diarioregionaldigital.com.br\/index.php?rest_route=%2Fwp%2Fv2%2Ftags&post=226792"}],"curies":[{"name":"wp","href":"https:\/\/api.w.org\/{rel}","templated":true}]}}