{"id":226789,"date":"2025-02-12T17:54:17","date_gmt":"2025-02-12T20:54:17","guid":{"rendered":"https:\/\/diarioregionaldigital.com.br\/?p=226789"},"modified":"2025-02-12T17:54:17","modified_gmt":"2025-02-12T20:54:17","slug":"educacao-realiza-primeira-reuniao-de-diretores-das-escolas-municipais-no-ano-letivo-de-2025","status":"publish","type":"post","link":"https:\/\/diarioregionaldigital.com.br\/?p=226789","title":{"rendered":"Educa\u00e7\u00e3o realiza primeira reuni\u00e3o de diretores das escolas municipais no ano letivo de 2025"},"content":{"rendered":"<p>Segundo informa\u00e7\u00f5es do site da Prefeitura de Juiz de Fora (PJF), na manh\u00e3 desta quarta-feira, 12, a Prefeitura de Juiz de Fora (PJF) realizou a primeira reuni\u00e3o de diretores e vice-diretores das escolas da rede municipal no ano letivo de 2025. Um momento de di\u00e1logo intenso acerca de quest\u00f5es importantes para o dia a dia das 102 escolas da rede municipal.<\/p>\n<div id=\"box_texto_noticia\">\n<p>Acolhendo os diretores e vice-diretores, a secret\u00e1ria de Educa\u00e7\u00e3o, N\u00e1dia Ribas, falou sobre a organiza\u00e7\u00e3o da Secretaria de Educa\u00e7\u00e3o (SE), atualizada a partir das orienta\u00e7\u00f5es da prefeita Margarida Salom\u00e3o, e apresentou detalhes do novo organograma da Secretaria de Educa\u00e7\u00e3o (SE), com duas subsecretarias (Gest\u00e3o Pedag\u00f3gica e Gest\u00e3o Organizacional) e seus departamentos. \u201cTudo o que a SE est\u00e1 fazendo desde o in\u00edcio do ano vem passando diretamente pela prefeita, que est\u00e1 revendo com o secret\u00e1rio de Recursos Humanos, escola por escola, toda a organiza\u00e7\u00e3o e as proposi\u00e7\u00f5es da rede municipal de ensino, para que toda a estrutura funcione da melhor forma poss\u00edvel para garantir o aprendizado de todos os estudantes\u201d.<\/p>\n<p>A secret\u00e1ria destacou a efetiva\u00e7\u00e3o de mais de 1.140 profissionais aprovados no recente concurso p\u00fablico para o quadro do magist\u00e9rio municipal e a garantia do pagamento, pela PJF, do piso salarial do magist\u00e9rio p\u00fablico da educa\u00e7\u00e3o b\u00e1sica. Ela ressaltou alguns dos desafios da gest\u00e3o da educa\u00e7\u00e3o municipal e informou que, ao longo deste ano, ser\u00e1 desenvolvido um processo continuado de forma\u00e7\u00e3o com os diretores e vice-diretores das escolas.<\/p>\n<p>A reuni\u00e3o contou tamb\u00e9m com a participa\u00e7\u00e3o da secret\u00e1ria de Agricultura, Pecu\u00e1ria e Abastecimento, Fab\u00edola Paulino, e do secret\u00e1rio de Recursos Humanos, Matheus Jacometti. Os dois secret\u00e1rios conversaram com os diretores sobre quest\u00f5es que impactam o cotidiano das escolas e que s\u00e3o gerenciadas pelas respectivas pastas. Os diretores puderam apresentar suas d\u00favidas sobre os processos de alimenta\u00e7\u00e3o escolar e de gest\u00e3o de pessoas, que foram respondidas pelos secret\u00e1rios municipais.<\/p><\/div>\n<p>&nbsp;<\/p>\n","protected":false},"excerpt":{"rendered":"<p>Segundo informa\u00e7\u00f5es do site da Prefeitura de Juiz de Fora (PJF), na manh\u00e3 desta quarta-feira, 12, a Prefeitura de Juiz de Fora (PJF) realizou a primeira reuni\u00e3o de diretores e vice-diretores das escolas da rede municipal no ano letivo de 2025. Um momento de di\u00e1logo intenso acerca de quest\u00f5es importantes para o dia a dia [&hellip;]<\/p>\n","protected":false},"author":246,"featured_media":226790,"comment_status":"closed","ping_status":"closed","sticky":false,"template":"","format":"standard","meta":{"footnotes":""},"categories":[253,436,440,439],"tags":[],"class_list":["post-226789","post","type-post","status-publish","format-standard","has-post-thumbnail","hentry","category-cidade","category-destaque-da-semana","category-destaques-do-dia","category-ultima-hora"],"_links":{"self":[{"href":"https:\/\/diarioregionaldigital.com.br\/index.php?rest_route=\/wp\/v2\/posts\/226789","targetHints":{"allow":["GET"]}}],"collection":[{"href":"https:\/\/diarioregionaldigital.com.br\/index.php?rest_route=\/wp\/v2\/posts"}],"about":[{"href":"https:\/\/diarioregionaldigital.com.br\/index.php?rest_route=\/wp\/v2\/types\/post"}],"author":[{"embeddable":true,"href":"https:\/\/diarioregionaldigital.com.br\/index.php?rest_route=\/wp\/v2\/users\/246"}],"replies":[{"embeddable":true,"href":"https:\/\/diarioregionaldigital.com.br\/index.php?rest_route=%2Fwp%2Fv2%2Fcomments&post=226789"}],"version-history":[{"count":1,"href":"https:\/\/diarioregionaldigital.com.br\/index.php?rest_route=\/wp\/v2\/posts\/226789\/revisions"}],"predecessor-version":[{"id":226791,"href":"https:\/\/diarioregionaldigital.com.br\/index.php?rest_route=\/wp\/v2\/posts\/226789\/revisions\/226791"}],"wp:featuredmedia":[{"embeddable":true,"href":"https:\/\/diarioregionaldigital.com.br\/index.php?rest_route=\/wp\/v2\/media\/226790"}],"wp:attachment":[{"href":"https:\/\/diarioregionaldigital.com.br\/index.php?rest_route=%2Fwp%2Fv2%2Fmedia&parent=226789"}],"wp:term":[{"taxonomy":"category","embeddable":true,"href":"https:\/\/diarioregionaldigital.com.br\/index.php?rest_route=%2Fwp%2Fv2%2Fcategories&post=226789"},{"taxonomy":"post_tag","embeddable":true,"href":"https:\/\/diarioregionaldigital.com.br\/index.php?rest_route=%2Fwp%2Fv2%2Ftags&post=226789"}],"curies":[{"name":"wp","href":"https:\/\/api.w.org\/{rel}","templated":true}]}}