{"id":226786,"date":"2025-02-12T17:51:34","date_gmt":"2025-02-12T20:51:34","guid":{"rendered":"https:\/\/diarioregionaldigital.com.br\/?p=226786"},"modified":"2025-02-12T17:51:34","modified_gmt":"2025-02-12T20:51:34","slug":"flamengo-e-botafogo-se-enfrentam-mirando-as-semifinais-do-carioca","status":"publish","type":"post","link":"https:\/\/diarioregionaldigital.com.br\/?p=226786","title":{"rendered":"Flamengo e Botafogo se enfrentam mirando as semifinais do Carioca"},"content":{"rendered":"<p>Flamengo e Botafogo medem for\u00e7as, a partir das 21h30 (hor\u00e1rio de Bras\u00edlia) desta quarta-feira (12) no est\u00e1dio do Maracan\u00e3, em partida atrasada da 7\u00aa rodada do Campeonato Carioca. A\u00a0<strong>R\u00e1dio Nacional<\/strong>\u00a0transmite o jogo ao vivo.<img decoding=\"async\" src=\"https:\/\/agenciabrasil.ebc.com.br\/ebc.png?id=1629948&amp;o=node\" \/><img decoding=\"async\" src=\"https:\/\/agenciabrasil.ebc.com.br\/ebc.gif?id=1629948&amp;o=node\" \/><\/p>\n<p>O Rubro-Negro da G\u00e1vea chega muito animado ao confronto com o Alvinegro, em especial ap\u00f3s garantir o t\u00edtulo da Supercopa do Brasil, h\u00e1 11 dias, justamente sobre o time de General Severiano.<\/p>\n<p>Em caso de vit\u00f3ria nesta quarta, a equipe comandada pelo t\u00e9cnico Filipe Lu\u00eds assume a lideran\u00e7a da Ta\u00e7a Guanabara, com os mesmos 17 pontos do Nova Igua\u00e7u.<\/p>\n<p>Para enfrentar o Botafogo, o Flamengo tem um problema, a lateral-esquerda, pois Alex Sandro est\u00e1 com uma les\u00e3o na coxa esquerda e Ayrton Lucas sofreu uma pancada no \u00faltimo jogo, contra o Fluminense, e ainda apresenta dores. Desta forma, Filipe Lu\u00eds pode ter que improvisar no setor.<\/p>\n<p>J\u00e1 o Botafogo tenta encontrar o seu melhor futebol, em um in\u00edcio de temporada com muitas incertezas, como a indefini\u00e7\u00e3o de seu comandante e buscando uma nova forma de jogar ap\u00f3s a sa\u00edda de pe\u00e7as importantes, como o atacante Luiz Henrique e o meia argentino Thiago Almada.<\/p>\n<p>O Alvinegro entra em campo tentando interromper uma inc\u00f4moda sequ\u00eancia de tr\u00eas derrotas (na final da Supercopa para o Flamengo, e para o Nova Igua\u00e7u e o Madureira no Carioca). Al\u00e9m disso, um triunfo deixa o Botafogo, que ocupa a 6\u00aa posi\u00e7\u00e3o com 12 pontos, muito perto da classifica\u00e7\u00e3o para as semifinais da competi\u00e7\u00e3o.<\/p>\n<p>Para um compromisso t\u00e3o importante o t\u00e9cnico interino Carlos Leiria tem problemas para escalar a equipe, em especial as aus\u00eancias do atacante Arthur, com uma les\u00e3o muscular na coxa esquerda, e do zagueiro Bastos, com um problema no joelho esquerdo.<\/p>\n<p>Fonte: Ag\u00eancia Minas<\/p>\n","protected":false},"excerpt":{"rendered":"<p>Flamengo e Botafogo medem for\u00e7as, a partir das 21h30 (hor\u00e1rio de Bras\u00edlia) desta quarta-feira (12) no est\u00e1dio do Maracan\u00e3, em partida atrasada da 7\u00aa rodada do Campeonato Carioca. A\u00a0R\u00e1dio Nacional\u00a0transmite o jogo ao vivo. O Rubro-Negro da G\u00e1vea chega muito animado ao confronto com o Alvinegro, em especial ap\u00f3s garantir o t\u00edtulo da Supercopa do [&hellip;]<\/p>\n","protected":false},"author":246,"featured_media":226787,"comment_status":"closed","ping_status":"closed","sticky":false,"template":"","format":"standard","meta":{"footnotes":""},"categories":[436,440,257,439],"tags":[],"class_list":["post-226786","post","type-post","status-publish","format-standard","has-post-thumbnail","hentry","category-destaque-da-semana","category-destaques-do-dia","category-esporte","category-ultima-hora"],"_links":{"self":[{"href":"https:\/\/diarioregionaldigital.com.br\/index.php?rest_route=\/wp\/v2\/posts\/226786","targetHints":{"allow":["GET"]}}],"collection":[{"href":"https:\/\/diarioregionaldigital.com.br\/index.php?rest_route=\/wp\/v2\/posts"}],"about":[{"href":"https:\/\/diarioregionaldigital.com.br\/index.php?rest_route=\/wp\/v2\/types\/post"}],"author":[{"embeddable":true,"href":"https:\/\/diarioregionaldigital.com.br\/index.php?rest_route=\/wp\/v2\/users\/246"}],"replies":[{"embeddable":true,"href":"https:\/\/diarioregionaldigital.com.br\/index.php?rest_route=%2Fwp%2Fv2%2Fcomments&post=226786"}],"version-history":[{"count":1,"href":"https:\/\/diarioregionaldigital.com.br\/index.php?rest_route=\/wp\/v2\/posts\/226786\/revisions"}],"predecessor-version":[{"id":226788,"href":"https:\/\/diarioregionaldigital.com.br\/index.php?rest_route=\/wp\/v2\/posts\/226786\/revisions\/226788"}],"wp:featuredmedia":[{"embeddable":true,"href":"https:\/\/diarioregionaldigital.com.br\/index.php?rest_route=\/wp\/v2\/media\/226787"}],"wp:attachment":[{"href":"https:\/\/diarioregionaldigital.com.br\/index.php?rest_route=%2Fwp%2Fv2%2Fmedia&parent=226786"}],"wp:term":[{"taxonomy":"category","embeddable":true,"href":"https:\/\/diarioregionaldigital.com.br\/index.php?rest_route=%2Fwp%2Fv2%2Fcategories&post=226786"},{"taxonomy":"post_tag","embeddable":true,"href":"https:\/\/diarioregionaldigital.com.br\/index.php?rest_route=%2Fwp%2Fv2%2Ftags&post=226786"}],"curies":[{"name":"wp","href":"https:\/\/api.w.org\/{rel}","templated":true}]}}