{"id":226783,"date":"2025-02-12T17:49:02","date_gmt":"2025-02-12T20:49:02","guid":{"rendered":"https:\/\/diarioregionaldigital.com.br\/?p=226783"},"modified":"2025-02-12T17:49:02","modified_gmt":"2025-02-12T20:49:02","slug":"ocupacao-hoteleira-chega-a-90-na-regiao-centro-sul-de-bh-e-empresarios-projetam-aumento-nas-vendas-durante-carnaval","status":"publish","type":"post","link":"https:\/\/diarioregionaldigital.com.br\/?p=226783","title":{"rendered":"Ocupa\u00e7\u00e3o hoteleira chega a 90% na regi\u00e3o Centro-Sul de BH, e empres\u00e1rios projetam aumento nas vendas durante Carnaval"},"content":{"rendered":"<p xml:lang=\"PT-BR\">A procura por hospedagem em Belo Horizonte, impulsionada pelo fortalecimento do Carnaval na cidade, \u00e9 alta desde janeiro. Durante coletiva de imprensa organizada na \u00faltima ter\u00e7a-feira (11\/2) pela C\u00e2mara de Dirigentes Lojistas de Belo Horizonte (CDL-BH), a presidente da Associa\u00e7\u00e3o Brasileira da Ind\u00fastria de Hot\u00e9is de Minas Gerais (ABIH-MG), Fl\u00e1via Ara\u00fajo Badar\u00f3, divulgou dados que refor\u00e7am a consolida\u00e7\u00e3o da capital mineira como um dos principais destinos de Carnaval do pa\u00eds.<\/p>\n<p>\u201cA ocupa\u00e7\u00e3o hoteleira j\u00e1 est\u00e1 chegando a 90% na regi\u00e3o Centro-Sul de Belo Horizonte e na regi\u00e3o da Pampulha est\u00e1 em torno de 60% com uma expectativa maravilhosa de crescimento\u201d, revelou. \u201cDiferentemente do ano passado, em que os hot\u00e9is lotaram em cima da hora, neste ano, estamos percebendo que os foli\u00f5es est\u00e3o se programando com mais anteced\u00eancia\u201d, acrescentou a presidente da ABIH-MG.<\/p>\n<p>Durante o encontro na sede da CDL-BH, que contou com a participa\u00e7\u00e3o de representantes do\u00a0<a href=\"https:\/\/www.mg.gov.br\/\" target=\"_blank\" rel=\"noreferrer noopener\">Governo de Minas<\/a>, da prefeitura, da sociedade civil organizada e das for\u00e7as de seguran\u00e7a do Estado, tamb\u00e9m foi apresentada uma pesquisa realizada com empres\u00e1rios da capital mineira de diferentes ramos, como o com\u00e9rcio, mercados e padarias, hotelaria, bares e restaurantes. De acordo com o levantamento promovido pela CDL-BH, 60% dos entrevistados t\u00eam expectativa de crescimento das vendas neste ano.<\/p>\n<p>Os lojistas acreditam que os produtos com maior sa\u00edda neste Carnaval ser\u00e3o vestu\u00e1rio (29,3%), bebidas n\u00e3o alco\u00f3licas (26,5%), bebidas alco\u00f3licas (24,9%), adere\u00e7os (19,9%), lanches (19,3%) e fantasias (9,9%).<\/p>\n<p>\u201cO sentimento de positividade dos empres\u00e1rios aumentou em 19% em rela\u00e7\u00e3o ao ano passado. O ticket m\u00e9dio esperado \u00e9 de R$ 89,60 por produto, com expectativa de que cada consumidor adquira at\u00e9 dois produtos, chegando a um valor que \u00e9 42% melhor que o do ano passado\u201d, comentou o presidente da CDL\/BH, Marcelo de Souza e Silva.<\/p>\n<p>No segmento da hotelaria tamb\u00e9m h\u00e1 expectativa de aumento do ticket m\u00e9dio em 30% em rela\u00e7\u00e3o a 2024, com di\u00e1rias em torno de R$ 501,55. Os entrevistados esperam uma estadia m\u00e9dia de quatro di\u00e1rias e, com isso, o investimento dos turistas pode ultrapassar os R$ 2 mil. A previs\u00e3o \u00e9 que o Carnaval deve movimentar R$ 1 bilh\u00e3o na economia da capital mineira.<\/p>\n<p>A secret\u00e1ria de Estado Adjunta de\u00a0<a href=\"https:\/\/www.secult.mg.gov.br\/\" target=\"_blank\" rel=\"noreferrer noopener\">Cultura e Turismo<\/a>, Josiane de Souza, pontuou que esses n\u00fameros demonstram o impacto positivo das pol\u00edticas p\u00fablicas voltadas ao fortalecimento e promo\u00e7\u00e3o do Destino Minas Gerais.<\/p>\n<p>\u201cEles denotam com muita seguran\u00e7a que a pol\u00edtica p\u00fablica que vem sendo desenvolvida para a promo\u00e7\u00e3o do Destino Minas Gerais est\u00e1 se consolidando. A expectativa para este ano \u00e9 de um crescimento de 10% no n\u00famero de foli\u00f5es em rela\u00e7\u00e3o a 2024, e tudo isso \u00e9 fruto do trabalho concatenado entre todas as secretarias, for\u00e7as de seguran\u00e7a do Estado, sempre em di\u00e1logo com a prefeitura e demais parceiros\u201d, ressaltou.<\/p>\n<p><strong>Carnaval das artes<\/strong><\/p>\n<p>Ap\u00f3s a coletiva de imprensa, representantes do Governo de Minas, prefeitura, for\u00e7as de seguran\u00e7a estaduais e sociedade civil organizada tamb\u00e9m se reuniram na CDL-BH e compartilharam as a\u00e7\u00f5es concebidas para promover um Carnaval seguro, descentralizado e com uma programa\u00e7\u00e3o cultural pulsante e diversa.<\/p>\n<p>A secret\u00e1ria de Estado Adjunta ressaltou a amplia\u00e7\u00e3o do projeto de sonoriza\u00e7\u00e3o das vias p\u00fablicas, com a inclus\u00e3o da Avenida Brasil, que agora se somar\u00e1 \u00e0s avenidas Andradas e Amazonas no projeto Vias das Artes.<\/p>\n<p xml:lang=\"PT-BR\">\u201cN\u00f3s estamos falando de tr\u00eas vias que al\u00e9m de sonorizadas, oferecer\u00e3o uma experi\u00eancia vigorosa com pintura de pain\u00e9is, m\u00fasica eletr\u00f4nica, poesia, blocos caricatos e diversas outras express\u00f5es art\u00edsticas que traduzem o que h\u00e1 de melhor na cultura de nosso estado\u201d, afirmou Josiane de Souza.<\/p>\n<p>Fonte: Ag\u00eancia Minas<\/p>\n","protected":false},"excerpt":{"rendered":"<p>A procura por hospedagem em Belo Horizonte, impulsionada pelo fortalecimento do Carnaval na cidade, \u00e9 alta desde janeiro. Durante coletiva de imprensa organizada na \u00faltima ter\u00e7a-feira (11\/2) pela C\u00e2mara de Dirigentes Lojistas de Belo Horizonte (CDL-BH), a presidente da Associa\u00e7\u00e3o Brasileira da Ind\u00fastria de Hot\u00e9is de Minas Gerais (ABIH-MG), Fl\u00e1via Ara\u00fajo Badar\u00f3, divulgou dados que [&hellip;]<\/p>\n","protected":false},"author":246,"featured_media":226784,"comment_status":"closed","ping_status":"closed","sticky":false,"template":"","format":"standard","meta":{"footnotes":""},"categories":[436,261,254,439],"tags":[],"class_list":["post-226783","post","type-post","status-publish","format-standard","has-post-thumbnail","hentry","category-destaque-da-semana","category-economia","category-politica","category-ultima-hora"],"_links":{"self":[{"href":"https:\/\/diarioregionaldigital.com.br\/index.php?rest_route=\/wp\/v2\/posts\/226783","targetHints":{"allow":["GET"]}}],"collection":[{"href":"https:\/\/diarioregionaldigital.com.br\/index.php?rest_route=\/wp\/v2\/posts"}],"about":[{"href":"https:\/\/diarioregionaldigital.com.br\/index.php?rest_route=\/wp\/v2\/types\/post"}],"author":[{"embeddable":true,"href":"https:\/\/diarioregionaldigital.com.br\/index.php?rest_route=\/wp\/v2\/users\/246"}],"replies":[{"embeddable":true,"href":"https:\/\/diarioregionaldigital.com.br\/index.php?rest_route=%2Fwp%2Fv2%2Fcomments&post=226783"}],"version-history":[{"count":1,"href":"https:\/\/diarioregionaldigital.com.br\/index.php?rest_route=\/wp\/v2\/posts\/226783\/revisions"}],"predecessor-version":[{"id":226785,"href":"https:\/\/diarioregionaldigital.com.br\/index.php?rest_route=\/wp\/v2\/posts\/226783\/revisions\/226785"}],"wp:featuredmedia":[{"embeddable":true,"href":"https:\/\/diarioregionaldigital.com.br\/index.php?rest_route=\/wp\/v2\/media\/226784"}],"wp:attachment":[{"href":"https:\/\/diarioregionaldigital.com.br\/index.php?rest_route=%2Fwp%2Fv2%2Fmedia&parent=226783"}],"wp:term":[{"taxonomy":"category","embeddable":true,"href":"https:\/\/diarioregionaldigital.com.br\/index.php?rest_route=%2Fwp%2Fv2%2Fcategories&post=226783"},{"taxonomy":"post_tag","embeddable":true,"href":"https:\/\/diarioregionaldigital.com.br\/index.php?rest_route=%2Fwp%2Fv2%2Ftags&post=226783"}],"curies":[{"name":"wp","href":"https:\/\/api.w.org\/{rel}","templated":true}]}}