{"id":226776,"date":"2025-02-12T17:46:08","date_gmt":"2025-02-12T20:46:08","guid":{"rendered":"https:\/\/diarioregionaldigital.com.br\/?p=226776"},"modified":"2025-02-12T17:47:02","modified_gmt":"2025-02-12T20:47:02","slug":"governo-de-minas-investe-mais-de-r-200-milhoes-para-aumentar-vacinacao-em-todo-o-estado","status":"publish","type":"post","link":"https:\/\/diarioregionaldigital.com.br\/?p=226776","title":{"rendered":"Governo de Minas investe mais de R$ 200 milh\u00f5es para aumentar vacina\u00e7\u00e3o em todo o estado"},"content":{"rendered":"<p>O governador Romeu Zema anunciou, nesta quarta-feira (12\/2), o investimento de R$ 210,7 milh\u00f5es do\u00a0<a href=\"https:\/\/www.mg.gov.br\/\" target=\"_blank\" rel=\"noopener\">Governo de Minas<\/a>\u00a0para ampliar as coberturas vacinais no estado, com destaque para a intensifica\u00e7\u00e3o da vacina\u00e7\u00e3o contra a febre amarela.<\/p>\n<p>O valor foi pactuado durante reuni\u00e3o da Comiss\u00e3o Intergestores Bipartite (CIB) do Sistema \u00danico de Sa\u00fade (SUS-MG) e ser\u00e1 destinado ao Programa Mineiro de Imuniza\u00e7\u00f5es (PMI).<\/p>\n<p>O objetivo da nova estrat\u00e9gia \u2013 detalhada durante o encontro semanal da Sala de Monitoramento de Arboviroses da\u00a0<a href=\"https:\/\/www.saude.mg.gov.br\/\" target=\"_blank\" rel=\"noopener\">Secretaria de Estado de Sa\u00fade (SES-MG)<\/a>\u00a0\u2013 \u00e9 garantir que todos os munic\u00edpios tenham condi\u00e7\u00f5es de ampliar a vacina\u00e7\u00e3o, protegendo a popula\u00e7\u00e3o contra as doen\u00e7as preven\u00edveis.<\/p>\n<p>O governador destacou o trabalho e investimentos do Governo do Estado para diminuir os casos de arboviroses como dengue, zika, chikungunya, febre oropouche e a febre amarela.<\/p>\n<table border=\"0\" cellspacing=\"1\" cellpadding=\"1\" align=\"center\">\n<tbody>\n<tr>\n<td colspan=\"5\"><img decoding=\"async\" src=\"https:\/\/www.agenciaminas.mg.gov.br\/ckeditor_assets\/pictures\/20949\/content_2_olho_topo.jpg\" alt=\"\" \/><\/td>\n<\/tr>\n<tr>\n<td><\/td>\n<td colspan=\"3\" rowspan=\"3\">\n<h1><strong>&#8220;Nossa Secretaria de Sa\u00fade est\u00e1 na linha de frente do enfrentamento \u00e0s arboviroses e tem dado todo suporte, apoio e orienta\u00e7\u00e3o para que possamos fazer esse combate de forma efetiva e como foi visto em diversas frentes. Lembrando a quest\u00e3o da conscientiza\u00e7\u00e3o da popula\u00e7\u00e3o, das crian\u00e7as, que \u00e9 de fundamental import\u00e2ncia e um trabalho cont\u00ednuo&#8221;, enfatizou Romeu Zema.<\/strong><\/h1>\n<\/td>\n<td><\/td>\n<\/tr>\n<tr>\n<td><\/td>\n<td><\/td>\n<\/tr>\n<tr>\n<td><\/td>\n<td><\/td>\n<\/tr>\n<tr>\n<td colspan=\"5\"><img decoding=\"async\" src=\"https:\/\/www.agenciaminas.mg.gov.br\/ckeditor_assets\/pictures\/20950\/content_2_olho_inferior.jpg\" alt=\"\" \/><\/td>\n<\/tr>\n<\/tbody>\n<\/table>\n<p><strong>Distribui\u00e7\u00e3o dos recursos<\/strong><\/p>\n<p>Em 2025, ser\u00e3o liberados R$ 105,3 milh\u00f5es, com uma primeira parcela de R$ 41,9 milh\u00f5es. Os repasses v\u00e3o do Fundo Estadual de Sa\u00fade para os Fundos Municipais.<\/p>\n<p>O financiamento, que segue at\u00e9 2026, inclui repasses fixos e vari\u00e1veis, condicionados ao cumprimento de metas de cobertura vacinal.<\/p>\n<p><strong>Febre amarela<\/strong><\/p>\n<p>Em 2025, Minas Gerais registrou um caso confirmado de febre amarela em humanos, em Extrema, e uma morte de primata n\u00e3o humano, em Toledo. A vigil\u00e2ncia epidemiol\u00f3gica foi refor\u00e7ada, especialmente no Sul do estado, onde houve confirma\u00e7\u00e3o da circula\u00e7\u00e3o do v\u00edrus.<\/p>\n<p>O secret\u00e1rio de Estado de Sa\u00fade, F\u00e1bio Baccheretti, alertou sobre o perigo da febre amarela e colocou o Estado \u00e0 disposi\u00e7\u00e3o dos munic\u00edpios para que toda a popula\u00e7\u00e3o possa se vacinar.<\/p>\n<table border=\"0\" cellspacing=\"1\" cellpadding=\"1\" align=\"center\">\n<tbody>\n<tr>\n<td colspan=\"5\"><img decoding=\"async\" src=\"https:\/\/www.agenciaminas.mg.gov.br\/ckeditor_assets\/pictures\/20949\/content_2_olho_topo.jpg\" alt=\"\" \/><\/td>\n<\/tr>\n<tr>\n<td><\/td>\n<td colspan=\"3\" rowspan=\"3\">\n<h1><strong>&#8220;A febre amarela j\u00e1 tem uma porcentagem de letalidade alta e se a pessoa n\u00e3o for vacinada, aumenta ainda mais a chance de \u00f3bito. Ent\u00e3o, temos vacinas que n\u00e3o faltam nos postos de sa\u00fade e precisamos enfrentar essa batalha. Vamos incentivar os munic\u00edpios a fazer busca ativa para que a popula\u00e7\u00e3o possa se vacinar&#8221;, destacou F\u00e1bio Baccheretti.<\/strong><\/h1>\n<\/td>\n<td><\/td>\n<\/tr>\n<tr>\n<td><\/td>\n<td><\/td>\n<\/tr>\n<tr>\n<td><\/td>\n<td><\/td>\n<\/tr>\n<tr>\n<td colspan=\"5\"><img decoding=\"async\" src=\"https:\/\/www.agenciaminas.mg.gov.br\/ckeditor_assets\/pictures\/20950\/content_2_olho_inferior.jpg\" alt=\"\" \/><\/td>\n<\/tr>\n<\/tbody>\n<\/table>\n<p>As equipes da SES-MG adotaram estrat\u00e9gias como busca ativa de n\u00e3o vacinados, capacita\u00e7\u00e3o de profissionais para identifica\u00e7\u00e3o de casos e campanhas de conscientiza\u00e7\u00e3o.<\/p>\n<p>Em 2024, a cobertura vacinal em crian\u00e7as menores de um ano foi de 87,68%, abaixo da meta de 95%, o que torna a intensifica\u00e7\u00e3o da vacina\u00e7\u00e3o uma prioridade.<\/p>\n<p><strong>Vacina\u00e7\u00e3o itinerante<\/strong><\/p>\n<p>Os Vacim\u00f3veis s\u00e3o ferramentas fundamentais na estrat\u00e9gia para ampliar a cobertura de imuniza\u00e7\u00e3o em todo o estado. O ve\u00edculo, adaptado para funcionar como um centro de vacina\u00e7\u00e3o itinerante, facilita a mobiliza\u00e7\u00e3o das equipes e contribui para a regulariza\u00e7\u00e3o da situa\u00e7\u00e3o vacinal de comunidades inteiras.<\/p>\n<p>O objetivo do Governo de Minas \u00e9 levar a vacina para al\u00e9m dos postos de sa\u00fade, alcan\u00e7ando a popula\u00e7\u00e3o em locais de grande circula\u00e7\u00e3o, como pra\u00e7as, rodovi\u00e1rias e \u00e1reas de dif\u00edcil acesso.<\/p>\n<p><strong>A\u00e7\u00f5es preventivas e monitoramento<\/strong><\/p>\n<p>O Estado tamb\u00e9m fortaleceu a vigil\u00e2ncia a poss\u00edveis focos dos mosquitos transmissores e realiza an\u00e1lises laboratoriais de primatas mortos para identificar precocemente a circula\u00e7\u00e3o viral.<\/p>\n<p>Al\u00e9m disso, munic\u00edpios com casos confirmados ou epizootias devem realizar monitoramento r\u00e1pido da cobertura vacinal e campanhas em \u00e1reas de dif\u00edcil acesso.<\/p>\n<p>A SES-MG refor\u00e7a que a vacina contra a febre amarela est\u00e1 dispon\u00edvel gratuitamente no SUS para pessoas de 9 meses de idade at\u00e9 os 59 anos.<\/p>\n<p>Atualmente, o esquema vacinal indicado contra a doen\u00e7a \u00e9 uma dose aos 9 meses e outra de refor\u00e7o aos 4 anos. Para a pessoa que recebeu somente uma dose da vacina antes de completar 5 anos, est\u00e1 indicada a dose de refor\u00e7o, independentemente da idade atual.<\/p>\n<p><strong>Preven\u00e7\u00e3o no Carnaval<\/strong><\/p>\n<p>Com a chegada do Carnaval, per\u00edodo de grande circula\u00e7\u00e3o de pessoas em Minas Gerais, o governo estadual tamb\u00e9m destaca a import\u00e2ncia da vacina\u00e7\u00e3o contra a febre amarela para turistas e moradores.<\/p>\n<p>A vacina, presente no calend\u00e1rio de vacina\u00e7\u00e3o do estado desde 2008, \u00e9 recomendada para todos que residem ou viajam pela regi\u00e3o e deve ser aplicada pelo menos dez dias antes do deslocamento para garantir a prote\u00e7\u00e3o adequada.<\/p>\n<p>O abastecimento de vacinas contra febre amarela est\u00e1 regular em todo o estado e, com a\u00e7\u00f5es intensificadas e financiamento garantido, o Governo de Minas espera ampliar a cobertura vacinal, reduzir o risco de surtos e fortalecer a prote\u00e7\u00e3o contra a doen\u00e7a.<\/p>\n<p><strong>Monitoramento<\/strong><\/p>\n<p>Instalada pelo Estado em 3\/2\/2025, na SES-MG, a Sala de Monitoramento das Arboviroses \u00e9 um espa\u00e7o para a consolida\u00e7\u00e3o de informa\u00e7\u00f5es de gest\u00e3o, dados epidemiol\u00f3gicos, assistenciais e laboratoriais, que v\u00e3o subsidiar a tomada de decis\u00e3o por parte do governo estadual, incluindo o planejamento e coordena\u00e7\u00e3o das a\u00e7\u00f5es de enfrentamento \u00e0s arboviroses.<\/p>\n<p>A iniciativa visa ao acompanhamento cada vez mais eficaz da situa\u00e7\u00e3o epidemiol\u00f3gica dessas doen\u00e7as no estado por meio de an\u00e1lises t\u00e9cnicas e apresenta\u00e7\u00e3o dos dados dispon\u00edveis nos diferentes sistemas, em reuni\u00f5es semanais.<\/p>\n<p>Fonte: Ag\u00eancia Minas<\/p>\n","protected":false},"excerpt":{"rendered":"<p>O governador Romeu Zema anunciou, nesta quarta-feira (12\/2), o investimento de R$ 210,7 milh\u00f5es do\u00a0Governo de Minas\u00a0para ampliar as coberturas vacinais no estado, com destaque para a intensifica\u00e7\u00e3o da vacina\u00e7\u00e3o contra a febre amarela. O valor foi pactuado durante reuni\u00e3o da Comiss\u00e3o Intergestores Bipartite (CIB) do Sistema \u00danico de Sa\u00fade (SUS-MG) e ser\u00e1 destinado ao [&hellip;]<\/p>\n","protected":false},"author":246,"featured_media":226777,"comment_status":"closed","ping_status":"closed","sticky":false,"template":"","format":"standard","meta":{"footnotes":""},"categories":[436,440,261,254,439],"tags":[],"class_list":["post-226776","post","type-post","status-publish","format-standard","has-post-thumbnail","hentry","category-destaque-da-semana","category-destaques-do-dia","category-economia","category-politica","category-ultima-hora"],"_links":{"self":[{"href":"https:\/\/diarioregionaldigital.com.br\/index.php?rest_route=\/wp\/v2\/posts\/226776","targetHints":{"allow":["GET"]}}],"collection":[{"href":"https:\/\/diarioregionaldigital.com.br\/index.php?rest_route=\/wp\/v2\/posts"}],"about":[{"href":"https:\/\/diarioregionaldigital.com.br\/index.php?rest_route=\/wp\/v2\/types\/post"}],"author":[{"embeddable":true,"href":"https:\/\/diarioregionaldigital.com.br\/index.php?rest_route=\/wp\/v2\/users\/246"}],"replies":[{"embeddable":true,"href":"https:\/\/diarioregionaldigital.com.br\/index.php?rest_route=%2Fwp%2Fv2%2Fcomments&post=226776"}],"version-history":[{"count":1,"href":"https:\/\/diarioregionaldigital.com.br\/index.php?rest_route=\/wp\/v2\/posts\/226776\/revisions"}],"predecessor-version":[{"id":226778,"href":"https:\/\/diarioregionaldigital.com.br\/index.php?rest_route=\/wp\/v2\/posts\/226776\/revisions\/226778"}],"wp:featuredmedia":[{"embeddable":true,"href":"https:\/\/diarioregionaldigital.com.br\/index.php?rest_route=\/wp\/v2\/media\/226777"}],"wp:attachment":[{"href":"https:\/\/diarioregionaldigital.com.br\/index.php?rest_route=%2Fwp%2Fv2%2Fmedia&parent=226776"}],"wp:term":[{"taxonomy":"category","embeddable":true,"href":"https:\/\/diarioregionaldigital.com.br\/index.php?rest_route=%2Fwp%2Fv2%2Fcategories&post=226776"},{"taxonomy":"post_tag","embeddable":true,"href":"https:\/\/diarioregionaldigital.com.br\/index.php?rest_route=%2Fwp%2Fv2%2Ftags&post=226776"}],"curies":[{"name":"wp","href":"https:\/\/api.w.org\/{rel}","templated":true}]}}