{"id":226773,"date":"2025-02-12T17:45:08","date_gmt":"2025-02-12T20:45:08","guid":{"rendered":"https:\/\/diarioregionaldigital.com.br\/?p=226773"},"modified":"2025-02-12T17:45:08","modified_gmt":"2025-02-12T20:45:08","slug":"liberdade-economica-governo-de-minas-confirma-marca-alcancada-de-500-municipios-livres-para-crescer","status":"publish","type":"post","link":"https:\/\/diarioregionaldigital.com.br\/?p=226773","title":{"rendered":"Liberdade Econ\u00f4mica: Governo de Minas confirma marca alcan\u00e7ada de 500 munic\u00edpios Livres para Crescer"},"content":{"rendered":"<p>Minas Gerais acaba\u00a0de chegar \u00e0\u00a0marca de 500 munic\u00edpios que\u00a0aderiram\u00a0\u00e0 legisla\u00e7\u00e3o de Liberdade Econ\u00f4mica, por meio do Programa Estadual de Desburocratiza\u00e7\u00e3o &#8211;\u00a0<a id=\"OWAfb6fb99a-6018-5d02-16b5-c1db5486e65b\" href=\"https:\/\/desenvolvimento.mg.gov.br\/inicio\/projetos\/projeto\/1143\">Minas Livre Para Crescer (MPLC)<\/a>, do\u00a0<a href=\"http:\/\/www.mg.gov.br\/\" target=\"_blank\" rel=\"noopener\">Governo de Minas<\/a>. O n\u00famero representa benef\u00edcios para mais de 12 milh\u00f5es de pessoas e alcan\u00e7a\u00a0cerca de 60% do territ\u00f3rio mineiro.<\/p>\n<p>O munic\u00edpio de Nova Bel\u00e9m, localizado no Vale do Rio Doce, foi o 500\u00ba a assinar a ades\u00e3o. O marco mant\u00e9m Minas Gerais como o estado com a maior quantidade de munic\u00edpios, que possuem legisla\u00e7\u00e3o pr\u00f3pria, em todo o Brasil.<\/p>\n<p>O n\u00famero de munic\u00edpios livres em Minas corresponde a mais do que o total de cidades do estado da Bahia, que possui 417 munic\u00edpios; a quase dois estados de Santa Catarina (299 munic\u00edpios); e a cinco vezes o estado do Rio de Janeiro (92).<\/p>\n<p>As a\u00e7\u00f5es do\u00a0<a id=\"OWA331a0935-acf3-437e-384d-5ba71e6373dc\" href=\"https:\/\/www.mg.gov.br\/\" target=\"_blank\" rel=\"noopener\">Governo de Minas<\/a>, desde 2019, por meio do programa MLPC da\u00a0<a id=\"OWA20ba8380-2708-7288-8758-0101819e7854\" href=\"https:\/\/desenvolvimento.mg.gov.br\/\" target=\"_blank\" rel=\"noopener\">Secretaria de Estado de Desenvolvimento Econ\u00f4mico (Sede-MG)<\/a>, promovem mais seguran\u00e7a jur\u00eddica, tornando menos burocr\u00e1tico o processo para empreender no estado.<\/p>\n<p>&#8220;Fico muito satisfeito de ver que a pol\u00edtica de desburocratiza\u00e7\u00e3o est\u00e1 ampliando possibilidades e transformando a vida nos munic\u00edpios, em todas as regi\u00f5es de Minas&#8221;, completa\u00a0o governador.<\/p>\n<p>O vice-governador Professor Mateus tamb\u00e9m ressalta os impactos para a realidade local e para o desenvolvimento econ\u00f4mico em todo o estado.<\/p>\n<p><strong>A\u00e7\u00f5es que promovem melhorias<\/strong><\/p>\n<p>O programa MLPC j\u00e1 conduziu o estado a importantes conquistas, e, para a efetiva\u00e7\u00e3o de melhorias no ambiente de neg\u00f3cios, diversas secretarias do Estado e entidades vinculadas \u00e0 Sede-MG s\u00e3o mobilizadas.<\/p>\n<p><u>Pacote Legislativo<\/u><\/p>\n<p>Entre as a\u00e7\u00f5es, est\u00e1 o lan\u00e7amento de um Pacote Legislativo, que re\u00fane minutas de decretos e projetos de lei que implementam no arcabou\u00e7o jur\u00eddico municipal regras mais favor\u00e1veis ao empreendedorismo.\u00a0\u00a0<img decoding=\"async\" src=\"https:\/\/www.agenciaminas.mg.gov.br\/ckeditor_assets\/pictures\/22425\/content_victor_fagundes_sede-mg_2.jpeg\" alt=\"\" \/><sub><em>Victor Fagundes \/ Sede-MG (<\/em>mais fotos:\u00a0<a href=\"https:\/\/www.agenciaminas.mg.gov.br\/ckeditor_assets\/attachments\/22426\/fotos_victor_fagundes_-_sede-mg.zip\">clique aqui<\/a><em>)<\/em><\/sub>\u201cA ades\u00e3o \u00e0 Liberdade Econ\u00f4mica n\u00e3o se trata apenas de assinaturas de documentos. Tamb\u00e9m vemos esta a\u00e7\u00e3o como um instrumento de proximidade entre o Estado e os munic\u00edpios mineiros, que s\u00e3o aqueles que, de fato, contribuem para o desenvolvimento econ\u00f4mico de Minas Gerais\u201d, destaca o subsecret\u00e1rio de Liberdade Econ\u00f4mica e Empreendedorismo, Rodrigo Melo.<\/p>\n<p><u>Simplificar e agilizar<\/u><\/p>\n<p>Como uma das a\u00e7\u00f5es do MLPC e com o objetivo de simplificar e agilizar a abertura de empresas nos munic\u00edpios mineiros, foi criado, em parceria com a\u00a0<a id=\"OWA22fd3505-098a-7dd1-6cd4-4714d34e79c1\" href=\"https:\/\/jucemg.mg.gov.br\/\">Junta Comercial do Estado de Minas Gerais (Jucemg)<\/a>\u00a0e com o Sebrae, o Redesim + Livre.<\/p>\n<p>A ades\u00e3o ao sistema \u00e9 o principal indicador de avan\u00e7o do munic\u00edpio para o grau intermedi\u00e1rio no MLPC, que atualmente conta com 45 munic\u00edpios.<\/p>\n<p>Em 2024, o Redesim + Livre progrediu com a amplia\u00e7\u00e3o das dispensas de alvar\u00e1s para 730 atividades de baixo risco no estado, previstas na Resolu\u00e7\u00e3o do CGSIM n\u00ba 03, de 6\/4\/2024.<\/p>\n<p><u>Cr\u00e9dito para Crescer<\/u><\/p>\n<p>Durante a realiza\u00e7\u00e3o do evento \u201cConex\u00e3o Minas Livre\u201d, em maio de 2024, que reuniu mais de 400 representantes de munic\u00edpios mineiros, foi lan\u00e7ada, pelo Governo de Minas e pelo\u00a0<a id=\"OWAf9828f1f-7715-2299-dd59-e2083607f4f3\" href=\"https:\/\/www.bdmg.mg.gov.br\/\" target=\"_blank\" rel=\"noopener\">Banco de Desenvolvimento de Minas Gerais (BDMG)<\/a>, a linha de \u201cCr\u00e9dito para Crescer\u201d, destinada a micro e pequenas empresas localizadas nos munic\u00edpios que est\u00e3o no grau intermedi\u00e1rio do programa.<\/p>\n<p>Na oportunidade, tamb\u00e9m foi lan\u00e7ado um curso gratuito sobre \u201cLiberdade Econ\u00f4mica e Desburocratiza\u00e7\u00e3o\u201d, que visa capacitar gestores municipais e p\u00fablico em geral em a\u00e7\u00f5es que podem ser adotadas para promover o desenvolvimento econ\u00f4mico nos munic\u00edpios e regi\u00e3o.<br \/>\nDe acordo com o secret\u00e1rio de Estado de Desenvolvimento Econ\u00f4mico, Fernando Passalio, todas essas a\u00e7\u00f5es e resultados refor\u00e7am que o\u00a0Governo de Minas segue cumprindo com o dever de tornar mais \u00e1gil a vida daqueles que geram oportunidades para os mineiros.<\/p>\n<table border=\"0\" cellspacing=\"1\" cellpadding=\"1\" align=\"center\">\n<tbody>\n<tr>\n<td colspan=\"5\"><img decoding=\"async\" src=\"https:\/\/www.agenciaminas.mg.gov.br\/ckeditor_assets\/pictures\/20949\/content_2_olho_topo.jpg\" alt=\"\" \/><\/td>\n<\/tr>\n<tr>\n<td><\/td>\n<td colspan=\"3\" rowspan=\"3\">\n<h1><strong>&#8220;Desde o come\u00e7o da minha gest\u00e3o, temos trabalhado para recuperar a credibilidade do Estado e nos empenhado bastante para garantirmos um ambiente seguro e amigo de quem quer investir e gerar empregos para os mineiros&#8221;, destaca Romeu Zema.<\/strong><\/h1>\n<\/td>\n<td><\/td>\n<\/tr>\n<tr>\n<td><\/td>\n<td><\/td>\n<\/tr>\n<tr>\n<td><\/td>\n<td><\/td>\n<\/tr>\n<tr>\n<td colspan=\"5\"><img decoding=\"async\" src=\"https:\/\/www.agenciaminas.mg.gov.br\/ckeditor_assets\/pictures\/20950\/content_2_olho_inferior.jpg\" alt=\"\" \/><\/td>\n<\/tr>\n<\/tbody>\n<tbody>\n<tr>\n<td colspan=\"5\"><img decoding=\"async\" src=\"https:\/\/www.agenciaminas.mg.gov.br\/ckeditor_assets\/pictures\/20949\/content_2_olho_topo.jpg\" alt=\"\" \/><\/td>\n<\/tr>\n<tr>\n<td><\/td>\n<td colspan=\"3\" rowspan=\"3\">\n<h1><strong>&#8220;Os nossos munic\u00edpios est\u00e3o aderindo \u00e0 legisla\u00e7\u00e3o de liberdade econ\u00f4mica e percebendo como isso contribui para um ambiente de neg\u00f3cios favor\u00e1vel ao empreendedorismo. A desburocratiza\u00e7\u00e3o faz toda a diferen\u00e7a, principalmente para\u00a0ampliar a oferta de\u00a0empregos para cada vez mais pessoas&#8221;, afirma\u00a0Professor Mateus.<\/strong><\/h1>\n<\/td>\n<td><\/td>\n<\/tr>\n<tr>\n<td><\/td>\n<td><\/td>\n<\/tr>\n<tr>\n<td><\/td>\n<td><\/td>\n<\/tr>\n<tr>\n<td colspan=\"5\"><img decoding=\"async\" src=\"https:\/\/www.agenciaminas.mg.gov.br\/ckeditor_assets\/pictures\/20950\/content_2_olho_inferior.jpg\" alt=\"\" \/><\/td>\n<\/tr>\n<\/tbody>\n<tbody>\n<tr>\n<td colspan=\"5\"><img decoding=\"async\" src=\"https:\/\/www.agenciaminas.mg.gov.br\/ckeditor_assets\/pictures\/20949\/content_2_olho_topo.jpg\" alt=\"\" \/><\/td>\n<\/tr>\n<tr>\n<td><\/td>\n<td colspan=\"3\" rowspan=\"3\">\n<h1><strong>&#8220;Como todos sabem, para o governador Romeu Zema e para o nosso vice-governador Professor Mateus, a atra\u00e7\u00e3o de investimentos, gera\u00e7\u00e3o de emprego e desburocratiza\u00e7\u00e3o s\u00e3o fatores essenciais para que a gente possa gerar prosperidade e oportunidades em nosso estado&#8221;, comenta Fernando Passalio.<\/strong><\/h1>\n<\/td>\n<td><\/td>\n<\/tr>\n<tr>\n<td><\/td>\n<td><\/td>\n<\/tr>\n<tr>\n<td><\/td>\n<td><\/td>\n<\/tr>\n<tr>\n<td colspan=\"5\"><\/td>\n<\/tr>\n<\/tbody>\n<\/table>\n<p>Fonte: Ag\u00eancia Minas<\/p>\n","protected":false},"excerpt":{"rendered":"<p>Minas Gerais acaba\u00a0de chegar \u00e0\u00a0marca de 500 munic\u00edpios que\u00a0aderiram\u00a0\u00e0 legisla\u00e7\u00e3o de Liberdade Econ\u00f4mica, por meio do Programa Estadual de Desburocratiza\u00e7\u00e3o &#8211;\u00a0Minas Livre Para Crescer (MPLC), do\u00a0Governo de Minas. O n\u00famero representa benef\u00edcios para mais de 12 milh\u00f5es de pessoas e alcan\u00e7a\u00a0cerca de 60% do territ\u00f3rio mineiro. O munic\u00edpio de Nova Bel\u00e9m, localizado no Vale do [&hellip;]<\/p>\n","protected":false},"author":246,"featured_media":226774,"comment_status":"closed","ping_status":"closed","sticky":false,"template":"","format":"standard","meta":{"footnotes":""},"categories":[436,440,439],"tags":[],"class_list":["post-226773","post","type-post","status-publish","format-standard","has-post-thumbnail","hentry","category-destaque-da-semana","category-destaques-do-dia","category-ultima-hora"],"_links":{"self":[{"href":"https:\/\/diarioregionaldigital.com.br\/index.php?rest_route=\/wp\/v2\/posts\/226773","targetHints":{"allow":["GET"]}}],"collection":[{"href":"https:\/\/diarioregionaldigital.com.br\/index.php?rest_route=\/wp\/v2\/posts"}],"about":[{"href":"https:\/\/diarioregionaldigital.com.br\/index.php?rest_route=\/wp\/v2\/types\/post"}],"author":[{"embeddable":true,"href":"https:\/\/diarioregionaldigital.com.br\/index.php?rest_route=\/wp\/v2\/users\/246"}],"replies":[{"embeddable":true,"href":"https:\/\/diarioregionaldigital.com.br\/index.php?rest_route=%2Fwp%2Fv2%2Fcomments&post=226773"}],"version-history":[{"count":1,"href":"https:\/\/diarioregionaldigital.com.br\/index.php?rest_route=\/wp\/v2\/posts\/226773\/revisions"}],"predecessor-version":[{"id":226775,"href":"https:\/\/diarioregionaldigital.com.br\/index.php?rest_route=\/wp\/v2\/posts\/226773\/revisions\/226775"}],"wp:featuredmedia":[{"embeddable":true,"href":"https:\/\/diarioregionaldigital.com.br\/index.php?rest_route=\/wp\/v2\/media\/226774"}],"wp:attachment":[{"href":"https:\/\/diarioregionaldigital.com.br\/index.php?rest_route=%2Fwp%2Fv2%2Fmedia&parent=226773"}],"wp:term":[{"taxonomy":"category","embeddable":true,"href":"https:\/\/diarioregionaldigital.com.br\/index.php?rest_route=%2Fwp%2Fv2%2Fcategories&post=226773"},{"taxonomy":"post_tag","embeddable":true,"href":"https:\/\/diarioregionaldigital.com.br\/index.php?rest_route=%2Fwp%2Fv2%2Ftags&post=226773"}],"curies":[{"name":"wp","href":"https:\/\/api.w.org\/{rel}","templated":true}]}}