{"id":226770,"date":"2025-02-11T18:57:36","date_gmt":"2025-02-11T21:57:36","guid":{"rendered":"https:\/\/diarioregionaldigital.com.br\/?p=226770"},"modified":"2025-02-11T18:57:36","modified_gmt":"2025-02-11T21:57:36","slug":"operacao-conjunta-faz-vistoria-em-residencia-no-bairro-santa-luzia","status":"publish","type":"post","link":"https:\/\/diarioregionaldigital.com.br\/?p=226770","title":{"rendered":"Opera\u00e7\u00e3o conjunta faz vistoria em resid\u00eancia no bairro Santa Luzia"},"content":{"rendered":"<p>Segundo informa\u00e7\u00f5es do site da Prefeitura de Juiz de Fora (PJF), em uma a\u00e7\u00e3o conjunta, realizada nesta ter\u00e7a-feira (11) pelas for\u00e7as de seguran\u00e7a e Prefeitura de Juiz de Fora (PJF), uma casa no bairro Santa Luzia foi vistoriada.\u00a0 Durante a a\u00e7\u00e3o, n\u00e3o foram constatados maus-tratos aos animais do local. Trabalhadores do Canil Municipal, com a autoriza\u00e7\u00e3o dos moradores, fizeram o recolhimento de seis c\u00e3es: tr\u00eas filhotes e tr\u00eas adultos. Destes c\u00e3es adultos, duas s\u00e3o f\u00eameas e ser\u00e3o castradas no canil e, os filhotes ir\u00e3o para a ado\u00e7\u00e3o. J\u00e1 a situa\u00e7\u00e3o dos outros c\u00e3es est\u00e1 sendo analisada junto com a Pol\u00edcia Militar Ambiental.<\/p>\n<p>&nbsp;<\/p>\n","protected":false},"excerpt":{"rendered":"<p>Segundo informa\u00e7\u00f5es do site da Prefeitura de Juiz de Fora (PJF), em uma a\u00e7\u00e3o conjunta, realizada nesta ter\u00e7a-feira (11) pelas for\u00e7as de seguran\u00e7a e Prefeitura de Juiz de Fora (PJF), uma casa no bairro Santa Luzia foi vistoriada.\u00a0 Durante a a\u00e7\u00e3o, n\u00e3o foram constatados maus-tratos aos animais do local. Trabalhadores do Canil Municipal, com a [&hellip;]<\/p>\n","protected":false},"author":246,"featured_media":226771,"comment_status":"closed","ping_status":"closed","sticky":false,"template":"","format":"standard","meta":{"footnotes":""},"categories":[253,436,439],"tags":[],"class_list":["post-226770","post","type-post","status-publish","format-standard","has-post-thumbnail","hentry","category-cidade","category-destaque-da-semana","category-ultima-hora"],"_links":{"self":[{"href":"https:\/\/diarioregionaldigital.com.br\/index.php?rest_route=\/wp\/v2\/posts\/226770","targetHints":{"allow":["GET"]}}],"collection":[{"href":"https:\/\/diarioregionaldigital.com.br\/index.php?rest_route=\/wp\/v2\/posts"}],"about":[{"href":"https:\/\/diarioregionaldigital.com.br\/index.php?rest_route=\/wp\/v2\/types\/post"}],"author":[{"embeddable":true,"href":"https:\/\/diarioregionaldigital.com.br\/index.php?rest_route=\/wp\/v2\/users\/246"}],"replies":[{"embeddable":true,"href":"https:\/\/diarioregionaldigital.com.br\/index.php?rest_route=%2Fwp%2Fv2%2Fcomments&post=226770"}],"version-history":[{"count":1,"href":"https:\/\/diarioregionaldigital.com.br\/index.php?rest_route=\/wp\/v2\/posts\/226770\/revisions"}],"predecessor-version":[{"id":226772,"href":"https:\/\/diarioregionaldigital.com.br\/index.php?rest_route=\/wp\/v2\/posts\/226770\/revisions\/226772"}],"wp:featuredmedia":[{"embeddable":true,"href":"https:\/\/diarioregionaldigital.com.br\/index.php?rest_route=\/wp\/v2\/media\/226771"}],"wp:attachment":[{"href":"https:\/\/diarioregionaldigital.com.br\/index.php?rest_route=%2Fwp%2Fv2%2Fmedia&parent=226770"}],"wp:term":[{"taxonomy":"category","embeddable":true,"href":"https:\/\/diarioregionaldigital.com.br\/index.php?rest_route=%2Fwp%2Fv2%2Fcategories&post=226770"},{"taxonomy":"post_tag","embeddable":true,"href":"https:\/\/diarioregionaldigital.com.br\/index.php?rest_route=%2Fwp%2Fv2%2Ftags&post=226770"}],"curies":[{"name":"wp","href":"https:\/\/api.w.org\/{rel}","templated":true}]}}