{"id":226767,"date":"2025-02-11T18:56:04","date_gmt":"2025-02-11T21:56:04","guid":{"rendered":"https:\/\/diarioregionaldigital.com.br\/?p=226767"},"modified":"2025-02-11T18:56:04","modified_gmt":"2025-02-11T21:56:04","slug":"companhia-eita-apresenta-dobradinha-de-pecas-no-teatro-paschoal-carlos-magno","status":"publish","type":"post","link":"https:\/\/diarioregionaldigital.com.br\/?p=226767","title":{"rendered":"Companhia EITA! apresenta dobradinha de pe\u00e7as no Teatro Paschoal Carlos Magno"},"content":{"rendered":"<p>Segundo informa\u00e7\u00f5es do site da Prefeitura de Juiz de Fora (PJF), a\u00a0Companhia EITA! abre o ano de 2025 trazendo duas montagens que prometem emocionar e encantar o p\u00fablico de Juiz de Fora. Nos dias 20 e 21 de fevereiro, o Teatro Paschoal Carlos Magno recebe a pe\u00e7a \u201cQuanto vale?\u201d, uma reflex\u00e3o sobre a luta pela dignidade e os la\u00e7os familiares. Nos dias 22 e 23, ser\u00e1 a vez de \u201cAlice\u201d, uma adapta\u00e7\u00e3o irreverente do cl\u00e1ssico \u201cAlice no Pa\u00eds das Maravilhas\u201d, com uma roupagem local e cheia de humor. As apresenta\u00e7\u00f5es ocorrer\u00e3o sempre \u00e0s 20h.<\/p>\n<p><strong>Quanto\u00a0<\/strong><strong>v<\/strong><strong>ale?<\/strong><\/p>\n<p>Com dire\u00e7\u00e3o e dramaturgia de Lucas Nunes, \u201cQuanto\u00a0vale?\u201d<em>\u00a0<\/em>\u00e9 a segunda montagem da Cia EITA!. A pe\u00e7a acompanha a jornada de Vida e sua m\u00e3e Maria, que enfrentam a iminente perda de sua casa. Em meio a mem\u00f3rias de um nascimento repleto de f\u00e9 e sacrif\u00edcio, a narrativa explora os la\u00e7os familiares, revelando tens\u00f5es e m\u00e1goas escondidas. O quintal serve como ref\u00fagio e s\u00edmbolo de estabilidade para Vida, que tenta, a seu modo, trazer normalidade ao caos. Enquanto rachaduras na casa e nos relacionamentos se tornam evidentes, visitas inesperadas e conselhos maternos desafiam a protagonista a encontrar for\u00e7a e resili\u00eancia. \u201cQuanto\u00a0vale?\u201d \u00e9 uma reflex\u00e3o poderosa sobre amor, sacrif\u00edcio e a luta pela dignidade, instigando o p\u00fablico a ponderar sobre as coisas que de fato importam na vida.<\/p>\n<p>O espet\u00e1culo \u201cQuanto\u00a0vale?\u201d\u00a0foi contemplado pela Lei Paulo Gustavo 2023, no Edital Multicultural, gerido pela\u00a0Funda\u00e7\u00e3o\u00a0Cultural\u00a0Alfredo Ferreira Lage (Funalfa), garantindo apoio para a cena cultural local.<\/p>\n<p><strong>Alice<\/strong><\/p>\n<p>J\u00e1 \u201cAlice\u201d, adaptada por Lucas Nunes e Caio Valle, \u00e9 resultado da primeira oficina de montagem teatral realizada pela EITA! no Moinho, na\u00a0Zona\u00a0Norte do munic\u00edpio. O espet\u00e1culo oferece uma nova perspectiva sobre o cl\u00e1ssico de Lewis Carroll. Ambientada em Juiz de Fora, a hist\u00f3ria apresenta a protagonista Alice em uma jornada cheia de surpresas e elementos locais inusitados, como um ch\u00e1 encantador de caf\u00e9 e p\u00e3o de queijo e um jogo de cr\u00edquete maluco com a rainha. Essa vers\u00e3o da hist\u00f3ria cl\u00e1ssica\u00a0mistura o l\u00fadico com o local, trazendo humor e reflex\u00e3o sobre os desafios da vida.<\/p>\n<p><strong>Servi\u00e7o:<\/strong><\/p>\n<p>Onde:\u00a0Teatro Paschoal Carlos Magno\u00a0(Rua Gilberto de Alencar, atr\u00e1s da Igreja S\u00e3o Sebasti\u00e3o, Centro)<\/p>\n<p>Quando: &#8220;Quanto\u00a0vale?&#8221; \u2013 20 e 21 de fevereiro de 2025\u00a0\/ &#8220;Alice&#8221; \u2013 22 e 23 de fevereiro de 2025<\/p>\n<p>Ingressos dispon\u00edveis no Sympla:\u00a0<a href=\"https:\/\/www.sympla.com.br\/evento\/E-eita-atrAs-de-eita-quanto-vale-e-alice-no-teatro-paschoal-carlos-magno\/2804038\" target=\"_blank\" rel=\"noopener\"><u>https:\/\/www.sympla.com.br\/evento\/E-eita-atrAs-de-eita-quanto-vale-e-alice-no-teatro-paschoal-carlos-magno\/2804038<\/u><\/a><\/p>\n<p><strong>Outras informa\u00e7\u00f5es:<\/strong><\/p>\n<p><strong>Lucas Nunes:\u00a0<\/strong>(32)\u00a099173-8909 (WhatsApp)<\/p>\n<p><strong>Ana Luiza Pires:\u00a0<\/strong><a href=\"mailto:analuizapires.ufjf@gmail.com\" target=\"_blank\" rel=\"noopener\"><u>analuizapires.ufjf@gmail.com<\/u><\/a>\u00a0ou\u00a0(32)\u00a099959-2983 (WhatsApp)<\/p>\n<p><strong>Instagram:<\/strong>\u00a0<a href=\"http:\/\/instagram.com\/ciaeita\">@ciaeita\u00a0<\/a><\/p>\n<p>&nbsp;<\/p>\n<p><strong>Cr\u00e9dito da foto:<\/strong>\u00a0Thiago Britto<\/p>\n","protected":false},"excerpt":{"rendered":"<p>Segundo informa\u00e7\u00f5es do site da Prefeitura de Juiz de Fora (PJF), a\u00a0Companhia EITA! abre o ano de 2025 trazendo duas montagens que prometem emocionar e encantar o p\u00fablico de Juiz de Fora. Nos dias 20 e 21 de fevereiro, o Teatro Paschoal Carlos Magno recebe a pe\u00e7a \u201cQuanto vale?\u201d, uma reflex\u00e3o sobre a luta pela [&hellip;]<\/p>\n","protected":false},"author":246,"featured_media":226768,"comment_status":"closed","ping_status":"closed","sticky":false,"template":"","format":"standard","meta":{"footnotes":""},"categories":[253,436,439],"tags":[],"class_list":["post-226767","post","type-post","status-publish","format-standard","has-post-thumbnail","hentry","category-cidade","category-destaque-da-semana","category-ultima-hora"],"_links":{"self":[{"href":"https:\/\/diarioregionaldigital.com.br\/index.php?rest_route=\/wp\/v2\/posts\/226767","targetHints":{"allow":["GET"]}}],"collection":[{"href":"https:\/\/diarioregionaldigital.com.br\/index.php?rest_route=\/wp\/v2\/posts"}],"about":[{"href":"https:\/\/diarioregionaldigital.com.br\/index.php?rest_route=\/wp\/v2\/types\/post"}],"author":[{"embeddable":true,"href":"https:\/\/diarioregionaldigital.com.br\/index.php?rest_route=\/wp\/v2\/users\/246"}],"replies":[{"embeddable":true,"href":"https:\/\/diarioregionaldigital.com.br\/index.php?rest_route=%2Fwp%2Fv2%2Fcomments&post=226767"}],"version-history":[{"count":1,"href":"https:\/\/diarioregionaldigital.com.br\/index.php?rest_route=\/wp\/v2\/posts\/226767\/revisions"}],"predecessor-version":[{"id":226769,"href":"https:\/\/diarioregionaldigital.com.br\/index.php?rest_route=\/wp\/v2\/posts\/226767\/revisions\/226769"}],"wp:featuredmedia":[{"embeddable":true,"href":"https:\/\/diarioregionaldigital.com.br\/index.php?rest_route=\/wp\/v2\/media\/226768"}],"wp:attachment":[{"href":"https:\/\/diarioregionaldigital.com.br\/index.php?rest_route=%2Fwp%2Fv2%2Fmedia&parent=226767"}],"wp:term":[{"taxonomy":"category","embeddable":true,"href":"https:\/\/diarioregionaldigital.com.br\/index.php?rest_route=%2Fwp%2Fv2%2Fcategories&post=226767"},{"taxonomy":"post_tag","embeddable":true,"href":"https:\/\/diarioregionaldigital.com.br\/index.php?rest_route=%2Fwp%2Fv2%2Ftags&post=226767"}],"curies":[{"name":"wp","href":"https:\/\/api.w.org\/{rel}","templated":true}]}}