{"id":226698,"date":"2025-02-07T18:43:45","date_gmt":"2025-02-07T21:43:45","guid":{"rendered":"https:\/\/diarioregionaldigital.com.br\/?p=226698"},"modified":"2025-02-07T18:43:45","modified_gmt":"2025-02-07T21:43:45","slug":"com-apoio-do-governo-de-minas-belo-horizonte-tera-voos-diretos-para-bariloche","status":"publish","type":"post","link":"https:\/\/diarioregionaldigital.com.br\/?p=226698","title":{"rendered":"Com apoio do Governo de Minas, Belo Horizonte ter\u00e1 voos diretos para Bariloche"},"content":{"rendered":"<p>A partir do dia 25\/6, os mineiros e mineiras v\u00e3o ganhar mais uma op\u00e7\u00e3o de destino partindo do aeroporto de Confins, na Regi\u00e3o Metropolitana de Belo Horizonte. De forma in\u00e9dita, a companhia a\u00e9rea Azul vai abrir uma rota direta da capital mineira para Bariloche, na Argentina, durante todo o inverno do pa\u00eds vizinho. A rota estar\u00e1 dispon\u00edvel entre os dias 25\/6\u00a0e 20\/8\u00a0de 2025.<\/p>\n<p>Esta nova op\u00e7\u00e3o de turismo para mineiras e mineiros foi poss\u00edvel gra\u00e7as ao apoio do\u00a0<a id=\"OWAa1881f62-25e5-80bd-c818-5599f955c4fe\" title=\"https:\/\/www.mg.gov.br\/\" href=\"https:\/\/www.mg.gov.br\/\" target=\"_blank\" rel=\"noopener noreferrer\" data-auth=\"NotApplicable\" data-linkindex=\"0\">Governo de Minas<\/a>, por meio da\u00a0<a id=\"OWA440780fb-58ee-649e-bddd-1d1449ea68b9\" title=\"https:\/\/desenvolvimento.mg.gov.br\/\" href=\"https:\/\/desenvolvimento.mg.gov.br\/\" target=\"_blank\" rel=\"noopener noreferrer\" data-auth=\"NotApplicable\" data-linkindex=\"1\">Secretaria de Estado de Desenvolvimento Econ\u00f4mico (Sede-MG)<\/a>\u00a0e de sua ag\u00eancia vinculada\u00a0<a id=\"OWAfc223df2-918c-9e1a-549a-369c3bfc9a87\" title=\"https:\/\/investminas.mg.gov.br\/\" href=\"https:\/\/investminas.mg.gov.br\/\" target=\"_blank\" rel=\"noopener noreferrer\" data-auth=\"NotApplicable\" data-linkindex=\"2\">Invest Minas<\/a>.<\/p>\n<p>Para o secret\u00e1rio de Estado de Desenvolvimento Econ\u00f4mico, Fernando Passalio, a nova rota pode ressaltar a rela\u00e7\u00e3o do estado com o pa\u00eds. &#8220;Com o avan\u00e7o da economia argentina sob a gest\u00e3o do presidente Javier Milei, essa rota fortalece Minas Gerais como um hub estrat\u00e9gico para o turismo de neg\u00f3cios e abre perspectivas para novas oportunidades de com\u00e9rcio e investimentos. Minas est\u00e1 cada vez mais conectada ao mundo, refor\u00e7ando sua voca\u00e7\u00e3o como um estado que recebe bem e gera oportunidades para quem quer crescer&#8221;, destacou.<\/p>\n<p>Bariloche \u00e9 um dos destinos mais procurados pelos brasileiros na temporada de inverno, por ser um local com neve e esta\u00e7\u00f5es de esqui, al\u00e9m de diversas op\u00e7\u00f5es de passeios para curtir as belas paisagens dos lagos andinos.<\/p>\n<p>O secret\u00e1rio de Estado de Cultura e Turismo de Minas Gerais, Le\u00f4nidas Oliveira,\u00a0destacou a import\u00e2ncia da amplia\u00e7\u00e3o da malha a\u00e9rea para fortalecer o turismo mineiro.<\/p>\n<p>\u201cA conectividade a\u00e9rea \u00e9 fundamental para o desenvolvimento do turismo e da economia de Minas Gerais. Esse novo voo refor\u00e7a nosso estado como um hub a\u00e9reo estrat\u00e9gico e amplia as possibilidades de interc\u00e2mbio tur\u00edstico e cultural. Bariloche \u00e9 um destino ic\u00f4nico no inverno, e agora os mineiros ter\u00e3o mais facilidade para explor\u00e1-lo. Ao mesmo tempo, a nova conex\u00e3o tamb\u00e9m fortalece a visibilidade de Minas no cen\u00e1rio internacional\u201d, disse.<\/p>\n<p>Desde o in\u00edcio da atual gest\u00e3o do Governo do Estado, a InvestMinas trabalha em parceria com a companhia a\u00e9rea e os respons\u00e1veis pelo Aeroporto de Confins para aumentar o n\u00famero de destinos ligados a Minas Gerais.<\/p>\n<p>\u201cTrata-se de mais um movimento marcante para o setor a\u00e9reo de passageiros em Minas e no Brasil. Estamos falando de uma rota in\u00e9dita entre o estado e Bariloche, proporcionando maior conectividade e praticidade para os mineiros. Demonstra claramente o resultado positivo de duas importantes frentes, a pol\u00edtica p\u00fablica do Governo de Minas voltada \u00e0 atra\u00e7\u00e3o de novos voos e a confian\u00e7a da empresa Azul e da BH Airport, considerando a grande demanda de passageiros para essa nova rota\u201d, celebrou o diretor de Atra\u00e7\u00e3o de Investimentos da Invest Minas, Ronaldo Barquette.<\/p>\n<p>Ao todo ser\u00e3o 34 voos entre as cidades, uma oferta de 5,7 mil assentos. Os voos ser\u00e3o operados por aeronaves Airbus A320, com capacidade para 168 passageiros e ocorrer\u00e3o \u00e0s quartas e domingos.<\/p>\n<p>\u201cPor conta da procura, este ano, teremos estes voos diretos, o que vai oferecer ainda mais comodidade para os mineiros, principalmente, devido a conectividade que temos a partir do aeroporto com regi\u00f5es do interior de Minas, al\u00e9m de facilitar tamb\u00e9m a conex\u00e3o para quem vem do Centro-Oeste e Norte do pa\u00eds\u201d, analisou o gerente geral de Malha, Planejamento Estrat\u00e9gico e Alian\u00e7as da Azul, Vitor Silva.<\/p>\n<p>Fonte: Ag\u00eancia Minas<\/p>\n","protected":false},"excerpt":{"rendered":"<p>A partir do dia 25\/6, os mineiros e mineiras v\u00e3o ganhar mais uma op\u00e7\u00e3o de destino partindo do aeroporto de Confins, na Regi\u00e3o Metropolitana de Belo Horizonte. De forma in\u00e9dita, a companhia a\u00e9rea Azul vai abrir uma rota direta da capital mineira para Bariloche, na Argentina, durante todo o inverno do pa\u00eds vizinho. A rota [&hellip;]<\/p>\n","protected":false},"author":246,"featured_media":226699,"comment_status":"closed","ping_status":"closed","sticky":false,"template":"","format":"standard","meta":{"footnotes":""},"categories":[436,261,254,439],"tags":[],"class_list":["post-226698","post","type-post","status-publish","format-standard","has-post-thumbnail","hentry","category-destaque-da-semana","category-economia","category-politica","category-ultima-hora"],"_links":{"self":[{"href":"https:\/\/diarioregionaldigital.com.br\/index.php?rest_route=\/wp\/v2\/posts\/226698","targetHints":{"allow":["GET"]}}],"collection":[{"href":"https:\/\/diarioregionaldigital.com.br\/index.php?rest_route=\/wp\/v2\/posts"}],"about":[{"href":"https:\/\/diarioregionaldigital.com.br\/index.php?rest_route=\/wp\/v2\/types\/post"}],"author":[{"embeddable":true,"href":"https:\/\/diarioregionaldigital.com.br\/index.php?rest_route=\/wp\/v2\/users\/246"}],"replies":[{"embeddable":true,"href":"https:\/\/diarioregionaldigital.com.br\/index.php?rest_route=%2Fwp%2Fv2%2Fcomments&post=226698"}],"version-history":[{"count":1,"href":"https:\/\/diarioregionaldigital.com.br\/index.php?rest_route=\/wp\/v2\/posts\/226698\/revisions"}],"predecessor-version":[{"id":226700,"href":"https:\/\/diarioregionaldigital.com.br\/index.php?rest_route=\/wp\/v2\/posts\/226698\/revisions\/226700"}],"wp:featuredmedia":[{"embeddable":true,"href":"https:\/\/diarioregionaldigital.com.br\/index.php?rest_route=\/wp\/v2\/media\/226699"}],"wp:attachment":[{"href":"https:\/\/diarioregionaldigital.com.br\/index.php?rest_route=%2Fwp%2Fv2%2Fmedia&parent=226698"}],"wp:term":[{"taxonomy":"category","embeddable":true,"href":"https:\/\/diarioregionaldigital.com.br\/index.php?rest_route=%2Fwp%2Fv2%2Fcategories&post=226698"},{"taxonomy":"post_tag","embeddable":true,"href":"https:\/\/diarioregionaldigital.com.br\/index.php?rest_route=%2Fwp%2Fv2%2Ftags&post=226698"}],"curies":[{"name":"wp","href":"https:\/\/api.w.org\/{rel}","templated":true}]}}