{"id":226695,"date":"2025-02-07T18:42:00","date_gmt":"2025-02-07T21:42:00","guid":{"rendered":"https:\/\/diarioregionaldigital.com.br\/?p=226695"},"modified":"2025-02-07T18:42:00","modified_gmt":"2025-02-07T21:42:00","slug":"secretaria-de-educacao-anuncia-investimentos-em-tecnologia-para-modernizar-a-rede-publica-de-minas-gerais","status":"publish","type":"post","link":"https:\/\/diarioregionaldigital.com.br\/?p=226695","title":{"rendered":"Secretaria de Educa\u00e7\u00e3o anuncia investimentos em tecnologia para modernizar a rede p\u00fablica de Minas Gerais"},"content":{"rendered":"<p xml:lang=\"PT-BR\">A\u00a0<a href=\"https:\/\/www.educacao.mg.gov.br\/\" target=\"_blank\" rel=\"noreferrer noopener\">Secretaria de Estado de Educa\u00e7\u00e3o de Minas Gerais (SEE\/MG)<\/a>\u00a0anunciou, durante o 1\u00ba Encontro de Gestores Escolares, novidades que marcam o compromisso do\u00a0<a href=\"https:\/\/www.mg.gov.br\/\" target=\"_blank\" rel=\"noreferrer noopener\">Governo de Minas<\/a>\u00a0com a moderniza\u00e7\u00e3o do ensino p\u00fablico do estado. O evento, que est\u00e1 sendo realizado no Expominas, em Belo Horizonte, entre os dias 6 e 8\/2, mostra o compromisso da gest\u00e3o estadual em aliar inova\u00e7\u00e3o, tecnologia e qualifica\u00e7\u00e3o pedag\u00f3gica para transformar a educa\u00e7\u00e3o mineira.<\/p>\n<p>Para os mais de 3 mil diretores reunidos, o secret\u00e1rio de Educa\u00e7\u00e3o, Igor de Alvarenga, destacou a lideran\u00e7a dos gestores.<\/p>\n<p>&nbsp;<\/p>\n<table border=\"0\" cellspacing=\"1\" cellpadding=\"1\" align=\"center\">\n<tbody>\n<tr>\n<td colspan=\"5\"><img decoding=\"async\" src=\"https:\/\/www.agenciaminas.mg.gov.br\/ckeditor_assets\/pictures\/20949\/content_2_olho_topo.jpg\" alt=\"\" \/><\/td>\n<\/tr>\n<tr>\n<td><\/td>\n<td colspan=\"3\" rowspan=\"3\">\n<h1><strong>&#8220;O diretor \u00e9 o secret\u00e1rio de educa\u00e7\u00e3o dentro da escola. Queremos voc\u00eas cada vez mais pr\u00f3ximos das superintend\u00eancias e da secretaria, garantindo que a escola funcione para nossos estudantes&#8221;, pontuou o secret\u00e1rio.<\/strong><\/h1>\n<\/td>\n<td><\/td>\n<\/tr>\n<tr>\n<td><\/td>\n<td><\/td>\n<\/tr>\n<tr>\n<td><\/td>\n<td><\/td>\n<\/tr>\n<tr>\n<td colspan=\"5\"><img decoding=\"async\" src=\"https:\/\/www.agenciaminas.mg.gov.br\/ckeditor_assets\/pictures\/20950\/content_2_olho_inferior.jpg\" alt=\"\" \/><\/td>\n<\/tr>\n<\/tbody>\n<\/table>\n<p>&nbsp;<\/p>\n<p xml:lang=\"PT-BR\">A abertura do evento contou com a participa\u00e7\u00e3o do governador, Romeu Zema, que ressaltou\u00a0os avan\u00e7os da gest\u00e3o estadual na \u00e1rea, como o\u00a0pagamento de mais de 36 mil\u00a0f\u00e9rias-pr\u00eamio, totalizando mais de R$ 754 milh\u00f5es, de 2019 a 2024. No segundo dia do encontro, o vice-governador, Professor Mateus, fez a entrega simb\u00f3lica de mais de 3 mil\u00a0Chromebooks para\u00a0todos os diretores da rede estadual de ensino. O objetivo \u00e9\u00a0facilitar o dia a dia dos gestores escolares em suas atribui\u00e7\u00f5es e na administra\u00e7\u00e3o das escolas.<\/p>\n<p><strong>Inova\u00e7\u00e3o<\/strong><\/p>\n<p>Uma das principais novidades apresentadas foi a aquisi\u00e7\u00e3o do Google Workspace for Education Plus, que beneficiar\u00e1 mais de 1,36 milh\u00e3o de estudantes e 245 mil servidores com ferramentas tecnol\u00f3gicas avan\u00e7adas. A parceria inclui a implementa\u00e7\u00e3o de um sistema automatizado de hor\u00e1rios, otimizando a gest\u00e3o escolar, al\u00e9m de treinamentos para os educadores.<\/p>\n<p>A subsecret\u00e1ria de Desenvolvimento da Educa\u00e7\u00e3o B\u00e1sica, Kellen Senra, ressaltou a import\u00e2ncia da integra\u00e7\u00e3o tecnol\u00f3gica para apoiar o aprendizado. &#8220;Estamos trazendo ferramentas que oferecem relat\u00f3rios detalhados, ajudando a construir e repensar interven\u00e7\u00f5es pedag\u00f3gicas. Com essas solu\u00e7\u00f5es, identificamos quais estudantes precisam de mais apoio e podemos agir com precis\u00e3o&#8221;, afirma.<\/p>\n<p>Representante do Google for Education, Larissa Silveira, destacou Minas Gerais como refer\u00eancia nacional e internacional em inova\u00e7\u00e3o educacional. &#8220;Quando compartilhamos a experi\u00eancia de Minas com times globais, vemos que muitos pa\u00edses se inspiram no que est\u00e1 sendo feito aqui&#8221;.<\/p>\n<p><strong>Expans\u00e3o Enem MG<\/strong><\/p>\n<p>Outro an\u00fancio foi a expans\u00e3o da plataforma\u00a0<a href=\"https:\/\/mg.estudoplay.com.br\/plataforma\/login\" target=\"_blank\" rel=\"noreferrer noopener\">Enem MG<\/a>, desenvolvida em parceria com a Estudo Play. A partir de 2025, a ferramenta estar\u00e1 dispon\u00edvel para todos os estudantes do ensino m\u00e9dio e da Educa\u00e7\u00e3o de Jovens e Adultos (EJA), proporcionando acesso a materiais did\u00e1ticos, videoaulas, corre\u00e7\u00e3o de reda\u00e7\u00e3o e um simulador do Sistema de Sele\u00e7\u00e3o Unificada (Sisu).<\/p>\n<p>At\u00e9 ent\u00e3o, apenas os alunos do 3\u00ba ano do ensino m\u00e9dio tinham acesso \u00e0 plataforma. Com a amplia\u00e7\u00e3o, os estudantes poder\u00e3o se preparar para o Enem ao longo dos tr\u00eas anos do ensino m\u00e9dio.<\/p>\n<p><strong>Avan\u00e7os do DED+<\/strong><\/p>\n<p>A moderniza\u00e7\u00e3o da rede estadual tamb\u00e9m avan\u00e7a com a amplia\u00e7\u00e3o do\u00a0<a href=\"http:\/\/dedmais.educacao.mg.gov.br\/\" target=\"_blank\" rel=\"noreferrer noopener\">Di\u00e1rio Escolar Digital (DED+)<\/a>, que j\u00e1 conta com quase 10 mil usu\u00e1rios e 1,6 milh\u00e3o de acessos. O sistema foi desenvolvido com base nas sugest\u00f5es de professores, especialistas e diretores, e em 2025 ganhar\u00e1 novas funcionalidades.<\/p>\n<p>O coordenador da Assessoria de Inova\u00e7\u00e3o da SEE\/MG, Magno Torquette, falou sobre a escuta ativa da rede para o aprimoramento da ferramenta. &#8220;O DED+ foi constru\u00eddo ouvindo os diretores. Precisamos estar nas escolas para entender as demandas reais, implementar melhorias e corrigir falhas de forma \u00e1gil&#8221;, explicou. Al\u00e9m das funcionalidades j\u00e1 dispon\u00edveis, uma vers\u00e3o para o Especialista da Educa\u00e7\u00e3o B\u00e1sica (EEB) ser\u00e1 lan\u00e7ada.<\/p>\n<p>Outro avan\u00e7o \u00e9 o\u00a0<a href=\"http:\/\/www.edoc.educacao.mg.gov.br\/\" target=\"_blank\" rel=\"noreferrer noopener\">Sistema de Assinatura Digital de Documentos Escolares (eDoc)<\/a>, desenvolvido pela\u00a0<a href=\"https:\/\/www.prodemge.gov.br\/\" target=\"_blank\" rel=\"noreferrer noopener\">Prodemge<\/a>. A plataforma permitir\u00e1 a assinatura digital de documentos, eliminando a necessidade de deslocamento f\u00edsico dos estudantes e respons\u00e1veis para a realiza\u00e7\u00e3o de procedimentos administrativos.<\/p>\n<p><strong>Parcerias<\/strong><\/p>\n<p>Al\u00e9m dos investimentos em tecnologia, o evento tamb\u00e9m consolidou parcerias estrat\u00e9gicas que fortalecem a qualidade do ensino na rede estadual. Entre elas, a Britannica Education, que oferece um vasto acervo educacional digital.<\/p>\n<p>A Elefante Letrado disponibiliza uma plataforma interativa de leitura, com livros organizados por n\u00edveis de profici\u00eancia, focado no desenvolvimento da flu\u00eancia e compreens\u00e3o textual.<\/p>\n<p>No campo do desenvolvimento socioemocional, o Instituto Hortense atuar\u00e1 na forma\u00e7\u00e3o de docentes para promover um ambiente escolar mais acolhedor para os estudantes. Al\u00e9m disso, a Funda\u00e7\u00e3o de Desenvolvimento Gerencial (FDG) implementa metodologias de gest\u00e3o voltadas para a efici\u00eancia administrativa.<\/p>\n<p>Fonte: Ag\u00eancia Minas<\/p>\n","protected":false},"excerpt":{"rendered":"<p>A\u00a0Secretaria de Estado de Educa\u00e7\u00e3o de Minas Gerais (SEE\/MG)\u00a0anunciou, durante o 1\u00ba Encontro de Gestores Escolares, novidades que marcam o compromisso do\u00a0Governo de Minas\u00a0com a moderniza\u00e7\u00e3o do ensino p\u00fablico do estado. O evento, que est\u00e1 sendo realizado no Expominas, em Belo Horizonte, entre os dias 6 e 8\/2, mostra o compromisso da gest\u00e3o estadual em [&hellip;]<\/p>\n","protected":false},"author":246,"featured_media":226696,"comment_status":"closed","ping_status":"closed","sticky":false,"template":"","format":"standard","meta":{"footnotes":""},"categories":[436,261,254,439],"tags":[],"class_list":["post-226695","post","type-post","status-publish","format-standard","has-post-thumbnail","hentry","category-destaque-da-semana","category-economia","category-politica","category-ultima-hora"],"_links":{"self":[{"href":"https:\/\/diarioregionaldigital.com.br\/index.php?rest_route=\/wp\/v2\/posts\/226695","targetHints":{"allow":["GET"]}}],"collection":[{"href":"https:\/\/diarioregionaldigital.com.br\/index.php?rest_route=\/wp\/v2\/posts"}],"about":[{"href":"https:\/\/diarioregionaldigital.com.br\/index.php?rest_route=\/wp\/v2\/types\/post"}],"author":[{"embeddable":true,"href":"https:\/\/diarioregionaldigital.com.br\/index.php?rest_route=\/wp\/v2\/users\/246"}],"replies":[{"embeddable":true,"href":"https:\/\/diarioregionaldigital.com.br\/index.php?rest_route=%2Fwp%2Fv2%2Fcomments&post=226695"}],"version-history":[{"count":1,"href":"https:\/\/diarioregionaldigital.com.br\/index.php?rest_route=\/wp\/v2\/posts\/226695\/revisions"}],"predecessor-version":[{"id":226697,"href":"https:\/\/diarioregionaldigital.com.br\/index.php?rest_route=\/wp\/v2\/posts\/226695\/revisions\/226697"}],"wp:featuredmedia":[{"embeddable":true,"href":"https:\/\/diarioregionaldigital.com.br\/index.php?rest_route=\/wp\/v2\/media\/226696"}],"wp:attachment":[{"href":"https:\/\/diarioregionaldigital.com.br\/index.php?rest_route=%2Fwp%2Fv2%2Fmedia&parent=226695"}],"wp:term":[{"taxonomy":"category","embeddable":true,"href":"https:\/\/diarioregionaldigital.com.br\/index.php?rest_route=%2Fwp%2Fv2%2Fcategories&post=226695"},{"taxonomy":"post_tag","embeddable":true,"href":"https:\/\/diarioregionaldigital.com.br\/index.php?rest_route=%2Fwp%2Fv2%2Ftags&post=226695"}],"curies":[{"name":"wp","href":"https:\/\/api.w.org\/{rel}","templated":true}]}}