{"id":226689,"date":"2025-02-07T18:39:07","date_gmt":"2025-02-07T21:39:07","guid":{"rendered":"https:\/\/diarioregionaldigital.com.br\/?p=226689"},"modified":"2025-02-07T18:39:07","modified_gmt":"2025-02-07T21:39:07","slug":"impulsionado-por-acoes-do-governo-do-estado-minas-gerais-esta-entre-os-tres-destinos-mais-procurados-do-brasil-para-o-carnaval","status":"publish","type":"post","link":"https:\/\/diarioregionaldigital.com.br\/?p=226689","title":{"rendered":"Impulsionado por a\u00e7\u00f5es do Governo do Estado, Minas Gerais est\u00e1 entre os tr\u00eas destinos mais procurados do Brasil para o Carnaval"},"content":{"rendered":"<p>Minas Gerais se destaca como um dos tr\u00eas destinos mais procurados do Brasil para o Carnaval, ao lado de Pernambuco e S\u00e3o Paulo, segundo dados da Azul Linhas A\u00e9reas. Para atender \u00e0 crescente demanda, a companhia anunciou a disponibiliza\u00e7\u00e3o de mais de 46 mil assentos extras em 290 voos adicionais, refor\u00e7ando a conectividade com os destinos mais buscados durante o per\u00edodo festivo.<\/p>\n<p>Esse aumento na oferta de voos reflete o impacto das a\u00e7\u00f5es estrat\u00e9gicas do\u00a0<a href=\"https:\/\/www.mg.gov.br\/\" target=\"_blank\" rel=\"noreferrer noopener\">Governo de Minas<\/a>, que intensificou a promo\u00e7\u00e3o do estado em diversas capitais do pa\u00eds. A campanha de divulga\u00e7\u00e3o do Carnaval da Liberdade e das experi\u00eancias tur\u00edsticas mineiras foi amplamente trabalhada em cidades como S\u00e3o Paulo, Rio de Janeiro, Bras\u00edlia e Recife, despertando o interesse dos viajantes.<\/p>\n<p>Especificamente para Belo Horizonte, a Azul programou 108 voos extras entre 26\/2 e 9\/3\/2025, somando mais de 15 mil assentos adicionais no Aeroporto Internacional de Belo Horizonte (Confins). As opera\u00e7\u00f5es incluem partidas e chegadas na capital mineira, conectando-a a destinos tur\u00edsticos do Nordeste, como Jo\u00e3o Pessoa (PB), Macei\u00f3 (AL), Natal (RN), Aracaju (SE), Salvador (BA) e Porto Seguro (BA).<\/p>\n<p>A secret\u00e1ria adjunta de Comunica\u00e7\u00e3o de Minas Gerais, B\u00e1rbara Bottega, destaca o papel dessas a\u00e7\u00f5es na alta procura pelo estado. &#8220;Os resultados demonstram a efic\u00e1cia da estrat\u00e9gia de promo\u00e7\u00e3o de Minas Gerais como um dos principais destinos tur\u00edsticos do pa\u00eds. Trabalhamos a divulga\u00e7\u00e3o em v\u00e1rias capitais, refor\u00e7ando o Carnaval da Liberdade e as experi\u00eancias \u00fanicas do nosso estado, o que se reflete no aumento da demanda a\u00e9rea&#8221;.<\/p>\n<p>O secret\u00e1rio de Estado de\u00a0<a href=\"https:\/\/www.secult.mg.gov.br\/\" target=\"_blank\" rel=\"noreferrer noopener\">Cultura e Turismo<\/a>\u00a0de Minas Gerais, Le\u00f4nidas de Oliveira, enfatiza a diversidade do turismo mineiro como um diferencial competitivo. &#8220;Minas Gerais \u00e9 plural. Temos um dos carnavais mais vibrantes do pa\u00eds e, ao mesmo tempo, oferecemos ref\u00fagios culturais e naturais que encantam os visitantes. Esse equil\u00edbrio fortalece nosso turismo e atrai cada vez mais pessoas para vivenciar Minas&#8221;.<\/p>\n<p>Com a amplia\u00e7\u00e3o das conex\u00f5es a\u00e9reas e a crescente visibilidade do turismo mineiro, Minas Gerais reafirma seu protagonismo no Carnaval e se destaca como um dos destinos mais procurados do Brasil para 2025.<\/p>\n<p>Fonte: Ag\u00eancia Minas<\/p>\n","protected":false},"excerpt":{"rendered":"<p>Minas Gerais se destaca como um dos tr\u00eas destinos mais procurados do Brasil para o Carnaval, ao lado de Pernambuco e S\u00e3o Paulo, segundo dados da Azul Linhas A\u00e9reas. Para atender \u00e0 crescente demanda, a companhia anunciou a disponibiliza\u00e7\u00e3o de mais de 46 mil assentos extras em 290 voos adicionais, refor\u00e7ando a conectividade com os [&hellip;]<\/p>\n","protected":false},"author":246,"featured_media":226690,"comment_status":"closed","ping_status":"closed","sticky":false,"template":"","format":"standard","meta":{"footnotes":""},"categories":[436,440,261,439],"tags":[],"class_list":["post-226689","post","type-post","status-publish","format-standard","has-post-thumbnail","hentry","category-destaque-da-semana","category-destaques-do-dia","category-economia","category-ultima-hora"],"_links":{"self":[{"href":"https:\/\/diarioregionaldigital.com.br\/index.php?rest_route=\/wp\/v2\/posts\/226689","targetHints":{"allow":["GET"]}}],"collection":[{"href":"https:\/\/diarioregionaldigital.com.br\/index.php?rest_route=\/wp\/v2\/posts"}],"about":[{"href":"https:\/\/diarioregionaldigital.com.br\/index.php?rest_route=\/wp\/v2\/types\/post"}],"author":[{"embeddable":true,"href":"https:\/\/diarioregionaldigital.com.br\/index.php?rest_route=\/wp\/v2\/users\/246"}],"replies":[{"embeddable":true,"href":"https:\/\/diarioregionaldigital.com.br\/index.php?rest_route=%2Fwp%2Fv2%2Fcomments&post=226689"}],"version-history":[{"count":1,"href":"https:\/\/diarioregionaldigital.com.br\/index.php?rest_route=\/wp\/v2\/posts\/226689\/revisions"}],"predecessor-version":[{"id":226691,"href":"https:\/\/diarioregionaldigital.com.br\/index.php?rest_route=\/wp\/v2\/posts\/226689\/revisions\/226691"}],"wp:featuredmedia":[{"embeddable":true,"href":"https:\/\/diarioregionaldigital.com.br\/index.php?rest_route=\/wp\/v2\/media\/226690"}],"wp:attachment":[{"href":"https:\/\/diarioregionaldigital.com.br\/index.php?rest_route=%2Fwp%2Fv2%2Fmedia&parent=226689"}],"wp:term":[{"taxonomy":"category","embeddable":true,"href":"https:\/\/diarioregionaldigital.com.br\/index.php?rest_route=%2Fwp%2Fv2%2Fcategories&post=226689"},{"taxonomy":"post_tag","embeddable":true,"href":"https:\/\/diarioregionaldigital.com.br\/index.php?rest_route=%2Fwp%2Fv2%2Ftags&post=226689"}],"curies":[{"name":"wp","href":"https:\/\/api.w.org\/{rel}","templated":true}]}}