{"id":226680,"date":"2025-02-06T19:54:42","date_gmt":"2025-02-06T22:54:42","guid":{"rendered":"https:\/\/diarioregionaldigital.com.br\/?p=226680"},"modified":"2025-02-06T19:54:42","modified_gmt":"2025-02-06T22:54:42","slug":"inscricoes-abertas-oficinas-culturais-no-ccbm-e-na-biblioteca-murilo-mendes-comecam-na-segunda-feira-10","status":"publish","type":"post","link":"https:\/\/diarioregionaldigital.com.br\/?p=226680","title":{"rendered":"Inscri\u00e7\u00f5es abertas: oficinas culturais no CCBM e na Biblioteca Murilo Mendes come\u00e7am na segunda-feira (10)"},"content":{"rendered":"<p>Segundo informa\u00e7\u00f5es do site da Prefeitura de Juiz de Fora (PJF), a PJF, por meio da Funda\u00e7\u00e3o Cultural Alfredo Ferreira Lage (Funalfa), est\u00e1 com inscri\u00e7\u00f5es presenciais abertas para oficinas gratuitas de teatro, grafite e pintura em tela. As aulas come\u00e7am j\u00e1 na pr\u00f3xima segunda-feira (10), na Biblioteca Municipal Murilo Mendes e no Centro Cultural Bernardo Mascarenhas.<\/p>\n<p>As oficinas culturais s\u00e3o uma parceria com o Programa Gente em Primeiro Lugar e visam proporcionar oportunidades de aprendizado e express\u00e3o art\u00edstica para todas as pessoas. As inscri\u00e7\u00f5es podem ser feitas das 9h \u00e0s 16h, nas respectivas recep\u00e7\u00f5es da Biblioteca Municipal Murilo Mendes e do CCBM. Os interessados devem apresentar documento de identidade e comprovante de resid\u00eancia para o cadastro. Menores de 18 anos devem estar acompanhados por um respons\u00e1vel legal.<\/p>\n<p><strong>Biblioteca Municipal Murilo Mendes<\/strong><\/p>\n<p>Oficinas de Teatro<\/p>\n<p>&#8211; Todas as segundas: 11h \u00e0s 13h<\/p>\n<p>&#8211; Classifica\u00e7\u00e3o et\u00e1ria: 10 anos<\/p>\n<p>Oficina de Grafitti<\/p>\n<p>&#8211; Ter\u00e7as e quintas: 15h \u00e0s 16h<\/p>\n<p>&#8211; Classifica\u00e7\u00e3o et\u00e1ria: 10 anos<\/p>\n<p><strong>Centro Cultural Bernardo Mascarenhas<\/strong><\/p>\n<p>Oficina de Teatro<\/p>\n<p>&#8211; Turma 1 \u2013 Segundas e quartas-feiras: 14h \u00e0s 15h<\/p>\n<p>&#8211; Classifica\u00e7\u00e3o et\u00e1ria: 12 anos<\/p>\n<p>&#8211; Turma 2 \u2013 Todas as segundas: 18h \u00e0s 20h<\/p>\n<p>&#8211; Classifica\u00e7\u00e3o et\u00e1ria: 12 anos<\/p>\n<p>Oficina de Pintura em Tela<\/p>\n<p>&#8211; Segundas e quartas: 10h30 \u00e0s 11h30<\/p>\n<p>&#8211; Classifica\u00e7\u00e3o et\u00e1ria: 12 anos<\/p>\n<p><strong>Servi\u00e7o:<\/strong><\/p>\n<p>Oficinas do Programa Gente em Primeiro Lugar<\/p>\n<div>\nVagas dispon\u00edveis em teatro, pintura em tela e grafitti<\/div>\n<div>\nData: a partir de segunda-feira, 10 de fevereiro<\/div>\n<div>\nLocal: CCBM e Biblioteca Municipal Murilo Mendes \u2013 Avenida Get\u00falio Vargas, 200, Centro<\/div>\n<div>\nInscri\u00e7\u00f5es: presenciais de segunda a sexta-feira, das 9h \u00e0s 16h, nas secretarias dos dois espa\u00e7os culturais<\/div>\n<div>\nOutras informa\u00e7\u00f5es pelo telefone (32) 3239-5679 ou pelo Instagram da Funalfa (@funalfacultura)<\/div>\n<p>&nbsp;<\/p>\n<div><\/div>\n","protected":false},"excerpt":{"rendered":"<p>Segundo informa\u00e7\u00f5es do site da Prefeitura de Juiz de Fora (PJF), a PJF, por meio da Funda\u00e7\u00e3o Cultural Alfredo Ferreira Lage (Funalfa), est\u00e1 com inscri\u00e7\u00f5es presenciais abertas para oficinas gratuitas de teatro, grafite e pintura em tela. As aulas come\u00e7am j\u00e1 na pr\u00f3xima segunda-feira (10), na Biblioteca Municipal Murilo Mendes e no Centro Cultural Bernardo [&hellip;]<\/p>\n","protected":false},"author":246,"featured_media":226681,"comment_status":"closed","ping_status":"closed","sticky":false,"template":"","format":"standard","meta":{"footnotes":""},"categories":[253,436,439],"tags":[],"class_list":["post-226680","post","type-post","status-publish","format-standard","has-post-thumbnail","hentry","category-cidade","category-destaque-da-semana","category-ultima-hora"],"_links":{"self":[{"href":"https:\/\/diarioregionaldigital.com.br\/index.php?rest_route=\/wp\/v2\/posts\/226680","targetHints":{"allow":["GET"]}}],"collection":[{"href":"https:\/\/diarioregionaldigital.com.br\/index.php?rest_route=\/wp\/v2\/posts"}],"about":[{"href":"https:\/\/diarioregionaldigital.com.br\/index.php?rest_route=\/wp\/v2\/types\/post"}],"author":[{"embeddable":true,"href":"https:\/\/diarioregionaldigital.com.br\/index.php?rest_route=\/wp\/v2\/users\/246"}],"replies":[{"embeddable":true,"href":"https:\/\/diarioregionaldigital.com.br\/index.php?rest_route=%2Fwp%2Fv2%2Fcomments&post=226680"}],"version-history":[{"count":1,"href":"https:\/\/diarioregionaldigital.com.br\/index.php?rest_route=\/wp\/v2\/posts\/226680\/revisions"}],"predecessor-version":[{"id":226682,"href":"https:\/\/diarioregionaldigital.com.br\/index.php?rest_route=\/wp\/v2\/posts\/226680\/revisions\/226682"}],"wp:featuredmedia":[{"embeddable":true,"href":"https:\/\/diarioregionaldigital.com.br\/index.php?rest_route=\/wp\/v2\/media\/226681"}],"wp:attachment":[{"href":"https:\/\/diarioregionaldigital.com.br\/index.php?rest_route=%2Fwp%2Fv2%2Fmedia&parent=226680"}],"wp:term":[{"taxonomy":"category","embeddable":true,"href":"https:\/\/diarioregionaldigital.com.br\/index.php?rest_route=%2Fwp%2Fv2%2Fcategories&post=226680"},{"taxonomy":"post_tag","embeddable":true,"href":"https:\/\/diarioregionaldigital.com.br\/index.php?rest_route=%2Fwp%2Fv2%2Ftags&post=226680"}],"curies":[{"name":"wp","href":"https:\/\/api.w.org\/{rel}","templated":true}]}}