{"id":226673,"date":"2025-02-06T19:48:57","date_gmt":"2025-02-06T22:48:57","guid":{"rendered":"https:\/\/diarioregionaldigital.com.br\/?p=226673"},"modified":"2025-02-06T19:48:57","modified_gmt":"2025-02-06T22:48:57","slug":"sem-clube-desde-novembro-marcelo-anuncia-aposentadoria-aos-36-anos","status":"publish","type":"post","link":"https:\/\/diarioregionaldigital.com.br\/?p=226673","title":{"rendered":"Sem clube desde novembro, Marcelo anuncia aposentadoria aos 36 anos"},"content":{"rendered":"<p>Ap\u00f3s 20 anos de carreira, o lateral-esquerdo Marcelo anunciou a aposentadoria nesta quarta-feira (6), por meio de um v\u00eddeo publicado no Instagram.\u00a0&#8220;\u201cMinha hist\u00f3ria como jogador termina aqui, mas ainda tenho muito a dar ao futebol. Obrigado por tudo&#8221;, disse o atleta carioca, de 36 anos, que estava sem time desde que rescindiu contrato com o Fluminense, em novembro.<img decoding=\"async\" src=\"https:\/\/agenciabrasil.ebc.com.br\/ebc.png?id=1629418&amp;o=node\" \/><img decoding=\"async\" src=\"https:\/\/agenciabrasil.ebc.com.br\/ebc.gif?id=1629418&amp;o=node\" \/><\/p>\n<p>Ao longo da trajet\u00f3ria, Marcelo viveu o apogeu no Real Madrid (Espanha), onde atuou de 2007 e 2022, colecionando 25 trof\u00e9us, entre eles cinco t\u00edtulos da Liga dos Campe\u00f5es, seis do Campeonato Espanhol e quatro Mundiais de Clubes. Marcelo tamb\u00e9m brilhou com a sele\u00e7\u00e3o brasileira: amealhou duas medalhas ol\u00edmpicas \u2013 bronze nos Jogos de Beijing 2008 e prata em Londres 2012 \u2013 e tamb\u00e9m foi campe\u00e3o da Copa das Confedera\u00e7\u00f5es em 2013.<\/p>\n<p>Revelado nas categorias de base do Fluminense, o lateral-esquerdo iniciou a carreira profissional no pr\u00f3prio clube em 2005 e l\u00e1 permaneceu at\u00e9 o ano seguinte, quando completou 18 anos e se transferiu para o Real Madrid. Por 17 anos Marcelo defendeu o clube madrileno. Em 2022 ele foi contratado pelo Olympiacos (Gr\u00e9cia), mas n\u00e3o demorou a retornar ao Brasil para jogar novamente com a camisa gren\u00e1 do Tricolor das Tricolor das Laranjeiras, onde conquistaria tr\u00eas t\u00edtulos:\u00a0Copa Liberadores da Am\u00e9rica e Campeonato Carioca &#8211; ambos em 2023 &#8211; e a Recopa Sul-Americana em mar\u00e7o de 2024.<\/p>\n<p>Fonte: Ag\u00eancia Brasil<\/p>\n","protected":false},"excerpt":{"rendered":"<p>Ap\u00f3s 20 anos de carreira, o lateral-esquerdo Marcelo anunciou a aposentadoria nesta quarta-feira (6), por meio de um v\u00eddeo publicado no Instagram.\u00a0&#8220;\u201cMinha hist\u00f3ria como jogador termina aqui, mas ainda tenho muito a dar ao futebol. Obrigado por tudo&#8221;, disse o atleta carioca, de 36 anos, que estava sem time desde que rescindiu contrato com o [&hellip;]<\/p>\n","protected":false},"author":246,"featured_media":226674,"comment_status":"closed","ping_status":"closed","sticky":false,"template":"","format":"standard","meta":{"footnotes":""},"categories":[436,440,257,439],"tags":[],"class_list":["post-226673","post","type-post","status-publish","format-standard","has-post-thumbnail","hentry","category-destaque-da-semana","category-destaques-do-dia","category-esporte","category-ultima-hora"],"_links":{"self":[{"href":"https:\/\/diarioregionaldigital.com.br\/index.php?rest_route=\/wp\/v2\/posts\/226673","targetHints":{"allow":["GET"]}}],"collection":[{"href":"https:\/\/diarioregionaldigital.com.br\/index.php?rest_route=\/wp\/v2\/posts"}],"about":[{"href":"https:\/\/diarioregionaldigital.com.br\/index.php?rest_route=\/wp\/v2\/types\/post"}],"author":[{"embeddable":true,"href":"https:\/\/diarioregionaldigital.com.br\/index.php?rest_route=\/wp\/v2\/users\/246"}],"replies":[{"embeddable":true,"href":"https:\/\/diarioregionaldigital.com.br\/index.php?rest_route=%2Fwp%2Fv2%2Fcomments&post=226673"}],"version-history":[{"count":1,"href":"https:\/\/diarioregionaldigital.com.br\/index.php?rest_route=\/wp\/v2\/posts\/226673\/revisions"}],"predecessor-version":[{"id":226675,"href":"https:\/\/diarioregionaldigital.com.br\/index.php?rest_route=\/wp\/v2\/posts\/226673\/revisions\/226675"}],"wp:featuredmedia":[{"embeddable":true,"href":"https:\/\/diarioregionaldigital.com.br\/index.php?rest_route=\/wp\/v2\/media\/226674"}],"wp:attachment":[{"href":"https:\/\/diarioregionaldigital.com.br\/index.php?rest_route=%2Fwp%2Fv2%2Fmedia&parent=226673"}],"wp:term":[{"taxonomy":"category","embeddable":true,"href":"https:\/\/diarioregionaldigital.com.br\/index.php?rest_route=%2Fwp%2Fv2%2Fcategories&post=226673"},{"taxonomy":"post_tag","embeddable":true,"href":"https:\/\/diarioregionaldigital.com.br\/index.php?rest_route=%2Fwp%2Fv2%2Ftags&post=226673"}],"curies":[{"name":"wp","href":"https:\/\/api.w.org\/{rel}","templated":true}]}}