{"id":226640,"date":"2025-01-14T12:12:41","date_gmt":"2025-01-14T15:12:41","guid":{"rendered":"https:\/\/diarioregionaldigital.com.br\/?p=226640"},"modified":"2025-02-05T12:14:01","modified_gmt":"2025-02-05T15:14:01","slug":"edital-de-convocacao-14-01-2025-2","status":"publish","type":"post","link":"https:\/\/diarioregionaldigital.com.br\/?p=226640","title":{"rendered":"EDITAL DE CONVOCA\u00c7\u00c3O &#8211; 14\/01\/2025"},"content":{"rendered":"<p>CLINICA DE OTORRINOLARINGOLOGIA DE JUIZ DE FORA LTDA, pessoa juridica de direito privado, inscrita no CNPJ sob o n\u00b0 26.123.570\/0001-62, atrav\u00e9s de sua s\u00f3cia administradora, convoca todos os s\u00f3cios para Reuni\u00e3o de S\u00f3cios<\/p>\n<p>Quotistas, para a ASSEMBLEIA GERAL EXTRAORDINARIA, a ser realizada, em primeira convoca\u00e7\u00e3o, no dia 28 de janeiro de 2025, \u00e0s 20 horas, na sua sede social, sito \u00e0 Avenida Rio Branco, n\u00b0 2679, sala 1005, centro, Juiz de Fora\/MG; e em segunda convoca\u00e7\u00e3o no dia 28 de janeiro de 2025, \u00e0s 20:30 horas, no mesmo local, para deliberarem, especificamente, sobre os seguintes assuntos na ordem do dia: 1.<\/p>\n<p style=\"text-align: left;\">Altera\u00e7\u00e3o do quadro societ\u00e1rio; 2. Defini\u00e7\u00f5es sobre o prosseguimento das atividades societarias.<\/p>\n","protected":false},"excerpt":{"rendered":"<p>CLINICA DE OTORRINOLARINGOLOGIA DE JUIZ DE FORA LTDA, pessoa juridica de direito privado, inscrita no CNPJ sob o n\u00b0 26.123.570\/0001-62, atrav\u00e9s de sua s\u00f3cia administradora, convoca todos os s\u00f3cios para Reuni\u00e3o de S\u00f3cios Quotistas, para a ASSEMBLEIA GERAL EXTRAORDINARIA, a ser realizada, em primeira convoca\u00e7\u00e3o, no dia 28 de janeiro de 2025, \u00e0s 20 horas, [&hellip;]<\/p>\n","protected":false},"author":246,"featured_media":0,"comment_status":"closed","ping_status":"closed","sticky":false,"template":"","format":"standard","meta":{"footnotes":""},"categories":[307],"tags":[],"class_list":["post-226640","post","type-post","status-publish","format-standard","hentry","category-editais"],"_links":{"self":[{"href":"https:\/\/diarioregionaldigital.com.br\/index.php?rest_route=\/wp\/v2\/posts\/226640","targetHints":{"allow":["GET"]}}],"collection":[{"href":"https:\/\/diarioregionaldigital.com.br\/index.php?rest_route=\/wp\/v2\/posts"}],"about":[{"href":"https:\/\/diarioregionaldigital.com.br\/index.php?rest_route=\/wp\/v2\/types\/post"}],"author":[{"embeddable":true,"href":"https:\/\/diarioregionaldigital.com.br\/index.php?rest_route=\/wp\/v2\/users\/246"}],"replies":[{"embeddable":true,"href":"https:\/\/diarioregionaldigital.com.br\/index.php?rest_route=%2Fwp%2Fv2%2Fcomments&post=226640"}],"version-history":[{"count":1,"href":"https:\/\/diarioregionaldigital.com.br\/index.php?rest_route=\/wp\/v2\/posts\/226640\/revisions"}],"predecessor-version":[{"id":226641,"href":"https:\/\/diarioregionaldigital.com.br\/index.php?rest_route=\/wp\/v2\/posts\/226640\/revisions\/226641"}],"wp:attachment":[{"href":"https:\/\/diarioregionaldigital.com.br\/index.php?rest_route=%2Fwp%2Fv2%2Fmedia&parent=226640"}],"wp:term":[{"taxonomy":"category","embeddable":true,"href":"https:\/\/diarioregionaldigital.com.br\/index.php?rest_route=%2Fwp%2Fv2%2Fcategories&post=226640"},{"taxonomy":"post_tag","embeddable":true,"href":"https:\/\/diarioregionaldigital.com.br\/index.php?rest_route=%2Fwp%2Fv2%2Ftags&post=226640"}],"curies":[{"name":"wp","href":"https:\/\/api.w.org\/{rel}","templated":true}]}}