{"id":226637,"date":"2025-02-04T20:37:57","date_gmt":"2025-02-04T23:37:57","guid":{"rendered":"https:\/\/diarioregionaldigital.com.br\/?p=226637"},"modified":"2025-02-04T20:37:57","modified_gmt":"2025-02-04T23:37:57","slug":"ccbm-recebe-a-palestra-gratuita-lixarte-a-trajetoria-de-uma-ong-na-comunidade-do-olavo-costa-nesta-quarta-feira-5","status":"publish","type":"post","link":"https:\/\/diarioregionaldigital.com.br\/?p=226637","title":{"rendered":"CCBM recebe a palestra gratuita \u201cLixarte \u2013 A trajet\u00f3ria de uma ONG na comunidade do Olavo Costa\u201d nesta quarta-feira (5)"},"content":{"rendered":"<p>Segundo informa\u00e7\u00f5es do site da Prefeitura de Juiz de Fora (PJF), nesta quarta-feira (5), \u00e0s 14h, o Centro Cultural Bernardo Mascarenhas, localizado na Avenida Get\u00falio Vargas 200, Centro, recebe o fundador da Lixarte \u2013 Associa\u00e7\u00e3o de Assist\u00eancia Social Reciclagem e Artesanato, Reginaldo Barbosa da Silva (Bulu), que vai contar sua trajet\u00f3ria pessoal e como fundou a Organiza\u00e7\u00e3o N\u00e3o-Governamental (ONG) no bairro Olavo Costa. O evento \u00e9 gratuito e voltado para todos os p\u00fablicos, independentemente da idade.<\/p>\n<div class=\"aHl\">\nO objetivo da palestra \u00e9 apresentar a hist\u00f3ria da Lixarte e de que forma ela transformou a vida de seu fundador e da comunidade do bairro Olavo Costa, localizado na Zona Sudeste de Juiz de Fora. \u201cContarei como montei a Associa\u00e7\u00e3o Lixarte, a partir do enfrentamento de um problema de alcoolismo. Desse processo, passei a ajudar outras pessoas, principalmente adolescentes, por meio deste meu trabalho com reciclagem e material humano, sempre visando \u00e0 quest\u00e3o da sustentabilidade.\u201d, conta Bulu.<\/p>\n<p>Fundada em 6 de janeiro de 2006, a Associa\u00e7\u00e3o Lixarte atua na Rua Esperan\u00e7a 10, Olavo Costa e oferece gratuitamente oficinas de artesanato, desenho, capoeira, dan\u00e7a e percuss\u00e3o a adolescentes dos bairros pr\u00f3ximos \u00e0 comunidade.<\/p><\/div>\n","protected":false},"excerpt":{"rendered":"<p>Segundo informa\u00e7\u00f5es do site da Prefeitura de Juiz de Fora (PJF), nesta quarta-feira (5), \u00e0s 14h, o Centro Cultural Bernardo Mascarenhas, localizado na Avenida Get\u00falio Vargas 200, Centro, recebe o fundador da Lixarte \u2013 Associa\u00e7\u00e3o de Assist\u00eancia Social Reciclagem e Artesanato, Reginaldo Barbosa da Silva (Bulu), que vai contar sua trajet\u00f3ria pessoal e como fundou [&hellip;]<\/p>\n","protected":false},"author":246,"featured_media":226638,"comment_status":"closed","ping_status":"closed","sticky":false,"template":"","format":"standard","meta":{"footnotes":""},"categories":[253,436,439],"tags":[],"class_list":["post-226637","post","type-post","status-publish","format-standard","has-post-thumbnail","hentry","category-cidade","category-destaque-da-semana","category-ultima-hora"],"_links":{"self":[{"href":"https:\/\/diarioregionaldigital.com.br\/index.php?rest_route=\/wp\/v2\/posts\/226637","targetHints":{"allow":["GET"]}}],"collection":[{"href":"https:\/\/diarioregionaldigital.com.br\/index.php?rest_route=\/wp\/v2\/posts"}],"about":[{"href":"https:\/\/diarioregionaldigital.com.br\/index.php?rest_route=\/wp\/v2\/types\/post"}],"author":[{"embeddable":true,"href":"https:\/\/diarioregionaldigital.com.br\/index.php?rest_route=\/wp\/v2\/users\/246"}],"replies":[{"embeddable":true,"href":"https:\/\/diarioregionaldigital.com.br\/index.php?rest_route=%2Fwp%2Fv2%2Fcomments&post=226637"}],"version-history":[{"count":1,"href":"https:\/\/diarioregionaldigital.com.br\/index.php?rest_route=\/wp\/v2\/posts\/226637\/revisions"}],"predecessor-version":[{"id":226639,"href":"https:\/\/diarioregionaldigital.com.br\/index.php?rest_route=\/wp\/v2\/posts\/226637\/revisions\/226639"}],"wp:featuredmedia":[{"embeddable":true,"href":"https:\/\/diarioregionaldigital.com.br\/index.php?rest_route=\/wp\/v2\/media\/226638"}],"wp:attachment":[{"href":"https:\/\/diarioregionaldigital.com.br\/index.php?rest_route=%2Fwp%2Fv2%2Fmedia&parent=226637"}],"wp:term":[{"taxonomy":"category","embeddable":true,"href":"https:\/\/diarioregionaldigital.com.br\/index.php?rest_route=%2Fwp%2Fv2%2Fcategories&post=226637"},{"taxonomy":"post_tag","embeddable":true,"href":"https:\/\/diarioregionaldigital.com.br\/index.php?rest_route=%2Fwp%2Fv2%2Ftags&post=226637"}],"curies":[{"name":"wp","href":"https:\/\/api.w.org\/{rel}","templated":true}]}}