{"id":226634,"date":"2025-02-04T20:36:10","date_gmt":"2025-02-04T23:36:10","guid":{"rendered":"https:\/\/diarioregionaldigital.com.br\/?p=226634"},"modified":"2025-02-04T20:36:10","modified_gmt":"2025-02-04T23:36:10","slug":"defesa-civil-de-jf-tem-atuacao-imediata-diante-de-janeiro-com-tempestades-acima-da-media-historica","status":"publish","type":"post","link":"https:\/\/diarioregionaldigital.com.br\/?p=226634","title":{"rendered":"Defesa Civil de JF tem atua\u00e7\u00e3o imediata diante de janeiro com tempestades acima da m\u00e9dia hist\u00f3rica"},"content":{"rendered":"<p>Segundo informa\u00e7\u00f5es do site da Prefeitura de Juiz de Fora (PJF), os pluvi\u00f4metros e esta\u00e7\u00f5es meteorol\u00f3gicas de Juiz de Fora chegaram a registrar 416,8 mm, volume 40,15% acima da normal climatol\u00f3gica do m\u00eas de janeiro historicamente. A normal climatol\u00f3gica, que \u00e9 uma m\u00e9dia dos \u00faltimos 30 anos, tem como base um volume de chuvas para a cidade em janeiro, que \u00e9 de 297,4 mm na s\u00e9rie hist\u00f3rica.<\/p>\n<p>Entre os bairros com maiores \u00edndices de precipita\u00e7\u00f5es do \u00faltimo m\u00eas est\u00e3o: Grama, Jardim Lermitage, Paula Lima, Alphaville, Filgueiras, S\u00e3o Judas Tadeu, Ch\u00e1caras Passos del Rey, Milho Branco, Monte Castelo e Bandeirantes.<\/p>\n<p>Um registro de destaque ocorreu no dia 3 de janeiro, quando o bairro Grama foi atingido por volumes significativos e ao mesmo tempo muito concentrados de chuvas num per\u00edodo de 24h, sendo registrados 104,47 mm, o que representou 35,17% do esperado para todo o m\u00eas.<\/p>\n<p>A Defesa Civil da Prefeitura de Juiz de Fora (PJF) precisou atuar em car\u00e1ter emergencial e imediato em diversas situa\u00e7\u00f5es, e prontamente as equipes estiveram a postos. As a\u00e7\u00f5es preventivas tamb\u00e9m foram mantidas, sendo alcan\u00e7ado um total de 101 vistorias deste tipo na cidade ao longo do \u00faltimo m\u00eas, al\u00e9m de 262 ocorr\u00eancias ap\u00f3s acionamento da popula\u00e7\u00e3o.<\/p>\n<p>Outra importante vari\u00e1vel monitorada pela Defesa Civil e que gerou significativos impactos na cidade durante o m\u00eas de janeiro foram as rajadas de vento. No dia 5, entre 19h e 20h, a esta\u00e7\u00e3o meteorol\u00f3gica do Instituto Nacional de Meteorologia (Inmet), localizada na Universidade Federal de Juiz de Fora (UFJF), registrou rajadas de vento com velocidades de 98,64 km\/h, cen\u00e1rio que elevou o n\u00edvel do Plano de Conting\u00eancia Municipal \u00e0 sua condi\u00e7\u00e3o de alerta m\u00e1ximo, sendo necess\u00e1rio acionar a sala de situa\u00e7\u00e3o integrada com o Corpo de Bombeiros. Como consequ\u00eancia, houve m\u00faltiplas quedas de \u00e1rvores, bem como destelhamentos.<\/p>\n<p>Ainda em janeiro, tamb\u00e9m foi intensificada a parceria com o Corpo de Bombeiros, visando \u00e0 realiza\u00e7\u00e3o de vistorias preventivas em \u00e1reas de risco de deslizamentos e inunda\u00e7\u00f5es do munic\u00edpio. Dentre as atividades promovidas pela Defesa Civil durante o m\u00eas, est\u00e1 a 3\u00aa reuni\u00e3o do Plano de Conting\u00eancia do per\u00edodo chuvoso, que \u00e9 um trabalho integrado que desenvolve as diretrizes, ainda no per\u00edodo de estiagem, para que as a\u00e7\u00f5es em um cen\u00e1rio de desastre sejam efetivas e \u00e1geis. Nos \u00faltimos anos, este trabalho de resposta foi aprimorado na cidade. Com isso, desde fevereiro de 2020, n\u00e3o h\u00e1 registro de \u00f3bitos no munic\u00edpio em decorr\u00eancia de desastres durante o per\u00edodo chuvoso.<\/p>\n<p>\u201c\u00c9 importante destacar que chegamos no m\u00eas de janeiro com chuvas acima da m\u00e9dia em outubro, novembro e dezembro. Devido a essas intensas precipita\u00e7\u00f5es nos meses anteriores, o Plano de Conting\u00eancia tinha alerta m\u00e1ximo para o m\u00eas de janeiro. Por\u00e9m, mesmo com a chuva acima da m\u00e9dia tamb\u00e9m em janeiro, as a\u00e7\u00f5es preventivas, que foram realizadas ao longo do ano e durante o pr\u00f3prio per\u00edodo chuvoso, foram essenciais para mitigar os riscos durante esse m\u00eas e evitar situa\u00e7\u00f5es de maior gravidade. Al\u00e9m disso, a organiza\u00e7\u00e3o e empenho das pastas e institui\u00e7\u00f5es que comp\u00f5em o Plano de Conting\u00eancia foi fundamental para atender de forma muito r\u00e1pida os problemas provocados pelas chuvas, como escorregamentos e inunda\u00e7\u00f5es\u201d, ressaltou o subsecret\u00e1rio da Defesa Civil, Lu\u00eds Fernando Martins.<\/p>\n<p><strong>Servi\u00e7o de SMS da Defesa Civil<\/strong><\/p>\n<p>Caso haja qualquer situa\u00e7\u00e3o de risco, a Defesa Civil deve ser acionda pelo telefone 199. Por\u00e9m, tamb\u00e9m \u00e9 importante que a popula\u00e7\u00e3o se cadastre no sistema de emiss\u00e3o de alertas meteorol\u00f3gicos. O servi\u00e7o \u00e9 gratuito: basta enviar uma mensagem de texto (SMS) com o CEP do local desejado para o n\u00famero 40199. A equipe trabalha 24 horas, e a\u00a0 Defesa Civil atingiu a marca de 53.015 cadastros do servi\u00e7o de alerta de SMS.<\/p>\n<p>A popula\u00e7\u00e3o tamb\u00e9m pode acompanhar os alertas e as recomenda\u00e7\u00f5es da Defesa Civil por meio do Instagram @defesaciviljf.<\/p>\n","protected":false},"excerpt":{"rendered":"<p>Segundo informa\u00e7\u00f5es do site da Prefeitura de Juiz de Fora (PJF), os pluvi\u00f4metros e esta\u00e7\u00f5es meteorol\u00f3gicas de Juiz de Fora chegaram a registrar 416,8 mm, volume 40,15% acima da normal climatol\u00f3gica do m\u00eas de janeiro historicamente. A normal climatol\u00f3gica, que \u00e9 uma m\u00e9dia dos \u00faltimos 30 anos, tem como base um volume de chuvas para [&hellip;]<\/p>\n","protected":false},"author":246,"featured_media":226635,"comment_status":"closed","ping_status":"closed","sticky":false,"template":"","format":"standard","meta":{"footnotes":""},"categories":[253,436,440,439],"tags":[],"class_list":["post-226634","post","type-post","status-publish","format-standard","has-post-thumbnail","hentry","category-cidade","category-destaque-da-semana","category-destaques-do-dia","category-ultima-hora"],"_links":{"self":[{"href":"https:\/\/diarioregionaldigital.com.br\/index.php?rest_route=\/wp\/v2\/posts\/226634","targetHints":{"allow":["GET"]}}],"collection":[{"href":"https:\/\/diarioregionaldigital.com.br\/index.php?rest_route=\/wp\/v2\/posts"}],"about":[{"href":"https:\/\/diarioregionaldigital.com.br\/index.php?rest_route=\/wp\/v2\/types\/post"}],"author":[{"embeddable":true,"href":"https:\/\/diarioregionaldigital.com.br\/index.php?rest_route=\/wp\/v2\/users\/246"}],"replies":[{"embeddable":true,"href":"https:\/\/diarioregionaldigital.com.br\/index.php?rest_route=%2Fwp%2Fv2%2Fcomments&post=226634"}],"version-history":[{"count":1,"href":"https:\/\/diarioregionaldigital.com.br\/index.php?rest_route=\/wp\/v2\/posts\/226634\/revisions"}],"predecessor-version":[{"id":226636,"href":"https:\/\/diarioregionaldigital.com.br\/index.php?rest_route=\/wp\/v2\/posts\/226634\/revisions\/226636"}],"wp:featuredmedia":[{"embeddable":true,"href":"https:\/\/diarioregionaldigital.com.br\/index.php?rest_route=\/wp\/v2\/media\/226635"}],"wp:attachment":[{"href":"https:\/\/diarioregionaldigital.com.br\/index.php?rest_route=%2Fwp%2Fv2%2Fmedia&parent=226634"}],"wp:term":[{"taxonomy":"category","embeddable":true,"href":"https:\/\/diarioregionaldigital.com.br\/index.php?rest_route=%2Fwp%2Fv2%2Fcategories&post=226634"},{"taxonomy":"post_tag","embeddable":true,"href":"https:\/\/diarioregionaldigital.com.br\/index.php?rest_route=%2Fwp%2Fv2%2Ftags&post=226634"}],"curies":[{"name":"wp","href":"https:\/\/api.w.org\/{rel}","templated":true}]}}