{"id":226620,"date":"2025-02-04T05:38:48","date_gmt":"2025-02-04T08:38:48","guid":{"rendered":"https:\/\/diarioregionaldigital.com.br\/?p=226620"},"modified":"2025-02-04T05:38:48","modified_gmt":"2025-02-04T08:38:48","slug":"parecer-tecnico-no-001-2025-04-02-2025","status":"publish","type":"post","link":"https:\/\/diarioregionaldigital.com.br\/?p=226620","title":{"rendered":"PARECER T\u00c9CNICO N\u00ba. 001\/2025 &#8211; 04\/02\/2025"},"content":{"rendered":"<div>\n<p class=\"s2\">\n<p class=\"s3\">\n<\/div>\n<p class=\"s3\"><span class=\"s4\"><span class=\"bumpedFont15\">Assunto:<\/span><\/span> <span class=\"s6\"><span class=\"bumpedFont15\">Decreta\u00e7\u00e3o<\/span><\/span><span class=\"s6\"><span class=\"bumpedFont15\"> de <\/span><\/span><span class=\"s6\"><span class=\"bumpedFont15\">situa\u00e7\u00e3o de anormalidade<\/span><\/span><\/p>\n<p class=\"s11\">\n<div class=\"s13\"><span class=\"s12\">I. <\/span><span class=\"s4\"><span class=\"bumpedFont15\">INFORMA\u00c7\u00d5ES GERAIS<\/span><\/span><\/div>\n<p class=\"s14\"><span class=\"s6\"><span class=\"bumpedFont15\">O presente parecer versa sobre o <\/span><\/span><span class=\"s4\"><span class=\"bumpedFont15\">desastre e situa\u00e7\u00e3o de anormalidade<\/span><\/span><span class=\"s6\"><span class=\"bumpedFont15\">abaixo resumida.<\/span><\/span><\/p>\n<table>\n<tbody>\n<tr>\n<td class=\"s15\" colspan=\"4\">\n<div>\n<div class=\"s18\"><span class=\"s16\">A. <\/span><span class=\"s17\">Informa\u00e7\u00f5es Gerais <\/span><\/div>\n<\/div>\n<\/td>\n<\/tr>\n<tr>\n<td class=\"s15\">\n<div>\n<p class=\"s7\"><span class=\"s6\">UF: MG<\/span><\/p>\n<\/div>\n<\/td>\n<td class=\"s15\" colspan=\"3\">\n<div>\n<p class=\"s7\"><span class=\"s6\">Munic\u00edpio(s):<\/span> <span class=\"s6\">Descoberto<\/span><\/p>\n<\/div>\n<\/td>\n<\/tr>\n<tr>\n<td class=\"s15\">\n<div>\n<p class=\"s7\"><span class=\"s6\">Data:<\/span><span class=\"s6\">31\/01\/2025<\/span><\/p>\n<\/div>\n<\/td>\n<td class=\"s15\" colspan=\"3\">\n<div>\n<p class=\"s7\"><span class=\"s6\">Publica\u00e7\u00e3o:<\/span><span class=\"s6\">31\/01\/2025 <\/span><\/p>\n<\/div>\n<\/td>\n<\/tr>\n<tr>\n<td class=\"s15\">\n<div>\n<p class=\"s7\"><span class=\"s6\">C\u00f3digo <\/span><span class=\"s6\">Cobrade<\/span><span class=\"s6\">: 1.3.2.1.4 <\/span><\/p>\n<\/div>\n<\/td>\n<td class=\"s15\">\n<div>\n<p class=\"s7\"><span class=\"s6\">Tipo: <\/span><span class=\"s6\">Tempestade local convectiva\/ Chuvas Intensas<\/span><\/p>\n<\/div>\n<\/td>\n<td class=\"s15\">\n<div>\n<p class=\"s7\"><span class=\"s6\">Data: <\/span><span class=\"s6\">28<\/span><span class=\"s6\">\/<\/span><span class=\"s6\">01<\/span><span class=\"s6\">\/2025<\/span><\/p>\n<\/div>\n<\/td>\n<td class=\"s15\">\n<div>\n<p class=\"s7\"><span class=\"s6\">Hora:<\/span> <span class=\"s6\">17:30<\/span><\/p>\n<\/div>\n<\/td>\n<\/tr>\n<tr>\n<td class=\"s15\" colspan=\"4\">\n<div>\n<p class=\"s7\"><span class=\"s19\">Causas e recorr\u00eancia:<\/span><\/p>\n<p class=\"s7\"><span class=\"s20\">\u00a0 \u00a0 \u00a0 \u00a0 <\/span><span class=\"s20\">N<\/span><span class=\"s20\">o dia <\/span><span class=\"s20\">28<\/span><span class=\"s20\">\/<\/span><span class=\"s20\">01<\/span><span class=\"s20\">\/202<\/span><span class=\"s20\">5<\/span><span class=\"s20\">,<\/span><span class=\"s20\"> o munic\u00edpio de <\/span><span class=\"s20\">Descoberto<\/span><span class=\"s20\"> foi atingido por fortes chuvas, durante o per\u00edodo de 0<\/span><span class=\"s20\">3<\/span><span class=\"s20\">:00h, choveu<\/span><span class=\"s20\"> aproximadamente<\/span> <span class=\"s20\">100<\/span><span class=\"s20\">mm.<\/span><span class=\"s20\"> A sede do munic\u00edpio<\/span> <span class=\"s20\">possui <\/span><span class=\"s20\">tr\u00eas <\/span><span class=\"s20\">ribeir\u00f5es<\/span><span class=\"s20\">,<\/span> <span class=\"s20\">a<\/span><span class=\"s20\"> Cachoeira da Lage que desagua no<\/span> <span class=\"s20\">Ribeir\u00e3o do Grama e<\/span><span class=\"s20\"> C\u00f3rrego<\/span><span class=\"s20\"> Rico<\/span><span class=\"s20\">. <\/span><span class=\"s20\">Em consequ\u00eancia da forte chuva, houve um grande deslizamento de terra no local conhecido como Condom\u00ednio da Granja, com esse deslizamento, <\/span><span class=\"s20\">um bambuzal com grandes dimens\u00f5es e um enorme volume de terra atingiu<\/span><span class=\"s20\"> o C\u00f3rrego Rico causando o represamento perto do e<\/span><span class=\"s20\">ncontro com o Ribeir\u00e3o do Grama, resultando em alagamento por toda extens\u00e3o do Ribeir\u00e3o do Grama, que corta <\/span><span class=\"s20\">toda <\/span><span class=\"s20\">a cidade. Cerca de 20 resid\u00eancias foram atingidas pelo alagamento.<\/span><\/p>\n<p class=\"s7\"><span class=\"s20\">\u00a0 \u00a0 \u00a0 \u00a0<\/span><span class=\"s20\">O <\/span><span class=\"s20\">grande volume de chuva em pouco tempo <\/span><span class=\"s20\">foi o principal causador do desastre no munic\u00edpio, pois atingiu diver<\/span><span class=\"s20\">sas \u00e1reas da cidade e ocasionando <\/span><span class=\"s20\">danos humanos,<\/span> <span class=\"s20\">materiais,<\/span><span class=\"s20\"> preju\u00edzos <\/span><span class=\"s20\">p\u00fablicos e privados ao munic\u00edpio.<\/span> <span class=\"s20\">A energia e a \u00e1gua do munic\u00edpio foram<\/span><span class=\"s20\"> comprometida<\/span><span class=\"s20\">s<\/span><span class=\"s20\">, mas <\/span><span class=\"s20\">j\u00e1 foram reestabelecidas.<\/span><\/p>\n<p class=\"s7\"><span class=\"s20\">\u00a0 \u00a0 \u00a0 \u00a0<\/span><span class=\"s20\">A \u00e1rea rural do munic\u00edpio foi atingida em diversas localidades, sendo: <\/span><span class=\"s20\">Ribeir\u00e3o dos Mineiros<\/span><span class=\"s20\">, <\/span><span class=\"s20\">Grama, Capetinga e a LMG-858 Km2 Rodovia que liga o Munic\u00edpio de De<\/span><span class=\"s20\">scoberto a S\u00e3o Jo\u00e3o Nepomuceno, <\/span><span class=\"s20\">nessas comunidades tivemos <\/span><span class=\"s20\">queda de \u00e1rvores, taludes <\/span><span class=\"s20\">e passagens de \u00e1gua que foram levadas por completo, causando obstru\u00e7\u00e3o por <\/span><span class=\"s20\">n<\/span><span class=\"s20\">as comunidades<\/span><span class=\"s20\">, al\u00e9m de quedas de barreiras.<\/span><\/p>\n<p class=\"s7\"><span class=\"s20\">\u00a0 \u00a0 \u00a0 \u00a0 <\/span><span class=\"s20\">Na<\/span><span class=\"s20\"> \u00e1rea urbana do munic\u00edpio<\/span><span class=\"s20\">, ocorreram diversos pontos de alagamento, deslizamento de terra, interdi\u00e7\u00e3o de vias p\u00fablicas, diversos buracos de manilhas<\/span><span class=\"s20\">,<\/span><span class=\"s20\"> causando grandes transtornos no Centro da cidade. <\/span><span class=\"s20\">Uma<\/span> <span class=\"s20\">ponte<\/span><span class=\"s20\"> que liga o bairro Industrial (regi\u00e3o das fabricas, escola, <\/span><span class=\"s20\">Unidade de<\/span><span class=\"s20\"> sa\u00fade e C<\/span><span class=\"s20\">re<\/span><span class=\"s20\">che) fo<\/span><span class=\"s20\">i fortemente<\/span><span class=\"s20\"> danificada<\/span><span class=\"s20\"> e uma passarela que ligava o mesmo bairro foi levada pela correnteza. <\/span><\/p>\n<p class=\"s7\"><span class=\"s20\">\u00a0 \u00a0 \u00a0 \u00a0<\/span><span class=\"s20\">Devido ao grande volume de \u00e1gua, ocorreram diversos pontos de entupimento na rede pluvial, causando eros\u00e3o nas ruas Vereador Teodoro Russo, rua Geraldo Teixeira Lima, rua S\u00e3o Sebasti\u00e3o, rua Pedro Pires de Carvalho, rua Capit\u00e3o Xavier. No bairro Cohab, a rede pluvial est\u00e1 obstru\u00edda por inteiro, dificultando o escoamento de \u00e1gua, facilitando o alagamento nos bairros <\/span><span class=\"s20\">situados <\/span><span class=\"s20\">abaixo.<\/span><\/p>\n<p class=\"s7\"><span class=\"s20\">\u00a0 \u00a0 \u00a0 \u00a0<\/span> <span class=\"s20\">A log\u00edstica interna no munic\u00edpio est\u00e1 completamente comprometida, ser\u00e1 <\/span><span class=\"s20\">necess\u00e1ria a reconstru\u00e7\u00e3o de acesso nesses pontos mencionados<\/span> <span class=\"s20\">para <\/span><span class=\"s20\">reestabelecer<\/span><span class=\"s20\"> o direito de ir e vir do cidad\u00e3o.<\/span><\/p>\n<p class=\"s7\"><span class=\"s20\">\u00a0 \u00a0 \u00a0 \u00a0 <\/span><span class=\"s20\">Na rua Vereador Ant\u00f4nio Henriques de Ara\u00fajo<\/span><span class=\"s20\"> no bairro Industrial, ocorreu um deslizamento de talude, ocasionando queda do muro de uma resid\u00eancia e parte da cozinha, colocando em risco de desabamento a resid\u00eancia na parte superior.<\/span><\/p>\n<p class=\"s7\"><span class=\"s20\">\u00a0 \u00a0 \u00a0 \u00a0<\/span><span class=\"s20\">Na rua<\/span> <span class=\"s20\">Desembargador Furtado de Mendon\u00e7a, bairro Santa Terezinha,<\/span><span class=\"s20\"> houve um deslizamento de terra atingindo uma resid\u00eancia, e um ve\u00edculo automotivo, causando al\u00e9m de dano material mantendo em c\u00e1rcere a residente, uma Senhora de idade avan\u00e7ada.<\/span><\/p>\n<p class=\"s7\"><span class=\"s20\">\u00a0 \u00a0 \u00a0 \u00a0<\/span><span class=\"s20\">Na rua<\/span><span class=\"s20\"> Escriv\u00e3o de Paz Fulvio M<\/span><span class=\"s20\">arcos de <\/span><span class=\"s20\">C<\/span><span class=\"s20\">astro<\/span><span class=\"s20\">, <\/span><span class=\"s20\">bairr<\/span><span class=\"s20\">o Industrial, houve um deslizamento de terra causando a queda de um muro de arrimo de aproximadamente 10 metros, em consequ\u00eancia, parte de um muro vizinho cedeu e diversas rachaduras apareceram, condenando um pequeno im\u00f3vel no local. <\/span><\/p>\n<p class=\"s7\"><span class=\"s20\">\u00a0 \u00a0 \u00a0<\/span><span class=\"s20\">Na rua Jose Roberto Lima, bairro Bela Vista, houve deslizamento de terra comprometendo a estrutura da resid\u00eancia, a resid\u00eancia teve que ser interditada e a fam\u00edlia deslocada para uma moradia<\/span><span class=\"s20\"> por custeio da Prefeitura pelo aluguel social.<\/span><\/p>\n<p class=\"s7\"><span class=\"s20\">\u00a0 \u00a0 <\/span><span class=\"s20\">Na rua <\/span><span class=\"s20\">Vereador Teodoro Russo<\/span><span class=\"s20\">, bairro Olaria, um deslizamento de terra <\/span><span class=\"s20\">invadindo a cozinha de uma resid\u00eancia.<\/span><\/p>\n<p class=\"s7\"><span class=\"s20\">\u00a0 \u00a0 <\/span><span class=\"s20\">Importante salientar que estamos em fase de levantamentos dos danos dentro do munic\u00edpio, devido a magnitude e amplitude que o mesmo proporcionou dentro do munic\u00edpio. Diante disso, pode haver atualiza\u00e7\u00f5es das informa\u00e7\u00f5es.<\/span><\/p>\n<p class=\"s7\">\n<\/div>\n<\/td>\n<\/tr>\n<tr>\n<td class=\"s15\" colspan=\"4\">\n<div>\n<table>\n<tbody>\n<tr>\n<td class=\"s15\">\n<div>\n<p class=\"s7\"><span class=\"s6\">Situa\u00e7\u00e3o de Anormalidade:<\/span> <span class=\"s6\">Situa\u00e7\u00e3o de Emerg\u00eancia<\/span><\/p>\n<\/div>\n<\/td>\n<td class=\"s15\">\n<div>\n<p class=\"s7\"><span class=\"s6\">Desastre N\u00edvel:<\/span><span class=\"s6\"> II<\/span><\/p>\n<\/div>\n<\/td>\n<\/tr>\n<tr>\n<td class=\"s15\" colspan=\"2\">\n<div>\n<p class=\"s7\"><span class=\"s20\">Protocolo de Registro no S2ID:<\/span> <span class=\"s20\">MG-F-<\/span><span class=\"s20\">3121308-1321420250128<\/span><\/p>\n<\/div>\n<\/td>\n<\/tr>\n<\/tbody>\n<\/table>\n<p class=\"s7\">\n<\/div>\n<\/td>\n<\/tr>\n<\/tbody>\n<\/table>\n<p class=\"s7\">\n<div class=\"s22\"><span class=\"s21\">II. <\/span><span class=\"s4\"><span class=\"bumpedFont15\">EFEITOS DO DESASTRE<\/span><\/span><\/div>\n<p class=\"s14\"><span class=\"s23\"><span class=\"bumpedFont15\">Em decorr\u00eancia do levantamento de danos<\/span><\/span><span class=\"s23\"><span class=\"bumpedFont15\"> e preju\u00edzos<\/span><\/span><span class=\"s23\"><span class=\"bumpedFont15\">, seguem as principais informa\u00e7\u00f5es dos efeitos <\/span><\/span><span class=\"s24\"><span class=\"bumpedFont15\">diretos<\/span><\/span><span class=\"s23\"><span class=\"bumpedFont15\"> do desastre em tela.<\/span><\/span><\/p>\n<p class=\"s7\">\n<table>\n<tbody>\n<tr>\n<td class=\"s15\">\n<div>\n<div class=\"s25\"><span class=\"s6\">B. <\/span><span class=\"s17\">Danos Humanos:<\/span><\/div>\n<p class=\"s26\"><span class=\"s23\">N\u00e3o existem <\/span><span class=\"s23\">Mortos: <\/span><\/p>\n<p class=\"s26\"><span class=\"s23\">N\u00e3o existem enfermos<\/span><span class=\"s23\">: <\/span><\/p>\n<p class=\"s26\"><span class=\"s23\">N\u00e3o existem feridos<\/span><span class=\"s23\">:<\/span><\/p>\n<p class=\"s26\"><span class=\"s23\">Desalojados \u2013 <\/span><span class=\"s23\">15 <\/span><span class=\"s23\">&#8211; <\/span><span class=\"s23\">Essas pessoas foram para resid\u00eancias de familiares e amigos<\/span><\/p>\n<p class=\"s26\"><span class=\"s23\">Desabrigados <\/span><span class=\"s23\">\u2013<\/span> <span class=\"s23\">3<\/span> <span class=\"s23\">&#8211; Est\u00e3o em novas casas alugadas pelo munic\u00edpio<\/span><\/p>\n<p class=\"s26\"><span class=\"s23\">Outros afetados: <\/span><span class=\"s23\">800<\/span><span class=\"s23\"> pessoas que est\u00e3o com acesso totalmente prejudicado devido a queda das pontes nas \u00e1reas urbana e rural<\/span><span class=\"s23\">. A falta de energia e abastecimento cont\u00ednuo de \u00e1gua afetou toda a popula\u00e7\u00e3o de <\/span><span class=\"s23\">Descoberto<\/span><span class=\"s23\">, al\u00e9m da queda das pontes nas \u00e1reas centrais que prejudicaram o direito de ir e vir do cidad\u00e3o de <\/span><span class=\"s23\">Descoberto<\/span><span class=\"s23\">. Uma parte da popula\u00e7\u00e3o do Bairro <\/span><span class=\"s23\">Industrial<\/span><span class=\"s23\"> est\u00e1 <\/span><span class=\"s23\">deslocando por caminhos alternativos.<\/span><\/p>\n<p class=\"s26\"><span class=\"s23\">Animais dom\u00e9sticos: 12 mortos.<\/span><\/p>\n<\/div>\n<\/td>\n<\/tr>\n<tr>\n<td class=\"s15\">\n<div>\n<div class=\"s25\"><span class=\"s6\">C. <\/span><span class=\"s17\">Danos Materiais:<\/span><span class=\"s17\"> \u00a0<\/span><\/div>\n<p class=\"s26\"><span class=\"s23\">O munic\u00edpio teve <\/span><span class=\"s23\">18<\/span><span class=\"s23\"> casas danificadas<\/span><span class=\"s23\"> e 0<\/span><span class=\"s23\">4<\/span><span class=\"s23\"> casa<\/span><span class=\"s23\">s<\/span><span class=\"s23\"> inter<\/span><span class=\"s23\">ditadas<\/span><span class=\"s23\"> parcialmente<\/span><span class=\"s23\">.<\/span><\/p>\n<p class=\"s26\"><span class=\"s23\">Danos materiais p\u00fablicos est\u00e3o em fase de levantamento, mas, at\u00e9 o presente momento estamos com 0<\/span><span class=\"s23\">2<\/span><span class=\"s23\">pontes danificadas<\/span><span class=\"s23\"> e 0<\/span><span class=\"s23\">1<\/span><span class=\"s23\"> p<\/span><span class=\"s23\">assarela completamente destru\u00edda<\/span><span class=\"s23\"> na sede do munic\u00edpio, localizadas nos bairro<\/span><span class=\"s23\">Industrial<\/span><span class=\"s23\">. Nas comunidades rurais, estamos com<\/span><span class=\"s23\"> as<\/span><span class=\"s23\"> comunidades<\/span><span class=\"s23\"> de <\/span><span class=\"s23\">Grama, Ribeir\u00e3o dos Mineiros e Capetinga<\/span> <span class=\"s23\">com dificuldade<\/span><span class=\"s23\"> de acesso devido <\/span><span class=\"s23\">\u00e0<\/span><span class=\"s23\"> queda de <\/span><span class=\"s23\">barreiras, rompimentos<\/span><span class=\"s23\"> de tubos de passagem de \u00e1gua e <\/span><span class=\"s23\">quedas de \u00e1rvores<\/span><span class=\"s23\">.<\/span><span class=\"s23\"> Informo que c<\/span><span class=\"s23\">ontinuamos trabalhando nas buscas das informa\u00e7\u00f5es<\/span><span class=\"s23\"> em<\/span><span class=\"s23\"> outras comunidades.<\/span><\/p>\n<\/div>\n<\/td>\n<\/tr>\n<tr>\n<td class=\"s15\">\n<div>\n<div class=\"s25\"><span class=\"s6\">D. <\/span><span class=\"s17\">Danos Ambientais:<\/span><\/div>\n<p class=\"s26\"><span class=\"s19\">&#8211;<\/span> <span class=\"s23\">N\u00e3o houve danos ambientais<\/span><span class=\"s23\">.<\/span><\/p>\n<\/div>\n<\/td>\n<\/tr>\n<\/tbody>\n<\/table>\n<p class=\"s7\">\n<div class=\"s22\"><span class=\"s21\">III. <\/span><span class=\"s4\"><span class=\"bumpedFont15\">A\u00c7\u00d5ES DE RESPOSTA REALIZADAS<\/span><\/span><\/div>\n<p class=\"s14\"><span class=\"s23\"><span class=\"bumpedFont15\">Com base no <\/span><\/span><span class=\"s23\"><span class=\"bumpedFont15\">Plano de Conting\u00eancia para o desastre em tela<\/span><\/span><span class=\"s23\"><span class=\"bumpedFont15\">, <\/span><\/span><span class=\"s23\"><span class=\"bumpedFont15\">as seguintes a\u00e7\u00f5es emergenciais foram executadas<\/span><\/span><span class=\"s23\"><span class=\"bumpedFont15\">.<\/span><\/span><\/p>\n<table>\n<tbody>\n<tr>\n<td class=\"s15\">\n<div>\n<div class=\"s25\"><span class=\"s6\">E. <\/span><span class=\"s17\">Mobiliza\u00e7\u00e3o e Emprego de Recursos Humanos e Institucionais:<\/span><\/div>\n<p class=\"s26\"><span class=\"s6\">Mobiliza\u00e7\u00e3o d<\/span><span class=\"s6\">a Coordena\u00e7\u00e3o Municipal <\/span><span class=\"s6\">de Prote\u00e7\u00e3o e <\/span><span class=\"s6\">Defesa Civil<\/span><span class=\"s6\"> e Regional;<\/span><span class=\"s6\"> Toda a equipe da Prefeitura Municipal de D<\/span><span class=\"s6\">escoberto<\/span><span class=\"s6\">,<\/span> <span class=\"s6\">Equipe da Pol\u00edcia Militar e Volunt\u00e1rios<\/span><span class=\"s6\">.<\/span><\/p>\n<\/div>\n<\/td>\n<\/tr>\n<tr>\n<td class=\"s15\">\n<div>\n<div class=\"s25\"><span class=\"s6\">F. <\/span><span class=\"s17\">Mobiliza\u00e7\u00e3o e Emprego de Recursos Materiais:<\/span><\/div>\n<p class=\"s26\"><span class=\"s6\">&#8211;<\/span><span class=\"s6\"> 01<\/span><span class=\"s6\"> caminh\u00f5es pipa<\/span><span class=\"s6\"> (adaptado por um trator)<\/span><\/p>\n<p class=\"s26\"><span class=\"s6\">&#8211; 03<\/span><span class=\"s6\"> retroescavadeiras;<\/span><\/p>\n<p class=\"s26\"><span class=\"s6\">&#8211; 02 <\/span><span class=\"s6\">patrol<\/span><span class=\"s6\">;<\/span><\/p>\n<p class=\"s26\"><span class=\"s6\">&#8211; 0<\/span><span class=\"s6\">4<\/span><span class=\"s6\"> caminh\u00f5es basculante;<\/span><\/p>\n<p class=\"s26\"><span class=\"s6\">&#8211; 02 <\/span><span class=\"s6\">motosserras<\/span><span class=\"s6\">.<\/span><\/p>\n<\/div>\n<\/td>\n<\/tr>\n<\/tbody>\n<\/table>\n<p class=\"s14\">\n<div class=\"s22\"><span class=\"s21\">IV. <\/span><span class=\"s4\"><span class=\"bumpedFont15\">CONCLUS\u00c3O<\/span><\/span><\/div>\n<p class=\"s28\"><span class=\"s27\"><span class=\"bumpedFont15\">&#8211; <\/span><\/span><span class=\"s27\"><span class=\"bumpedFont15\">Diante do exposto, conclui-se que a situa\u00e7\u00e3o de anormalidade se apresenta fundamentada para fins de decreta\u00e7\u00e3o de situa\u00e7\u00e3o de emerg\u00eancia, conforme as normas vigentes.<\/span><\/span><\/p>\n<p class=\"s28\"><span class=\"s27\"><span class=\"bumpedFont15\">Em caso de necessidade de apoio complementar federal, o requerimento para o reconhecimento federal deve ser enviado \u00e0 Secretaria Nacional de Prote\u00e7\u00e3o e Defesa Civil, conforme os procedimentos e documenta\u00e7\u00e3o previstos na Portaria MDR N\u00ba 260 DE 02 DE FEVEREIRO DE 2022.<\/span><\/span><\/p>\n<p class=\"s29\"><span class=\"s27\"><span class=\"bumpedFont15\">\u00c9 o parecer.<\/span><\/span><\/p>\n<p class=\"s14\">\n<p class=\"s30\"><span class=\"s27\"><span class=\"bumpedFont15\">\u00a0 \u00a0 \u00a0 \u00a0 \u00a0 \u00a0 \u00a0 \u00a0 \u00a0 \u00a0 \u00a0 \u00a0 \u00a0 \u00a0 \u00a0 \u00a0 \u00a0 \u00a0 \u00a0 <\/span><\/span><\/p>\n<p class=\"s31\">\n<p class=\"s32\"><span class=\"s27\"><span class=\"bumpedFont15\">________________________________<\/span><\/span><\/p>\n<p class=\"s32\"><span class=\"s24\"><span class=\"bumpedFont15\">Sebasti\u00e3o Bruno Pereira<\/span><\/span><\/p>\n<p class=\"s32\"><span class=\"s24\"><span class=\"bumpedFont15\">Coordenador Municipal de Prote\u00e7\u00e3o e Defesa Civil<\/span><\/span><\/p>\n","protected":false},"excerpt":{"rendered":"<p>Assunto: Decreta\u00e7\u00e3o de situa\u00e7\u00e3o de anormalidade I. INFORMA\u00c7\u00d5ES GERAIS O presente parecer versa sobre o desastre e situa\u00e7\u00e3o de anormalidadeabaixo resumida. A. Informa\u00e7\u00f5es Gerais UF: MG Munic\u00edpio(s): Descoberto Data:31\/01\/2025 Publica\u00e7\u00e3o:31\/01\/2025 C\u00f3digo Cobrade: 1.3.2.1.4 Tipo: Tempestade local convectiva\/ Chuvas Intensas Data: 28\/01\/2025 Hora: 17:30 Causas e recorr\u00eancia: \u00a0 \u00a0 \u00a0 \u00a0 No dia 28\/01\/2025, o munic\u00edpio [&hellip;]<\/p>\n","protected":false},"author":246,"featured_media":0,"comment_status":"closed","ping_status":"closed","sticky":false,"template":"","format":"standard","meta":{"footnotes":""},"categories":[307],"tags":[],"class_list":["post-226620","post","type-post","status-publish","format-standard","hentry","category-editais"],"_links":{"self":[{"href":"https:\/\/diarioregionaldigital.com.br\/index.php?rest_route=\/wp\/v2\/posts\/226620","targetHints":{"allow":["GET"]}}],"collection":[{"href":"https:\/\/diarioregionaldigital.com.br\/index.php?rest_route=\/wp\/v2\/posts"}],"about":[{"href":"https:\/\/diarioregionaldigital.com.br\/index.php?rest_route=\/wp\/v2\/types\/post"}],"author":[{"embeddable":true,"href":"https:\/\/diarioregionaldigital.com.br\/index.php?rest_route=\/wp\/v2\/users\/246"}],"replies":[{"embeddable":true,"href":"https:\/\/diarioregionaldigital.com.br\/index.php?rest_route=%2Fwp%2Fv2%2Fcomments&post=226620"}],"version-history":[{"count":1,"href":"https:\/\/diarioregionaldigital.com.br\/index.php?rest_route=\/wp\/v2\/posts\/226620\/revisions"}],"predecessor-version":[{"id":226621,"href":"https:\/\/diarioregionaldigital.com.br\/index.php?rest_route=\/wp\/v2\/posts\/226620\/revisions\/226621"}],"wp:attachment":[{"href":"https:\/\/diarioregionaldigital.com.br\/index.php?rest_route=%2Fwp%2Fv2%2Fmedia&parent=226620"}],"wp:term":[{"taxonomy":"category","embeddable":true,"href":"https:\/\/diarioregionaldigital.com.br\/index.php?rest_route=%2Fwp%2Fv2%2Fcategories&post=226620"},{"taxonomy":"post_tag","embeddable":true,"href":"https:\/\/diarioregionaldigital.com.br\/index.php?rest_route=%2Fwp%2Fv2%2Ftags&post=226620"}],"curies":[{"name":"wp","href":"https:\/\/api.w.org\/{rel}","templated":true}]}}