{"id":226597,"date":"2025-02-03T20:56:25","date_gmt":"2025-02-03T23:56:25","guid":{"rendered":"https:\/\/diarioregionaldigital.com.br\/?p=226597"},"modified":"2025-02-03T20:56:25","modified_gmt":"2025-02-03T23:56:25","slug":"governador-destaca-trabalho-em-parceria-com-a-almg-na-sessao-de-abertura-da-casa-legislativa","status":"publish","type":"post","link":"https:\/\/diarioregionaldigital.com.br\/?p=226597","title":{"rendered":"Governador destaca trabalho em parceria com a ALMG na sess\u00e3o de abertura da Casa Legislativa"},"content":{"rendered":"<p>O governador Romeu Zema e o vice-governador Professor Mateus acompanharam, nesta segunda-feira (3\/2), a solenidade de instala\u00e7\u00e3o da 3\u00aa\u00a0Sess\u00e3o Legislativa Ordin\u00e1ria e de\u00a0posse da Mesa Diretora eleita para o segundo bi\u00eanio da 20\u00aa Legislatura na Assembleia Legislativa de Minas Gerais (ALMG).<\/p>\n<p>Durante a reuni\u00e3o especial, o chefe do Executivo estadual fez a\u00a0leitura da mensagem\u00a0e entregou o relat\u00f3rio governamental ao presidente da ALMG, deputado estadual Tadeu Martins Leite.<\/p>\n<p>Na ocasi\u00e3o, o governador refor\u00e7ou a import\u00e2ncia para Minas Gerais da rela\u00e7\u00e3o de parceria constru\u00edda\u00a0entre o\u00a0<a href=\"http:\/\/www.mg.gov.br\/\" target=\"_blank\" rel=\"noopener\">Governo de Minas<\/a>\u00a0e o Legislativo mineiro.<\/p>\n<table border=\"0\" cellspacing=\"1\" cellpadding=\"1\" align=\"center\">\n<tbody>\n<tr>\n<td colspan=\"5\"><img decoding=\"async\" src=\"https:\/\/www.agenciaminas.mg.gov.br\/ckeditor_assets\/pictures\/20949\/content_2_olho_topo.jpg\" alt=\"\" \/><\/td>\n<\/tr>\n<tr>\n<td><\/td>\n<td colspan=\"3\" rowspan=\"3\">\n<h1><strong>&#8220;Em 2024, tivemos o melhor ano do meu governo em discuss\u00f5es de projetos de interesse do Executivo neste Plen\u00e1rio. Ampliamos nossa capacidade de construir solu\u00e7\u00f5es, de forma conjunta, para\u00a0que importantes propostas dos deputados se tornassem leis com viabilidade efetiva no dia a dia dos mineiros, como a Nota Fiscal Mineira e o fortalecimento das pol\u00edticas voltadas ao queijo produzido no nosso Estado, entre outros exemplos&#8221;, destacou Romeu Zema.<\/strong><\/h1>\n<\/td>\n<td><\/td>\n<\/tr>\n<tr>\n<td><\/td>\n<td><\/td>\n<\/tr>\n<tr>\n<td><\/td>\n<td><\/td>\n<\/tr>\n<tr>\n<td colspan=\"5\"><img decoding=\"async\" src=\"https:\/\/www.agenciaminas.mg.gov.br\/ckeditor_assets\/pictures\/20950\/content_2_olho_inferior.jpg\" alt=\"\" \/><\/td>\n<\/tr>\n<\/tbody>\n<\/table>\n<p><strong>Propag<\/strong><\/p>\n<p>Uma das pautas que avan\u00e7aram no ano passado em virtude do trabalho conjunto realizado entre o Executivo e o Legislativo\u00a0foi a aprova\u00e7\u00e3o do Programa de Pleno Pagamento de D\u00edvidas dos Estados (Propag) que foi votado e aprovado pelo Congresso Nacional.<\/p>\n<p>\u201cSob a lideran\u00e7a do presidente Tadeu Martins Leite, a Assembleia Legislativa foi fundamental para viabilizar uma solu\u00e7\u00e3o para a d\u00edvida de Minas com a Uni\u00e3o, por meio do Propag. Agrade\u00e7o tamb\u00e9m ao Congresso Nacional, especialmente\u00a0ao senador Rodrigo Pacheco, pela cria\u00e7\u00e3o e aprova\u00e7\u00e3o do projeto que atendia integralmente aos anseios dos estados que s\u00e3o estrangulados pelos juros abusivos cobrados pela Uni\u00e3o. \u00c9 hora de lutarmos, todos juntos, pela derrubada dos vetos. Esse \u00e9 um assunto de interesse do Estado e n\u00e3o de um governo\u201d, refor\u00e7ou o governador.<\/p>\n<table border=\"0\" cellspacing=\"1\" cellpadding=\"1\" align=\"center\">\n<tbody>\n<tr>\n<td colspan=\"5\"><img decoding=\"async\" src=\"https:\/\/www.agenciaminas.mg.gov.br\/ckeditor_assets\/pictures\/20949\/content_2_olho_topo.jpg\" alt=\"\" \/><\/td>\n<\/tr>\n<tr>\n<td><\/td>\n<td colspan=\"3\" rowspan=\"3\">\n<h1><strong>&#8220;Reitero as palavras do governador: temos a seguran\u00e7a de dizer que o Propag \u00e9 o caminho que Minas vai trilhar para se tornar um estado sustent\u00e1vel. Desde o primeiro dia, a prioridade vem sendo equilibrar as contas, trazer efici\u00eancia para a gest\u00e3o e para a presta\u00e7\u00e3o dos servi\u00e7os oferecidos pelo Estado. \u00c9 assim que avan\u00e7amos e vamos avan\u00e7ar cada vez mais para melhorar a vida dos mineiros&#8221;, afirmou o vice-governador\u00a0Professor Mateus.<\/strong><\/h1>\n<\/td>\n<td><\/td>\n<\/tr>\n<tr>\n<td><\/td>\n<td><\/td>\n<\/tr>\n<tr>\n<td><\/td>\n<td><\/td>\n<\/tr>\n<tr>\n<td colspan=\"5\"><img decoding=\"async\" src=\"https:\/\/www.agenciaminas.mg.gov.br\/ckeditor_assets\/pictures\/20950\/content_2_olho_inferior.jpg\" alt=\"\" \/><\/td>\n<\/tr>\n<\/tbody>\n<\/table>\n<p><strong>Mesa Diretora e novos\u00a0deputados<\/strong><\/p>\n<p>O deputado Tadeu Martins Leite\u00a0foi reconduzido ao cargo de presidente, assim como outros parlamentares que ocuparam cargos na primeira Mesa da legislatura.\u00a0Houve\u00a0apenas uma altera\u00e7\u00e3o em rela\u00e7\u00e3o \u00e0 composi\u00e7\u00e3o anterior: o deputado Gustavo Santana\u00a0passou a ocupar o\u00a0cargo de 1\u00ba-secret\u00e1rio, que era exercido\u00a0pelo deputado Antonio Carlos Arantes.<\/p>\n<p>Permanecem na Mesa Diretora a\u00a0deputada Leninha (1\u00aa vice-presidente);\u00a0Duarte Bechir (2\u00ba\u00a0vice-presidente) e Betinho Coelho (3\u00ba vice-presidente).\u00a0Os deputados Alencar da Silveira Jr. e Jo\u00e3o V\u00edtor Xavier<br \/>\nseguem como 2\u00ba e 3\u00ba secret\u00e1rios, respectivamente.<\/p>\n<p>Ainda durante a solenidade, tr\u00eas deputados suplentes assumiram as vagas deixadas por parlamentares que sa\u00edram de seus postos para concorrer \u00e0s elei\u00e7\u00f5es municipais de 2024. S\u00e3o eles Adalclever Lopes, Ana Carolina Pinto Caram\u00a0Guimar\u00e3es e\u00a0Lincoln Drumond Soares Neto.<\/p>\n<p>Fonte: Ag\u00eancia Minas<\/p>\n","protected":false},"excerpt":{"rendered":"<p>O governador Romeu Zema e o vice-governador Professor Mateus acompanharam, nesta segunda-feira (3\/2), a solenidade de instala\u00e7\u00e3o da 3\u00aa\u00a0Sess\u00e3o Legislativa Ordin\u00e1ria e de\u00a0posse da Mesa Diretora eleita para o segundo bi\u00eanio da 20\u00aa Legislatura na Assembleia Legislativa de Minas Gerais (ALMG). Durante a reuni\u00e3o especial, o chefe do Executivo estadual fez a\u00a0leitura da mensagem\u00a0e entregou [&hellip;]<\/p>\n","protected":false},"author":246,"featured_media":226598,"comment_status":"closed","ping_status":"closed","sticky":false,"template":"","format":"standard","meta":{"footnotes":""},"categories":[436,440,261,254,439],"tags":[],"class_list":["post-226597","post","type-post","status-publish","format-standard","has-post-thumbnail","hentry","category-destaque-da-semana","category-destaques-do-dia","category-economia","category-politica","category-ultima-hora"],"_links":{"self":[{"href":"https:\/\/diarioregionaldigital.com.br\/index.php?rest_route=\/wp\/v2\/posts\/226597","targetHints":{"allow":["GET"]}}],"collection":[{"href":"https:\/\/diarioregionaldigital.com.br\/index.php?rest_route=\/wp\/v2\/posts"}],"about":[{"href":"https:\/\/diarioregionaldigital.com.br\/index.php?rest_route=\/wp\/v2\/types\/post"}],"author":[{"embeddable":true,"href":"https:\/\/diarioregionaldigital.com.br\/index.php?rest_route=\/wp\/v2\/users\/246"}],"replies":[{"embeddable":true,"href":"https:\/\/diarioregionaldigital.com.br\/index.php?rest_route=%2Fwp%2Fv2%2Fcomments&post=226597"}],"version-history":[{"count":1,"href":"https:\/\/diarioregionaldigital.com.br\/index.php?rest_route=\/wp\/v2\/posts\/226597\/revisions"}],"predecessor-version":[{"id":226599,"href":"https:\/\/diarioregionaldigital.com.br\/index.php?rest_route=\/wp\/v2\/posts\/226597\/revisions\/226599"}],"wp:featuredmedia":[{"embeddable":true,"href":"https:\/\/diarioregionaldigital.com.br\/index.php?rest_route=\/wp\/v2\/media\/226598"}],"wp:attachment":[{"href":"https:\/\/diarioregionaldigital.com.br\/index.php?rest_route=%2Fwp%2Fv2%2Fmedia&parent=226597"}],"wp:term":[{"taxonomy":"category","embeddable":true,"href":"https:\/\/diarioregionaldigital.com.br\/index.php?rest_route=%2Fwp%2Fv2%2Fcategories&post=226597"},{"taxonomy":"post_tag","embeddable":true,"href":"https:\/\/diarioregionaldigital.com.br\/index.php?rest_route=%2Fwp%2Fv2%2Ftags&post=226597"}],"curies":[{"name":"wp","href":"https:\/\/api.w.org\/{rel}","templated":true}]}}