{"id":226588,"date":"2025-01-31T19:23:06","date_gmt":"2025-01-31T22:23:06","guid":{"rendered":"https:\/\/diarioregionaldigital.com.br\/?p=226588"},"modified":"2025-01-31T19:23:06","modified_gmt":"2025-01-31T22:23:06","slug":"janeiro-branco-seguranca-reafirma-atencao-a-saude-mental-de-profissionais","status":"publish","type":"post","link":"https:\/\/diarioregionaldigital.com.br\/?p=226588","title":{"rendered":"Janeiro Branco: seguran\u00e7a reafirma aten\u00e7\u00e3o \u00e0 sa\u00fade mental de profissionais"},"content":{"rendered":"<p>Segundo informa\u00e7\u00f5es do site da Prefeitura de Juiz de Fora (PJF), o\u00a0dia a dia dos profissionais de seguran\u00e7a p\u00fablica \u00e9 cheio de desafios. Para que possam garantir prote\u00e7\u00e3o preventiva e atendimento \u00e0s mais diferentes situa\u00e7\u00f5es, os guardas municipais precisam estar t\u00e9cnica, f\u00edsica e emocionalmente preparados. Por isso, sua sa\u00fade mental \u00e9 acompanhada por trabalho espec\u00edfico da prefeitura, com oferta de grupos reflexivos e atendimento cl\u00ednico quando necess\u00e1rio, por meio do Departamento de Ambi\u00eancia Organizacional (Damor) da Secretaria de Recursos Humanos (SRH).<\/p>\n<p>Desde 2019, a proposta do programa \u201cGM Vida e Sa\u00fade\u201d, desenvolvido pela institui\u00e7\u00e3o, oferece aos agentes de seguran\u00e7a ferramentas para o fortalecimento das suas condi\u00e7\u00f5es emocionais e f\u00edsicas. De um lado, grupos reflexivos buscam aprofundar o autoconhecimento e estimular o autocuidado por meio da abordagem em intelig\u00eancia emocional. De outro, a inaugura\u00e7\u00e3o da academia de gin\u00e1stica da guarda vem oferecendo benef\u00edcios \u00e0 sa\u00fade do corpo e da mente dos membros da institui\u00e7\u00e3o, numa perspectiva de promo\u00e7\u00e3o da sa\u00fade global dos profissionais.<\/p>\n<p>O formato de trabalho disponibilizado condiz com as recomenda\u00e7\u00f5es de especialistas da \u00e1rea. Recentemente, a oferta de suporte em sa\u00fade mental aos profissionais de seguran\u00e7a foi tema de encontro realizado pela Secretaria Nacional de Seguran\u00e7a P\u00fablica (Senasp) do Minist\u00e9rio da Justi\u00e7a e Seguran\u00e7a P\u00fablica (MJSP), intitulado \u201cSa\u00fade Mental de Janeiro a Janeiro\u201d. O evento, no qual a Guarda Municipal de Juiz de Fora participou, apresentou iniciativas adotadas por diversas corpora\u00e7\u00f5es de seguran\u00e7a para amparo em sa\u00fade mental de seus integrantes.<\/p>\n<p>Durante sua apresenta\u00e7\u00e3o, a diretora do Sistema \u00danico de Seguran\u00e7a P\u00fablica (SUSP), Isabel Figueiredo, anunciou a inten\u00e7\u00e3o de estender o programa Escuta SUSP, do governo federal, para as guardas municipais em todo o pa\u00eds. Lan\u00e7ado em maio de 2024, a iniciativa disponibiliza atendimento psicol\u00f3gico online e gratuito para profissionais das for\u00e7as de seguran\u00e7a estaduais, com o objetivo de dar suporte a quem precisa. A expans\u00e3o deve acontecer at\u00e9 o fim do primeiro semestre de 2025, beneficiando milhares de guardas que atuam na seguran\u00e7a preventiva dos munic\u00edpio em todo o Brasil.<\/p>\n","protected":false},"excerpt":{"rendered":"<p>Segundo informa\u00e7\u00f5es do site da Prefeitura de Juiz de Fora (PJF), o\u00a0dia a dia dos profissionais de seguran\u00e7a p\u00fablica \u00e9 cheio de desafios. Para que possam garantir prote\u00e7\u00e3o preventiva e atendimento \u00e0s mais diferentes situa\u00e7\u00f5es, os guardas municipais precisam estar t\u00e9cnica, f\u00edsica e emocionalmente preparados. Por isso, sua sa\u00fade mental \u00e9 acompanhada por trabalho espec\u00edfico [&hellip;]<\/p>\n","protected":false},"author":246,"featured_media":226589,"comment_status":"closed","ping_status":"closed","sticky":false,"template":"","format":"standard","meta":{"footnotes":""},"categories":[253,436,439],"tags":[],"class_list":["post-226588","post","type-post","status-publish","format-standard","has-post-thumbnail","hentry","category-cidade","category-destaque-da-semana","category-ultima-hora"],"_links":{"self":[{"href":"https:\/\/diarioregionaldigital.com.br\/index.php?rest_route=\/wp\/v2\/posts\/226588","targetHints":{"allow":["GET"]}}],"collection":[{"href":"https:\/\/diarioregionaldigital.com.br\/index.php?rest_route=\/wp\/v2\/posts"}],"about":[{"href":"https:\/\/diarioregionaldigital.com.br\/index.php?rest_route=\/wp\/v2\/types\/post"}],"author":[{"embeddable":true,"href":"https:\/\/diarioregionaldigital.com.br\/index.php?rest_route=\/wp\/v2\/users\/246"}],"replies":[{"embeddable":true,"href":"https:\/\/diarioregionaldigital.com.br\/index.php?rest_route=%2Fwp%2Fv2%2Fcomments&post=226588"}],"version-history":[{"count":1,"href":"https:\/\/diarioregionaldigital.com.br\/index.php?rest_route=\/wp\/v2\/posts\/226588\/revisions"}],"predecessor-version":[{"id":226590,"href":"https:\/\/diarioregionaldigital.com.br\/index.php?rest_route=\/wp\/v2\/posts\/226588\/revisions\/226590"}],"wp:featuredmedia":[{"embeddable":true,"href":"https:\/\/diarioregionaldigital.com.br\/index.php?rest_route=\/wp\/v2\/media\/226589"}],"wp:attachment":[{"href":"https:\/\/diarioregionaldigital.com.br\/index.php?rest_route=%2Fwp%2Fv2%2Fmedia&parent=226588"}],"wp:term":[{"taxonomy":"category","embeddable":true,"href":"https:\/\/diarioregionaldigital.com.br\/index.php?rest_route=%2Fwp%2Fv2%2Fcategories&post=226588"},{"taxonomy":"post_tag","embeddable":true,"href":"https:\/\/diarioregionaldigital.com.br\/index.php?rest_route=%2Fwp%2Fv2%2Ftags&post=226588"}],"curies":[{"name":"wp","href":"https:\/\/api.w.org\/{rel}","templated":true}]}}