{"id":226572,"date":"2025-01-31T19:16:26","date_gmt":"2025-01-31T22:16:26","guid":{"rendered":"https:\/\/diarioregionaldigital.com.br\/?p=226572"},"modified":"2025-01-31T19:16:26","modified_gmt":"2025-01-31T22:16:26","slug":"proprietarios-de-veiculos-comecam-a-pagar-o-ipva-no-proximo-dia-3-2","status":"publish","type":"post","link":"https:\/\/diarioregionaldigital.com.br\/?p=226572","title":{"rendered":"Propriet\u00e1rios de ve\u00edculos come\u00e7am a pagar o IPVA no pr\u00f3ximo dia 3\/2"},"content":{"rendered":"<p>Os propriet\u00e1rios de ve\u00edculos automotores em Minas Gerais devem estar atentos \u00e0s datas para a quita\u00e7\u00e3o Imposto sobre Propriedade de Ve\u00edculos Automotores (IPVA) neste ano. De acordo com calend\u00e1rio divulgado no final do m\u00eas passado pela\u00a0<a href=\"https:\/\/www.fazenda.mg.gov.br\/\" target=\"_blank\" rel=\"noopener\">Secretaria de Estado da Fazenda de Minas Gerais (SEF\/MG)<\/a>, o pagamento da quota \u00fanica ou da primeira parcela do tributo come\u00e7a no pr\u00f3ximo dia 3\/2 e se estende at\u00e9 o dia 7 do mesmo m\u00eas, de acordo com o final da placa do ve\u00edculo.<\/p>\n<p>Vale ressaltar que quem optar pelo pagamento em quota \u00fanica, garante desconto de 3% sobre o valor do IPVA. Da mesma forma, os propriet\u00e1rios de ve\u00edculos que quitaram em dia todos os d\u00e9bitos do ve\u00edculo nos anos de 2024 e 2023 ter\u00e3o ainda um desconto extra, tamb\u00e9m de 3%, como parte do programa Bom Pagador. Sendo assim, quem liquidar o tributo em quota \u00fanica e se beneficiar do Bom pagador, \u00a0consegue deduzir 6% no valor do imposto.<\/p>\n<p><strong>Confira as datas de vencimento da primeira parcela ou quota \u00fanica:<\/strong><\/p>\n<p><img decoding=\"async\" src=\"https:\/\/www.agenciaminas.mg.gov.br\/ckeditor_assets\/pictures\/22364\/content_tabela.jpg\" alt=\"\" \/><\/p>\n<p>Ao contr\u00e1rio de anos anteriores, quando o tributo come\u00e7ava a ser pago em janeiro, neste ano os contribuintes tiveram um al\u00edvio maior com o IPVA vencendo a partir do m\u00eas de fevereiro, tendo em vista que no primeiro m\u00eas do ano h\u00e1 \u00a0um ac\u00famulo de outras despesas com impostos, al\u00e9m de matr\u00edculas e materiais escolares, entre outras.<\/p>\n<p>Neste ano, os contribuintes que optarem pelo parcelamento do Imposto sobre Propriedade de Ve\u00edculos Automotores podem quitar a primeira parcela em fevereiro e as subsequentes nos meses de mar\u00e7o e abril.<\/p>\n<p>O pagamento do IPVA \u00e9 de fundamental import\u00e2ncia para o licenciamento regular do ve\u00edculo junto \u00e0\u00a0<a href=\"https:\/\/transito.mg.gov.br\/sobre-1\/institucional\" target=\"_blank\" rel=\"noopener\">Coordenadoria Estadual de Gest\u00e3o de Tr\u00e2nsito de Minas Gerais (CET-MG)<\/a>, \u00f3rg\u00e3o vinculado \u00e0\u00a0<a href=\"https:\/\/www.mg.gov.br\/planejamento\" target=\"_blank\" rel=\"noopener\">Secretaria de Estado de Planejamento e Gest\u00e3o de Minas (Seplag\/MG)<\/a>.<\/p>\n<p>Para manter o ve\u00edculo livre e desimpedido para circula\u00e7\u00e3o, \u00e9 necess\u00e1rio quitar ainda as poss\u00edveis multas pendentes e efetuar o pagamento da Taxa de Renova\u00e7\u00e3o do Licenciamento Anual de Ve\u00edculos (TRLAV), que neste ano vencer\u00e1 no dia 31\/3.<\/p>\n<p>A inadimpl\u00eancia em rela\u00e7\u00e3o ao imposto pode resultar em multas, juros, inclus\u00e3o do nome do contribuinte na D\u00edvida Ativa do Estado, e at\u00e9 apreens\u00e3o do ve\u00edculo em fiscaliza\u00e7\u00f5es.<\/p>\n<p>Os contribuintes que ainda n\u00e3o sabem quanto v\u00e3o pagar de IPVA neste ano, podem consultar os valores diretamente no\u00a0<a href=\"http:\/\/www.fazenda.mg.gov.br\/\" target=\"_blank\" rel=\"noopener\">site oficial da SEF<\/a>. Para isso, basta acessar o menu \u201cTributos\u201d e clicar em \u201cIPVA\u201d.<\/p>\n<p>Em todos os estados, o valor do imposto \u00e9 calculado com base no valor venal do ve\u00edculo, conforme a Tabela Fipe, al\u00e9m de outras especifica\u00e7\u00f5es prevista em lei.<\/p>\n<p>Fonte: Ag\u00eancia Minas<\/p>\n","protected":false},"excerpt":{"rendered":"<p>Os propriet\u00e1rios de ve\u00edculos automotores em Minas Gerais devem estar atentos \u00e0s datas para a quita\u00e7\u00e3o Imposto sobre Propriedade de Ve\u00edculos Automotores (IPVA) neste ano. De acordo com calend\u00e1rio divulgado no final do m\u00eas passado pela\u00a0Secretaria de Estado da Fazenda de Minas Gerais (SEF\/MG), o pagamento da quota \u00fanica ou da primeira parcela do tributo [&hellip;]<\/p>\n","protected":false},"author":246,"featured_media":226573,"comment_status":"closed","ping_status":"closed","sticky":false,"template":"","format":"standard","meta":{"footnotes":""},"categories":[436,440,261,254,439],"tags":[],"class_list":["post-226572","post","type-post","status-publish","format-standard","has-post-thumbnail","hentry","category-destaque-da-semana","category-destaques-do-dia","category-economia","category-politica","category-ultima-hora"],"_links":{"self":[{"href":"https:\/\/diarioregionaldigital.com.br\/index.php?rest_route=\/wp\/v2\/posts\/226572","targetHints":{"allow":["GET"]}}],"collection":[{"href":"https:\/\/diarioregionaldigital.com.br\/index.php?rest_route=\/wp\/v2\/posts"}],"about":[{"href":"https:\/\/diarioregionaldigital.com.br\/index.php?rest_route=\/wp\/v2\/types\/post"}],"author":[{"embeddable":true,"href":"https:\/\/diarioregionaldigital.com.br\/index.php?rest_route=\/wp\/v2\/users\/246"}],"replies":[{"embeddable":true,"href":"https:\/\/diarioregionaldigital.com.br\/index.php?rest_route=%2Fwp%2Fv2%2Fcomments&post=226572"}],"version-history":[{"count":1,"href":"https:\/\/diarioregionaldigital.com.br\/index.php?rest_route=\/wp\/v2\/posts\/226572\/revisions"}],"predecessor-version":[{"id":226574,"href":"https:\/\/diarioregionaldigital.com.br\/index.php?rest_route=\/wp\/v2\/posts\/226572\/revisions\/226574"}],"wp:featuredmedia":[{"embeddable":true,"href":"https:\/\/diarioregionaldigital.com.br\/index.php?rest_route=\/wp\/v2\/media\/226573"}],"wp:attachment":[{"href":"https:\/\/diarioregionaldigital.com.br\/index.php?rest_route=%2Fwp%2Fv2%2Fmedia&parent=226572"}],"wp:term":[{"taxonomy":"category","embeddable":true,"href":"https:\/\/diarioregionaldigital.com.br\/index.php?rest_route=%2Fwp%2Fv2%2Fcategories&post=226572"},{"taxonomy":"post_tag","embeddable":true,"href":"https:\/\/diarioregionaldigital.com.br\/index.php?rest_route=%2Fwp%2Fv2%2Ftags&post=226572"}],"curies":[{"name":"wp","href":"https:\/\/api.w.org\/{rel}","templated":true}]}}