{"id":226550,"date":"2025-01-30T20:04:46","date_gmt":"2025-01-30T23:04:46","guid":{"rendered":"https:\/\/diarioregionaldigital.com.br\/?p=226550"},"modified":"2025-01-30T20:04:46","modified_gmt":"2025-01-30T23:04:46","slug":"pequenos-empreendedores-tem-a-vida-transformada-pelo-governo-de-minas","status":"publish","type":"post","link":"https:\/\/diarioregionaldigital.com.br\/?p=226550","title":{"rendered":"Pequenos empreendedores t\u00eam a vida transformada pelo Governo de Minas"},"content":{"rendered":"<p>O\u00a0<a href=\"https:\/\/www.mg.gov.br\/\" target=\"_blank\" rel=\"noopener\">Governo de Minas<\/a>\u00a0consolida a Economia Popular Solid\u00e1ria (EPS) como uma importante estrat\u00e9gia para gerar renda e fortalecer pequenos empreendimentos em todo o estado. Mais de R$ 2,8 milh\u00f5es j\u00e1 foram investidos no setor, impulsionando a comercializa\u00e7\u00e3o de produtos artesanais e transformando vidas de milhares de pessoas.<\/p>\n<p>Entre as principais iniciativas est\u00e3o as Feiras de Economia Popular Solid\u00e1ria, organizadas pela\u00a0<a href=\"https:\/\/social.mg.gov.br\/\" target=\"_blank\" rel=\"noopener\">Secretaria de Estado de Desenvolvimento Social (Sedese)<\/a>. Com aporte de R$ 1,8 milh\u00e3o, as feiras realizadas em diversas regi\u00f5es movimentaram mais de R$ 307 mil e beneficiaram quase 2 mil empreendedores. Para 2025, novos recursos j\u00e1 est\u00e3o garantidos para ampliar essas a\u00e7\u00f5es.<\/p>\n<p>O governador Romeu Zema destaca o impacto das feiras na vida dos trabalhadores.\u00a0\u201cEm Minas, acreditamos no poder do trabalho, e as feiras garantem que esses empreendedores tenham visibilidade e oportunidade de comercializar seus produtos\u201d, ressalta o governador.<\/p>\n<table border=\"0\" cellspacing=\"1\" cellpadding=\"1\" align=\"center\">\n<tbody>\n<tr>\n<td colspan=\"5\"><img decoding=\"async\" src=\"https:\/\/www.agenciaminas.mg.gov.br\/ckeditor_assets\/pictures\/20949\/content_2_olho_topo.jpg\" alt=\"\" \/><\/td>\n<\/tr>\n<tr>\n<td><\/td>\n<td colspan=\"3\" rowspan=\"3\">\n<h1><strong>&#8220;\u00c9 um compromisso do nosso governo apoiar e fortalecer os pequenos produtores, garantindo que o talento e as riquezas de Minas sejam valorizados&#8221;, pontua Romeu Zema.<\/strong><\/h1>\n<\/td>\n<td><\/td>\n<\/tr>\n<tr>\n<td><\/td>\n<td><\/td>\n<\/tr>\n<tr>\n<td><\/td>\n<td><\/td>\n<\/tr>\n<tr>\n<td colspan=\"5\"><img decoding=\"async\" src=\"https:\/\/www.agenciaminas.mg.gov.br\/ckeditor_assets\/pictures\/20950\/content_2_olho_inferior.jpg\" alt=\"\" \/><\/td>\n<\/tr>\n<\/tbody>\n<\/table>\n<figure class=\"image\"><img decoding=\"async\" src=\"https:\/\/www.agenciaminas.mg.gov.br\/ckeditor_assets\/pictures\/22345\/content_whatsapp_image_2025-01-28_at_15_24_31.jpeg\" alt=\"\" \/><figcaption><sub><em>Armando Jr. \/ Sedese<\/em><\/sub><\/figcaption><\/figure>\n<p>Amanda Barbosa, de Contagem, \u00e9 um exemplo do sucesso das feiras. A confeiteira participa dos eventos h\u00e1 tr\u00eas anos e, gra\u00e7as ao aumento das vendas, conseguiu realizar alguns sonhos.\u00a0\u201cConsigo ter clientes durante e depois das feiras, porque compram, gostam e passam a fazer encomendas. A feira \u00e9 muito importante por causa disso\u201d, ressalta a confeiteira.<\/p>\n<p>\u201cCom a renda da economia solid\u00e1ria consegui comprar e quitar meu carro. Tamb\u00e9m estou reformando minha casa. Ent\u00e3o, a gente precisa bastante da feira\u201d, comemora Amanda.<\/p>\n<p><strong>Feiras impulsionam vendas<\/strong><\/p>\n<p>Em 2024, a Sedese promoveu encontros em Belo Horizonte e em cidades do Vale do Mucuri, incluindo os munic\u00edpios de Carlos Chagas, Ouro Verde, \u00c1guas Formosas, Malacacheta e Te\u00f3filo Otoni, reunindo centenas de empreendimentos, potencializando a comercializa\u00e7\u00e3o nessas regi\u00f5es.<\/p>\n<p>A secret\u00e1ria de Estado de Desenvolvimento Social, Al\u00ea Portela, destaca a import\u00e2ncia dessas iniciativas para aproximar os empreendedores dos consumidores.<\/p>\n<table border=\"0\" cellspacing=\"1\" cellpadding=\"1\" align=\"center\">\n<tbody>\n<tr>\n<td colspan=\"5\"><img decoding=\"async\" src=\"https:\/\/www.agenciaminas.mg.gov.br\/ckeditor_assets\/pictures\/20949\/content_2_olho_topo.jpg\" alt=\"\" \/><\/td>\n<\/tr>\n<tr>\n<td><\/td>\n<td colspan=\"3\" rowspan=\"3\">\n<h1><strong>&#8220;As feiras fortalecem os pequenos empreendedores e aproximam a popula\u00e7\u00e3o do consumo consciente, valorizando os produtos locais&#8221;, ressalta Al\u00ea Portela.<\/strong><\/h1>\n<\/td>\n<td><\/td>\n<\/tr>\n<tr>\n<td><\/td>\n<td><\/td>\n<\/tr>\n<tr>\n<td><\/td>\n<td><\/td>\n<\/tr>\n<tr>\n<td colspan=\"5\"><img decoding=\"async\" src=\"https:\/\/www.agenciaminas.mg.gov.br\/ckeditor_assets\/pictures\/20950\/content_2_olho_inferior.jpg\" alt=\"\" \/><\/td>\n<\/tr>\n<\/tbody>\n<\/table>\n<p>&nbsp;<\/p>\n<p>Para o produtor Clayton Domingos Fagundes, de Jaboticatubas, as feiras ajudaram na divulga\u00e7\u00e3o de seu mel org\u00e2nico, produzido no distrito de S\u00e3o Jos\u00e9 da Serra. \u201cN\u00f3s participamos da feira e gostamos muito. \u00c9 uma renda a mais, porque ficamos conhecidos e o dinheiro vem junto com esse reconhecimento. \u00c9 muito importante, porque sem a feira n\u00e3o vendemos\u201d, avalia Clayton.<\/p>\n<p><strong>Ano novo com mais incentivos<\/strong><\/p>\n<p>Para 2025, o Governo de Minas j\u00e1 trabalha em novos projetos para fortalecer ainda mais a economia popular solid\u00e1ria. J\u00e1 no in\u00edcio desse ano, a Sedese vai destinar mais de R$ 1 milh\u00e3o aos Fundos Rotativos Solid\u00e1rios, beneficiando mais de cem\u00a0empreendimentos. Esse \u00e9 o segundo incentivo desse tipo lan\u00e7ado pelo Estado e busca apoiar os empreendedores na aquisi\u00e7\u00e3o de insumos, para aprimorar a produ\u00e7\u00e3o e comercializa\u00e7\u00e3o, sempre com o objetivo de gerar renda e fomentar o desenvolvimento local.<\/p>\n<p>J\u00e1 em abril, a Sedese atua na organiza\u00e7\u00e3o da Feira e da Confer\u00eancia Estadual de Economia Popular Solid\u00e1ria (EPS), em Belo Horizonte, entre os dias 11 e 15\/4. Os dois eventos v\u00e3o impactar diretamente mais de mil pessoas.<\/p>\n<p>Al\u00e9m disso, as feiras mensais na Cidade Administrativa de Minas Gerais (CAMG) j\u00e1 foram retomadas. Com expectativa de participa\u00e7\u00e3o de mais de 2 mil pessoas de 720 empreendimentos, essas feiras devem gerar mais de R$ 600 mil em vendas.<\/p>\n<p>O subsecret\u00e1rio de Inclus\u00e3o Produtiva, Trabalho, Emprego e Renda, Arthur Campos, refor\u00e7a o impacto dessas a\u00e7\u00f5es: \u201cMinas segue avan\u00e7ando e as feiras de EPS reafirmam nosso compromisso com a inclus\u00e3o social e o desenvolvimento sustent\u00e1vel. \u00c9 o Governo de Minas criando oportunidades e construindo um futuro mais justo e solid\u00e1rio para todos&#8221;, salienta Campos.<\/p>\n<p>Fonte: Ag\u00eancia Minas<\/p>\n","protected":false},"excerpt":{"rendered":"<p>O\u00a0Governo de Minas\u00a0consolida a Economia Popular Solid\u00e1ria (EPS) como uma importante estrat\u00e9gia para gerar renda e fortalecer pequenos empreendimentos em todo o estado. Mais de R$ 2,8 milh\u00f5es j\u00e1 foram investidos no setor, impulsionando a comercializa\u00e7\u00e3o de produtos artesanais e transformando vidas de milhares de pessoas. Entre as principais iniciativas est\u00e3o as Feiras de Economia [&hellip;]<\/p>\n","protected":false},"author":246,"featured_media":226551,"comment_status":"closed","ping_status":"closed","sticky":false,"template":"","format":"standard","meta":{"footnotes":""},"categories":[436,440,261,254,439],"tags":[],"class_list":["post-226550","post","type-post","status-publish","format-standard","has-post-thumbnail","hentry","category-destaque-da-semana","category-destaques-do-dia","category-economia","category-politica","category-ultima-hora"],"_links":{"self":[{"href":"https:\/\/diarioregionaldigital.com.br\/index.php?rest_route=\/wp\/v2\/posts\/226550","targetHints":{"allow":["GET"]}}],"collection":[{"href":"https:\/\/diarioregionaldigital.com.br\/index.php?rest_route=\/wp\/v2\/posts"}],"about":[{"href":"https:\/\/diarioregionaldigital.com.br\/index.php?rest_route=\/wp\/v2\/types\/post"}],"author":[{"embeddable":true,"href":"https:\/\/diarioregionaldigital.com.br\/index.php?rest_route=\/wp\/v2\/users\/246"}],"replies":[{"embeddable":true,"href":"https:\/\/diarioregionaldigital.com.br\/index.php?rest_route=%2Fwp%2Fv2%2Fcomments&post=226550"}],"version-history":[{"count":1,"href":"https:\/\/diarioregionaldigital.com.br\/index.php?rest_route=\/wp\/v2\/posts\/226550\/revisions"}],"predecessor-version":[{"id":226552,"href":"https:\/\/diarioregionaldigital.com.br\/index.php?rest_route=\/wp\/v2\/posts\/226550\/revisions\/226552"}],"wp:featuredmedia":[{"embeddable":true,"href":"https:\/\/diarioregionaldigital.com.br\/index.php?rest_route=\/wp\/v2\/media\/226551"}],"wp:attachment":[{"href":"https:\/\/diarioregionaldigital.com.br\/index.php?rest_route=%2Fwp%2Fv2%2Fmedia&parent=226550"}],"wp:term":[{"taxonomy":"category","embeddable":true,"href":"https:\/\/diarioregionaldigital.com.br\/index.php?rest_route=%2Fwp%2Fv2%2Fcategories&post=226550"},{"taxonomy":"post_tag","embeddable":true,"href":"https:\/\/diarioregionaldigital.com.br\/index.php?rest_route=%2Fwp%2Fv2%2Ftags&post=226550"}],"curies":[{"name":"wp","href":"https:\/\/api.w.org\/{rel}","templated":true}]}}