{"id":226547,"date":"2025-01-30T20:03:31","date_gmt":"2025-01-30T23:03:31","guid":{"rendered":"https:\/\/diarioregionaldigital.com.br\/?p=226547"},"modified":"2025-01-30T20:03:31","modified_gmt":"2025-01-30T23:03:31","slug":"minas-gerou-quase-140-mil-novos-empregos-com-carteira-assinada-em-2024","status":"publish","type":"post","link":"https:\/\/diarioregionaldigital.com.br\/?p=226547","title":{"rendered":"Minas gerou quase 140 mil novos empregos com carteira assinada em 2024"},"content":{"rendered":"<p>Minas Gerais acumulou 139.503 novos postos de trabalho com carteira assinada em 2024, segundo dados do Cadastro Geral de Empregados e Desempregados (Novo Caged), divulgados nesta quinta-feira (30\/1). O resultado geral positivo coloca o estado como um dos que mais geraram empregos no pa\u00eds no \u00faltimo ano.\u00a0Desde 2019, o estado j\u00e1 contabiliza mais de 875 mil novas carteiras assinadas, e avan\u00e7a para bater a meta de 1 milh\u00e3o de empregos at\u00e9 2026.<\/p>\n<p>O governador Romeu Zema disse que o desempenho positivo \u00e9 resultado de muito esfor\u00e7o para deixar o Estado menos burocr\u00e1tico e amigo de quem quer empreender e gerar empregos. &#8220;A desburocratiza\u00e7\u00e3o da m\u00e1quina p\u00fablica garante um cen\u00e1rio mais seguro e encorajador. N\u00e3o \u00e9 \u00e0 toa que tamb\u00e9m tivemos um salto na abertura de novas empresas, principalmente as micro e pequenas&#8221;, afirmou.<\/p>\n<p>&nbsp;<\/p>\n<table border=\"0\" cellspacing=\"1\" cellpadding=\"1\" align=\"center\">\n<tbody>\n<tr>\n<td colspan=\"5\"><img decoding=\"async\" src=\"https:\/\/www.agenciaminas.mg.gov.br\/ckeditor_assets\/pictures\/20949\/content_2_olho_topo.jpg\" alt=\"\" \/><\/td>\n<\/tr>\n<tr>\n<td><\/td>\n<td colspan=\"3\" rowspan=\"3\">\n<h1><strong>&#8220;Queremos continuar melhorando, trabalhando para que todos os mineiros tenham a oportunidade de crescer, se desenvolver e construir um futuro melhor. Atrair novos investimentos e qualificar a nossa for\u00e7a de trabalho s\u00e3o medidas essenciais para seguirmos transformando a vida dos mineiros&#8221;, enfatizou Romeu Zema. \u00a0<\/strong><\/h1>\n<\/td>\n<td><\/td>\n<\/tr>\n<tr>\n<td><\/td>\n<td><\/td>\n<\/tr>\n<tr>\n<td><\/td>\n<td><\/td>\n<\/tr>\n<tr>\n<td colspan=\"5\"><img decoding=\"async\" src=\"https:\/\/www.agenciaminas.mg.gov.br\/ckeditor_assets\/pictures\/20950\/content_2_olho_inferior.jpg\" alt=\"\" \/><\/td>\n<\/tr>\n<\/tbody>\n<\/table>\n<p><b>Saldo geral positivo<\/b><\/p>\n<p>Minas apresentou crescimento dos postos de trabalho em 11 meses consecutivos, encerrando o ano com um saldo geral positivo. O estado fechou 2024 com o terceiro maior saldo, atr\u00e1s de S\u00e3o Paulo (459.371) e Rio de Janeiro (145.240). Apesar do fechamento de vagas em dezembro (-68.617), algo t\u00edpico no per\u00edodo devido \u00e0s contrata\u00e7\u00f5es tempor\u00e1rias de fim de ano, o consolidado reflete um avan\u00e7o s\u00f3lido na economia estadual.<\/p>\n<p>No acumulado, s\u00e3o 4,9 milh\u00f5es de pessoas empregadas formalmente no estado, no setor p\u00fablico e privado, posicionando Minas como o segundo maior empregador do pa\u00eds.<\/p>\n<p>O setor de Servi\u00e7os foi destaque, liderando a gera\u00e7\u00e3o de empregos com 74.740 novas vagas no ano, seguido pelo Com\u00e9rcio (28.810), Ind\u00fastria (28.520) e Constru\u00e7\u00e3o (9.394). J\u00e1 o setor de Agropecu\u00e1ria registrou leve recuo, fechando 1.950 vagas.<\/p>\n<figure class=\"image\"><img decoding=\"async\" src=\"https:\/\/www.agenciaminas.mg.gov.br\/ckeditor_assets\/pictures\/22362\/content_daniela_oliveira_-_arquivo_pessoal_1.jpg\" alt=\"\" \/><figcaption><em><sup>Daniela Oliveira \/ Cr\u00e9dito: Arquivo Pessoal<\/sup><\/em><\/figcaption><\/figure>\n<p>O dinamismo econ\u00f4mico de Minas trouxe impacto direto na vida de trabalhadores, como Daniela Oliveira, de Belo Horizonte. Aos 45 anos, ela se recolocou no mercado como vendedora em dezembro. \u201cComo m\u00e3e de dois filhos, ter autonomia financeira faz toda a diferen\u00e7a. Comecei 2025 com for\u00e7a total\u201d, relata.<\/p>\n<p><b>Programas que impulsionam empregos e renda<\/b><\/p>\n<p>Pol\u00edticas p\u00fablicas, como o\u00a0<a id=\"OWA094bb3aa-d9d9-4737-7189-56c22aae41a2\" title=\"https:\/\/social.mg.gov.br\/trabalho-e-emprego\/educacao-profissional\/minas-forma\" href=\"https:\/\/social.mg.gov.br\/trabalho-e-emprego\/educacao-profissional\/minas-forma\" target=\"_blank\" rel=\"noopener noreferrer\" data-auth=\"NotApplicable\" data-linkindex=\"2\">Minas Forma<\/a>\u00a0e o\u00a0<a id=\"OWAccae5706-84ba-7312-5a9f-559b50986352\" title=\"https:\/\/www.trilhasdefuturo.mg.gov.br\/index.html\" href=\"https:\/\/www.trilhasdefuturo.mg.gov.br\/index.html\" target=\"_blank\" rel=\"noopener noreferrer\" data-auth=\"NotApplicable\" data-linkindex=\"3\">Trilhas de Futuro<\/a>, por exemplo, foram essenciais para a amplia\u00e7\u00e3o das oportunidades em 2024. Os programas das Secretarias de Estado de\u00a0<a id=\"OWA1e096c9a-30a1-5f63-872e-9282da745bfb\" title=\"https:\/\/social.mg.gov.br\/\" href=\"https:\/\/social.mg.gov.br\/\" target=\"_blank\" rel=\"noopener noreferrer\" data-auth=\"NotApplicable\" data-linkindex=\"4\">Desenvolvimento Social<\/a>\u00a0e\u00a0<a id=\"OWA0f4958c7-fc8a-4940-d3db-b6af9411c0a2\" title=\"https:\/\/www.educacao.mg.gov.br\/\" href=\"https:\/\/www.educacao.mg.gov.br\/\" target=\"_blank\" rel=\"noopener noreferrer\" data-auth=\"NotApplicable\" data-linkindex=\"5\">de Educa\u00e7\u00e3o<\/a>, respectivamente, contribu\u00edram para fortalecer o mercado de trabalho com a oferta de cursos gratuitos de qualifica\u00e7\u00e3o profissional.<\/p>\n<p>Essas iniciativas contribu\u00edram ainda para que\u00a0<a id=\"OWA31debd23-601c-45fb-57f5-9d13717b1357\" title=\"https:\/\/www.agenciaminas.mg.gov.br\/noticia\/taxa-de-desemprego-em-minas-gerais-atinge-o-menor-nivel-da-serie-historica\" href=\"https:\/\/www.agenciaminas.mg.gov.br\/noticia\/taxa-de-desemprego-em-minas-gerais-atinge-o-menor-nivel-da-serie-historica\" target=\"_blank\" rel=\"noopener noreferrer\" data-auth=\"NotApplicable\" data-linkindex=\"6\">Minas registrasse o menor \u00edndice de desocupa\u00e7\u00e3o de sua hist\u00f3ria<\/a>. No terceiro trimestre de 2024, a taxa de desemprego caiu para 5%, segundo a Pnad Cont\u00ednua do IBGE, um recorde desde o in\u00edcio da s\u00e9rie hist\u00f3rica, em 2012.<\/p>\n<p>Para a secret\u00e1ria de Estado de Desenvolvimento Social, Al\u00ea Portela, \u201cesse avan\u00e7o \u00e9 fruto de pol\u00edticas p\u00fablicas consistentes, voltadas para o desenvolvimento e inclus\u00e3o social\u201d, destaca. \u201cNosso compromisso \u00e9 com o crescimento de Minas e a qualidade de vida da popula\u00e7\u00e3o\u201d, completa a secret\u00e1ria Al\u00ea Portela.<\/p>\n<p><b>Ambiente de neg\u00f3cios em alta<\/b><\/p>\n<p>No ano, Minas manteve um desempenho de destaque na atra\u00e7\u00e3o de investimentos privados, acumulando mais de R$ 460 bilh\u00f5es desde 2019. Essa m\u00e9dia anual de R$ 80 bilh\u00f5es \u00e9 significativamente superior aos R$ 11 bilh\u00f5es registrados entre 1998 e 2018.<\/p>\n<p>\u201cCom a simplifica\u00e7\u00e3o do ambiente de neg\u00f3cios e o apoio \u00e0s empresas, esses investimentos se transformam em milhares de oportunidades para os mineiros. A previs\u00e3o \u00e9 de 238 mil empregos diretos, muitos j\u00e1 em execu\u00e7\u00e3o\u201d, afirma Fernando Passalio, secret\u00e1rio de\u00a0<a id=\"OWAb5aa0a4d-d7f4-c73c-3874-aabd79c1f794\" title=\"https:\/\/desenvolvimento.mg.gov.br\/\" href=\"https:\/\/desenvolvimento.mg.gov.br\/\" target=\"_blank\" rel=\"noopener noreferrer\" data-auth=\"NotApplicable\" data-linkindex=\"7\">Desenvolvimento Econ\u00f4mico<\/a>.<\/p>\n<p>Al\u00e9m disso, Minas registrou a abertura de mais de 99 mil empresas em 2024, o melhor resultado desde o in\u00edcio dos registros pela\u00a0<a id=\"OWA867e94a5-e25c-b580-42c7-f533983eddd5\" title=\"https:\/\/jucemg.mg.gov.br\/\" href=\"https:\/\/jucemg.mg.gov.br\/\" target=\"_blank\" rel=\"noopener noreferrer\" data-auth=\"NotApplicable\" data-linkindex=\"8\">Junta Comercial de Minas Gerais (Jucemg)<\/a>, em 2019. Nos \u00faltimos seis anos, houve um salto de quase 90% no n\u00famero de novos neg\u00f3cios, impulsionado por iniciativas como o\u00a0<a id=\"OWAcd25e331-3626-3715-3433-52dc208ee946\" title=\"https:\/\/desenvolvimento.mg.gov.br\/inicio\/projetos\/projeto\/1143\" href=\"https:\/\/desenvolvimento.mg.gov.br\/inicio\/projetos\/projeto\/1143\" target=\"_blank\" rel=\"noopener noreferrer\" data-auth=\"NotApplicable\" data-linkindex=\"9\">Minas Livre para Crescer<\/a>, que desburocratizou processos e fomentou o crescimento das Micro e Pequenas Empresas, respons\u00e1veis por quase 70% do saldo de empregos at\u00e9 novembro.<\/p>\n<p>Fonte: Ag\u00eancia Minas<\/p>\n","protected":false},"excerpt":{"rendered":"<p>Minas Gerais acumulou 139.503 novos postos de trabalho com carteira assinada em 2024, segundo dados do Cadastro Geral de Empregados e Desempregados (Novo Caged), divulgados nesta quinta-feira (30\/1). O resultado geral positivo coloca o estado como um dos que mais geraram empregos no pa\u00eds no \u00faltimo ano.\u00a0Desde 2019, o estado j\u00e1 contabiliza mais de 875 [&hellip;]<\/p>\n","protected":false},"author":246,"featured_media":226548,"comment_status":"closed","ping_status":"closed","sticky":false,"template":"","format":"standard","meta":{"footnotes":""},"categories":[436,440,261,254,439],"tags":[],"class_list":["post-226547","post","type-post","status-publish","format-standard","has-post-thumbnail","hentry","category-destaque-da-semana","category-destaques-do-dia","category-economia","category-politica","category-ultima-hora"],"_links":{"self":[{"href":"https:\/\/diarioregionaldigital.com.br\/index.php?rest_route=\/wp\/v2\/posts\/226547","targetHints":{"allow":["GET"]}}],"collection":[{"href":"https:\/\/diarioregionaldigital.com.br\/index.php?rest_route=\/wp\/v2\/posts"}],"about":[{"href":"https:\/\/diarioregionaldigital.com.br\/index.php?rest_route=\/wp\/v2\/types\/post"}],"author":[{"embeddable":true,"href":"https:\/\/diarioregionaldigital.com.br\/index.php?rest_route=\/wp\/v2\/users\/246"}],"replies":[{"embeddable":true,"href":"https:\/\/diarioregionaldigital.com.br\/index.php?rest_route=%2Fwp%2Fv2%2Fcomments&post=226547"}],"version-history":[{"count":1,"href":"https:\/\/diarioregionaldigital.com.br\/index.php?rest_route=\/wp\/v2\/posts\/226547\/revisions"}],"predecessor-version":[{"id":226549,"href":"https:\/\/diarioregionaldigital.com.br\/index.php?rest_route=\/wp\/v2\/posts\/226547\/revisions\/226549"}],"wp:featuredmedia":[{"embeddable":true,"href":"https:\/\/diarioregionaldigital.com.br\/index.php?rest_route=\/wp\/v2\/media\/226548"}],"wp:attachment":[{"href":"https:\/\/diarioregionaldigital.com.br\/index.php?rest_route=%2Fwp%2Fv2%2Fmedia&parent=226547"}],"wp:term":[{"taxonomy":"category","embeddable":true,"href":"https:\/\/diarioregionaldigital.com.br\/index.php?rest_route=%2Fwp%2Fv2%2Fcategories&post=226547"},{"taxonomy":"post_tag","embeddable":true,"href":"https:\/\/diarioregionaldigital.com.br\/index.php?rest_route=%2Fwp%2Fv2%2Ftags&post=226547"}],"curies":[{"name":"wp","href":"https:\/\/api.w.org\/{rel}","templated":true}]}}