{"id":226542,"date":"2025-01-29T19:41:17","date_gmt":"2025-01-29T22:41:17","guid":{"rendered":"https:\/\/diarioregionaldigital.com.br\/?p=226542"},"modified":"2025-01-29T19:41:17","modified_gmt":"2025-01-29T22:41:17","slug":"carnaval-seguro-blocos-recebem-orientacoes-da-pm-e-do-corpo-de-bombeiros","status":"publish","type":"post","link":"https:\/\/diarioregionaldigital.com.br\/?p=226542","title":{"rendered":"Carnaval seguro: blocos recebem orienta\u00e7\u00f5es da PM e do Corpo de Bombeiros"},"content":{"rendered":"<p>Segundo informa\u00e7\u00f5es do site da Prefeitura de Juiz de Fora (PJF), representantes dos blocos carnavalescos da cidade se reuniram, nesta quarta-feira (29), no Anfiteatro Jo\u00e3o Carri\u00e7o, com agentes do Corpo de Bombeiros, da Pol\u00edcia Militar e da Guarda Municipal, al\u00e9m do diretor-geral da Funda\u00e7\u00e3o Cultural Alfredo Ferreira Lage (Funalfa), Rog\u00e9rio de Freitas, e da gerente do Departamento de Forma\u00e7\u00e3o de Agentes Culturais e Produ\u00e7\u00e3o, Nara Pinheiro. A PM e os Bombeiros passaram orienta\u00e7\u00f5es para que o Carnaval de Juiz de Fora aconte\u00e7a da forma mais segura\u00a0poss\u00edvel.<\/p>\n<p>A Pol\u00edcia Militar informou que estar\u00e1 com efetivo bastante significativo nas ruas, em todos os dias de festa, de 14 de fevereiro a 4 de mar\u00e7o (confira a programa\u00e7\u00e3o\u00a0<a href=\"http:\/\/https\/\/www.pjf.mg.gov.br\/noticias\/anexo\/PROGRAMACAODEBLOCOS_FINAL.pdf\">aqui<\/a>). J\u00e1 o Corpo de Bombeiros destacou a\u00a0relev\u00e2ncia\u00a0da observa\u00e7\u00e3o \u00e0 legisla\u00e7\u00e3o estadual e da preven\u00e7\u00e3o contra inc\u00eandio e p\u00e2nico durante o Carnaval.<\/p>\n<p>Al\u00e9m disso, os Bombeiros instru\u00edram os representantes dos blocos a fazer, com anteced\u00eancia, a declara\u00e7\u00e3o de evento\u00a0<a href=\"https:\/\/www.bombeiros.mg.gov.br\/regularizeevento\"><strong>no site da corpora\u00e7\u00e3o,<\/strong><\/a>\u00a0uma vez que h\u00e1 prazo de dez dias para an\u00e1lise.\u00a0Outra ressalva importante foi a de que os blocos est\u00e1ticos n\u00e3o podem, de maneira alguma, fazer cortejos improvisados sem ter autoriza\u00e7\u00e3o para desfiles.<\/p>\n<p>Ao longo da reuni\u00e3o, os representantes dos blocos puderam tirar diversas d\u00favidas e reivindicaram outro encontro como esse ap\u00f3s o Carnaval, para fazer um balan\u00e7o da festa. O diretor-geral da Funalfa, Rog\u00e9rio de Freitas, tamb\u00e9m antecipou que a inten\u00e7\u00e3o \u00e9 come\u00e7ar os preparativos para o Carnaval de 2026 ainda mais cedo, para tornar a folia cada vez melhor.<\/p>\n","protected":false},"excerpt":{"rendered":"<p>Segundo informa\u00e7\u00f5es do site da Prefeitura de Juiz de Fora (PJF), representantes dos blocos carnavalescos da cidade se reuniram, nesta quarta-feira (29), no Anfiteatro Jo\u00e3o Carri\u00e7o, com agentes do Corpo de Bombeiros, da Pol\u00edcia Militar e da Guarda Municipal, al\u00e9m do diretor-geral da Funda\u00e7\u00e3o Cultural Alfredo Ferreira Lage (Funalfa), Rog\u00e9rio de Freitas, e da gerente [&hellip;]<\/p>\n","protected":false},"author":246,"featured_media":226543,"comment_status":"closed","ping_status":"closed","sticky":false,"template":"","format":"standard","meta":{"footnotes":""},"categories":[253,436,439],"tags":[],"class_list":["post-226542","post","type-post","status-publish","format-standard","has-post-thumbnail","hentry","category-cidade","category-destaque-da-semana","category-ultima-hora"],"_links":{"self":[{"href":"https:\/\/diarioregionaldigital.com.br\/index.php?rest_route=\/wp\/v2\/posts\/226542","targetHints":{"allow":["GET"]}}],"collection":[{"href":"https:\/\/diarioregionaldigital.com.br\/index.php?rest_route=\/wp\/v2\/posts"}],"about":[{"href":"https:\/\/diarioregionaldigital.com.br\/index.php?rest_route=\/wp\/v2\/types\/post"}],"author":[{"embeddable":true,"href":"https:\/\/diarioregionaldigital.com.br\/index.php?rest_route=\/wp\/v2\/users\/246"}],"replies":[{"embeddable":true,"href":"https:\/\/diarioregionaldigital.com.br\/index.php?rest_route=%2Fwp%2Fv2%2Fcomments&post=226542"}],"version-history":[{"count":1,"href":"https:\/\/diarioregionaldigital.com.br\/index.php?rest_route=\/wp\/v2\/posts\/226542\/revisions"}],"predecessor-version":[{"id":226544,"href":"https:\/\/diarioregionaldigital.com.br\/index.php?rest_route=\/wp\/v2\/posts\/226542\/revisions\/226544"}],"wp:featuredmedia":[{"embeddable":true,"href":"https:\/\/diarioregionaldigital.com.br\/index.php?rest_route=\/wp\/v2\/media\/226543"}],"wp:attachment":[{"href":"https:\/\/diarioregionaldigital.com.br\/index.php?rest_route=%2Fwp%2Fv2%2Fmedia&parent=226542"}],"wp:term":[{"taxonomy":"category","embeddable":true,"href":"https:\/\/diarioregionaldigital.com.br\/index.php?rest_route=%2Fwp%2Fv2%2Fcategories&post=226542"},{"taxonomy":"post_tag","embeddable":true,"href":"https:\/\/diarioregionaldigital.com.br\/index.php?rest_route=%2Fwp%2Fv2%2Ftags&post=226542"}],"curies":[{"name":"wp","href":"https:\/\/api.w.org\/{rel}","templated":true}]}}