{"id":226539,"date":"2025-01-29T19:40:18","date_gmt":"2025-01-29T22:40:18","guid":{"rendered":"https:\/\/diarioregionaldigital.com.br\/?p=226539"},"modified":"2025-01-29T19:40:18","modified_gmt":"2025-01-29T22:40:18","slug":"prefeitura-atua-rapido-na-mitigacao-dos-danos-das-chuvas","status":"publish","type":"post","link":"https:\/\/diarioregionaldigital.com.br\/?p=226539","title":{"rendered":"Prefeitura atua r\u00e1pido na mitiga\u00e7\u00e3o dos danos das chuvas"},"content":{"rendered":"<p>Segundo informa\u00e7\u00f5es do site da Prefeitura de Juiz de Fora (PJF), Juiz de Fora registrou\u00a0 um acumulado de 67,8 mm des chuvas nas \u00faltimas 24 horas. Os maiores \u00edndices pluviom\u00e9tricos foram registrados nos bairros Santa Efig\u00eania; Monte Castelo; e Ch\u00e1caras Passos Del Rey. A Defesa Civil registrou dez ocorr\u00eancias, sendo um desabamento parcial de edifica\u00e7\u00e3o, quatro escorregamentos de talude e cinco alagamentos.<\/p>\n<p>A chuva originou-se a partir de uma forma\u00e7\u00e3o local, que se manteve praticamente estacionada sobre a cidade durante quase duas horas. Isso contribuiu para a eleva\u00e7\u00e3o de c\u00f3rregos e do Rio Paraibuna.\u00a0Em raz\u00e3o particularmente da concentra\u00e7\u00e3o de chuva na bacia do c\u00f3rrego S\u00e3o Pedro, a rua Feliciano Pena inundou. Al\u00e9m disso, durante a forte chuva o c\u00f3rrego Humait\u00e1, no Bairro Industrial, saiu da calha. Os locais s\u00e3o monitorados desde o primeiro momento pela Sala de Situa\u00e7\u00e3o da Defesa Civil, sendo ainda acompanhados presencialmente por agentes de tr\u00e2nsito e pela Guarda Municipal. Equipes do Demlurb atuaram durante a madrugada na limpeza dos locais afetados e seguem com o servi\u00e7o durante esta quarta-feira.<\/p>\n","protected":false},"excerpt":{"rendered":"<p>Segundo informa\u00e7\u00f5es do site da Prefeitura de Juiz de Fora (PJF), Juiz de Fora registrou\u00a0 um acumulado de 67,8 mm des chuvas nas \u00faltimas 24 horas. Os maiores \u00edndices pluviom\u00e9tricos foram registrados nos bairros Santa Efig\u00eania; Monte Castelo; e Ch\u00e1caras Passos Del Rey. A Defesa Civil registrou dez ocorr\u00eancias, sendo um desabamento parcial de edifica\u00e7\u00e3o, [&hellip;]<\/p>\n","protected":false},"author":246,"featured_media":226540,"comment_status":"closed","ping_status":"closed","sticky":false,"template":"","format":"standard","meta":{"footnotes":""},"categories":[253,436,439],"tags":[],"class_list":["post-226539","post","type-post","status-publish","format-standard","has-post-thumbnail","hentry","category-cidade","category-destaque-da-semana","category-ultima-hora"],"_links":{"self":[{"href":"https:\/\/diarioregionaldigital.com.br\/index.php?rest_route=\/wp\/v2\/posts\/226539","targetHints":{"allow":["GET"]}}],"collection":[{"href":"https:\/\/diarioregionaldigital.com.br\/index.php?rest_route=\/wp\/v2\/posts"}],"about":[{"href":"https:\/\/diarioregionaldigital.com.br\/index.php?rest_route=\/wp\/v2\/types\/post"}],"author":[{"embeddable":true,"href":"https:\/\/diarioregionaldigital.com.br\/index.php?rest_route=\/wp\/v2\/users\/246"}],"replies":[{"embeddable":true,"href":"https:\/\/diarioregionaldigital.com.br\/index.php?rest_route=%2Fwp%2Fv2%2Fcomments&post=226539"}],"version-history":[{"count":1,"href":"https:\/\/diarioregionaldigital.com.br\/index.php?rest_route=\/wp\/v2\/posts\/226539\/revisions"}],"predecessor-version":[{"id":226541,"href":"https:\/\/diarioregionaldigital.com.br\/index.php?rest_route=\/wp\/v2\/posts\/226539\/revisions\/226541"}],"wp:featuredmedia":[{"embeddable":true,"href":"https:\/\/diarioregionaldigital.com.br\/index.php?rest_route=\/wp\/v2\/media\/226540"}],"wp:attachment":[{"href":"https:\/\/diarioregionaldigital.com.br\/index.php?rest_route=%2Fwp%2Fv2%2Fmedia&parent=226539"}],"wp:term":[{"taxonomy":"category","embeddable":true,"href":"https:\/\/diarioregionaldigital.com.br\/index.php?rest_route=%2Fwp%2Fv2%2Fcategories&post=226539"},{"taxonomy":"post_tag","embeddable":true,"href":"https:\/\/diarioregionaldigital.com.br\/index.php?rest_route=%2Fwp%2Fv2%2Ftags&post=226539"}],"curies":[{"name":"wp","href":"https:\/\/api.w.org\/{rel}","templated":true}]}}