{"id":226536,"date":"2025-01-29T19:38:58","date_gmt":"2025-01-29T22:38:58","guid":{"rendered":"https:\/\/diarioregionaldigital.com.br\/?p=226536"},"modified":"2025-01-29T19:38:58","modified_gmt":"2025-01-29T22:38:58","slug":"governo-de-minas-investiu-r-540-milhoes-na-saude-em-juiz-de-fora-desde-2019","status":"publish","type":"post","link":"https:\/\/diarioregionaldigital.com.br\/?p=226536","title":{"rendered":"Governo de Minas investiu R$ 540 milh\u00f5es na sa\u00fade em Juiz de Fora desde 2019"},"content":{"rendered":"<p>Garantir a sa\u00fade cada vez mais perto do cidad\u00e3o, ampliar o acesso e qualificar os servi\u00e7os oferecidos \u00e0 popula\u00e7\u00e3o. Esse \u00e9 o compromisso do\u00a0<a href=\"https:\/\/www.mg.gov.br\/\" target=\"_blank\" rel=\"noopener\">Governo de Minas<\/a>\u00a0que, para isso, j\u00e1 investiu, somente em Juiz de Fora, na Zona da Mata mineira, R$ 540 milh\u00f5es, de 2019 a 2024, sendo R$ 163 milh\u00f5es no \u00faltimo ano.<\/p>\n<p>A fim de fortalecer a rede hospitalar, a\u00a0<a href=\"https:\/\/www.saude.mg.gov.br\/\" target=\"_blank\" rel=\"noopener\">Secretaria de Estado de Sa\u00fade (SES-MG)<\/a>\u00a0repassou ao munic\u00edpio, pela pol\u00edtica Valora Minas, a maior da hist\u00f3ria do estado, R$ 130 milh\u00f5es, desde 2021, quando foi institu\u00edda. S\u00f3 com o programa Opera Mais, foram R$ 34 milh\u00f5es nos \u00faltimos quatro anos para a realiza\u00e7\u00e3o de cirurgias eletivas, sendo R$ 2,3 milh\u00f5es em 2021, e mais de seis vezes esse valor em 2024, quando foram pagos R$ 14,2 milh\u00f5es.<\/p>\n<p>Do total de R$ 39,8 milh\u00f5es foram investidos no fortalecimento da Aten\u00e7\u00e3o Prim\u00e1ria \u00e0 Sa\u00fade no munic\u00edpio, entre 2019 e 2024, sendo que somente no \u00faltimo ano foram cerca de R$ 7,4 milh\u00f5es.<\/p>\n<p>\u201cTemos garantido mais recursos e incentivos para fortalecer e estruturar a rede p\u00fablica de sa\u00fade de Juiz de Fora, possibilitando um atendimento cada vez mais qualificado ao munic\u00edpio e regi\u00e3o\u201d, destaca a secret\u00e1ria de Estado Adjunta de Sa\u00fade, Poliana Lopes.<\/p>\n<p><strong>Amplia\u00e7\u00e3o e moderniza\u00e7\u00e3o dos servi\u00e7os<\/strong><\/p>\n<p>Para amplia\u00e7\u00e3o do servi\u00e7o de hemodi\u00e1lise, a SES-MG repassou, em 2021, incentivo financeiro de R$ 966 mil ao munic\u00edpio, contemplando o Hospital Universit\u00e1rio da UFJF, Hospital Maternidade Therezinha de Jesus e DaVita Tratamento Renal.<\/p>\n<p>Juiz de Fora tamb\u00e9m foi contemplado, em 2021, com recursos para a aquisi\u00e7\u00e3o de tr\u00eas tom\u00f3grafos digitais, no valor de R$ 1,54 milh\u00e3o cada, para a moderniza\u00e7\u00e3o dos equipamentos do Hospital IBG Sa\u00fade (Hospital Doutor Jo\u00e3o Fel\u00edcio), Hospital e Maternidade Therezinha de Jesus e Hospital Universit\u00e1rio da Universidade Federal de Juiz de Fora (UFJF).<\/p>\n<p>J\u00e1 em 2023, foram destinados R$ 2,4 milh\u00f5es para a aquisi\u00e7\u00e3o de dois mam\u00f3grafos, um para o Centro Estadual de Aten\u00e7\u00e3o Especializada e outro para o Hospital Ascomcer.<\/p>\n<p>Ainda naquele ano, o Hospital de Pronto Socorro Dr. Mozart Geraldo Teixeira, recebeu, 19 equipamentos de legado da pandemia, sendo 18 monitores multipar\u00e2metros e um ventilador beira leito.<\/p>\n<p><strong>Vacina Mais, Minas<\/strong><\/p>\n<p>Para ampliar as coberturas vacinais no estado, a SES-MG atua em duas frentes: o incentivo ao aumento das coberturas vacinais e \u00e0 vacina\u00e7\u00e3o extramuros e os vacim\u00f3veis, ve\u00edculos equipados para funcionar como unidades itinerantes de vacina\u00e7\u00e3o.<\/p>\n<p>Assim, desde 2023, Juiz de Fora recebeu R$ 4,7 milh\u00f5es para avan\u00e7ar nas coberturas vacinais e realizar a vacina\u00e7\u00e3o em creches e escolas. O munic\u00edpio tamb\u00e9m recebeu R$ 409 mil para aquisi\u00e7\u00e3o de um vacim\u00f3vel.<\/p>\n<p><strong>Combate \u00e0 dengue<\/strong><\/p>\n<p>J\u00e1 para a intensifica\u00e7\u00e3o das a\u00e7\u00f5es de controle e enfrentamento \u00e0s doen\u00e7as causadas pelo mosquito\u00a0<em>Aedes aegypti<\/em>, como dengue, zika e chikungunya, o Governo de Minas, por meio da SES-MG, repassou R$6,5 milh\u00f5es ao munic\u00edpio desde 2022.<\/p>\n<p>No \u00e2mbito da pol\u00edtica Vigidrones, foram mais R$ 315 mil, em 2024, destinados \u00e0 contrata\u00e7\u00e3o e execu\u00e7\u00e3o do geomonitoramento por drones, que identificam focos do mosquito e tamb\u00e9m liberam larvicidas em locais de dif\u00edcil acesso.<\/p>\n<p><strong>Pagamento da d\u00edvida<\/strong><\/p>\n<p>Em rela\u00e7\u00e3o ao Acordo do Fundo Estadual de Sa\u00fade, celebrado com o Minist\u00e9rio P\u00fablico e a Associa\u00e7\u00e3o Mineira de Munic\u00edpios, o Governo de Minas j\u00e1 quitou 27 das 96 parcelas firmadas com os munic\u00edpios, num total de R$ 2,4 bilh\u00f5es dos R$ 6,7 bilh\u00f5es da d\u00edvida da \u00e1rea da sa\u00fade acumulada entre 2012 e 2020.<\/p>\n<p>Em Juiz de Fora, n\u00e3o foi diferente. Desde 2021, j\u00e1 foram pagos R$ 68,7 milh\u00f5es dos R$ 173,9 milh\u00f5es devidos ao munic\u00edpio.<\/p>\n<p>&#8220;Estamos pagando em dia esse importante recurso, que pode ser utilizado pela gest\u00e3o municipal de forma flex\u00edvel e alocado de acordo com a necessidade da popula\u00e7\u00e3o\u201d, explica Poliana.<\/p>\n<p>\u201cQuitar essa d\u00edvida \u00e9 um passo importante para recuperar a confian\u00e7a no sistema de sa\u00fade e assegurar que os recursos cheguem de forma regular e transparente \u00e0s unidades que atendem quem mais precisa\u201d, ressalta a secret\u00e1ria Adjunta.<\/p>\n<p>Fonte: Ag\u00eancia Minas<\/p>\n","protected":false},"excerpt":{"rendered":"<p>Garantir a sa\u00fade cada vez mais perto do cidad\u00e3o, ampliar o acesso e qualificar os servi\u00e7os oferecidos \u00e0 popula\u00e7\u00e3o. Esse \u00e9 o compromisso do\u00a0Governo de Minas\u00a0que, para isso, j\u00e1 investiu, somente em Juiz de Fora, na Zona da Mata mineira, R$ 540 milh\u00f5es, de 2019 a 2024, sendo R$ 163 milh\u00f5es no \u00faltimo ano. A [&hellip;]<\/p>\n","protected":false},"author":246,"featured_media":226537,"comment_status":"closed","ping_status":"closed","sticky":false,"template":"","format":"standard","meta":{"footnotes":""},"categories":[253,436,440,261,254,252,439],"tags":[],"class_list":["post-226536","post","type-post","status-publish","format-standard","has-post-thumbnail","hentry","category-cidade","category-destaque-da-semana","category-destaques-do-dia","category-economia","category-politica","category-regiao","category-ultima-hora"],"_links":{"self":[{"href":"https:\/\/diarioregionaldigital.com.br\/index.php?rest_route=\/wp\/v2\/posts\/226536","targetHints":{"allow":["GET"]}}],"collection":[{"href":"https:\/\/diarioregionaldigital.com.br\/index.php?rest_route=\/wp\/v2\/posts"}],"about":[{"href":"https:\/\/diarioregionaldigital.com.br\/index.php?rest_route=\/wp\/v2\/types\/post"}],"author":[{"embeddable":true,"href":"https:\/\/diarioregionaldigital.com.br\/index.php?rest_route=\/wp\/v2\/users\/246"}],"replies":[{"embeddable":true,"href":"https:\/\/diarioregionaldigital.com.br\/index.php?rest_route=%2Fwp%2Fv2%2Fcomments&post=226536"}],"version-history":[{"count":1,"href":"https:\/\/diarioregionaldigital.com.br\/index.php?rest_route=\/wp\/v2\/posts\/226536\/revisions"}],"predecessor-version":[{"id":226538,"href":"https:\/\/diarioregionaldigital.com.br\/index.php?rest_route=\/wp\/v2\/posts\/226536\/revisions\/226538"}],"wp:featuredmedia":[{"embeddable":true,"href":"https:\/\/diarioregionaldigital.com.br\/index.php?rest_route=\/wp\/v2\/media\/226537"}],"wp:attachment":[{"href":"https:\/\/diarioregionaldigital.com.br\/index.php?rest_route=%2Fwp%2Fv2%2Fmedia&parent=226536"}],"wp:term":[{"taxonomy":"category","embeddable":true,"href":"https:\/\/diarioregionaldigital.com.br\/index.php?rest_route=%2Fwp%2Fv2%2Fcategories&post=226536"},{"taxonomy":"post_tag","embeddable":true,"href":"https:\/\/diarioregionaldigital.com.br\/index.php?rest_route=%2Fwp%2Fv2%2Ftags&post=226536"}],"curies":[{"name":"wp","href":"https:\/\/api.w.org\/{rel}","templated":true}]}}