{"id":226530,"date":"2025-01-29T19:35:43","date_gmt":"2025-01-29T22:35:43","guid":{"rendered":"https:\/\/diarioregionaldigital.com.br\/?p=226530"},"modified":"2025-01-29T19:35:43","modified_gmt":"2025-01-29T22:35:43","slug":"cemig-investira-r-70-milhoes-na-substituicao-de-medidores-obsoletos-em-2025","status":"publish","type":"post","link":"https:\/\/diarioregionaldigital.com.br\/?p=226530","title":{"rendered":"Cemig investir\u00e1 R$ 70 milh\u00f5es na substitui\u00e7\u00e3o de medidores obsoletos em 2025"},"content":{"rendered":"<p>Com o objetivo de medir o consumo de energia com maior exatid\u00e3o e gerar mais benef\u00edcios para seus clientes, a\u00a0<a href=\"https:\/\/www.cemig.com.br\/\" target=\"_blank\" rel=\"noopener\">Cemig<\/a>\u00a0est\u00e1 modernizando seu parque de medidores em Minas Gerais. Neste ano, a companhia planeja realizar a troca de mais 400 mil equipamentos em todo o estado com um investimento de R$ 70 milh\u00f5es.<\/p>\n<p>Em 2024 a companhia substituiu 550 mil equipamentos obsoletos por outros mais modernos, com um investimento de cerca de R$ 66,5 milh\u00f5es. Somente na RMBH, a Cemig substituiu\u00a0107 mil equipamentos em 2024, totalizando um investimento de\u00a0aproximadamente R$ 13 milh\u00f5es por parte da companhia.<\/p>\n<p>Desde janeiro de 2021, mais de 2 milh\u00f5es de\u00a0unidades foram substitu\u00eddas pela Cemig em toda a sua \u00e1rea de concess\u00e3o, que abrange 774 munic\u00edpios mineiros.<\/p>\n<p>Segundo Marcelo Moreira, engenheiro de Medi\u00e7\u00e3o e Controle das Perdas da Cemig, todo equipamento tem um tempo de vida \u00fatil. Por isso, a Cemig substitui medidores antigos, depreciados ou obsoletos tecnicamente por aparelhos com tecnologia mais recente visando maior exatid\u00e3o e confiabilidade.<\/p>\n<p>\u201cUma das principais vantagens \u00e9 que o novo medidor traz mais seguran\u00e7a na obten\u00e7\u00e3o dos dados e agilidade aos leituristas na coleta de dados para o faturamento correto do consumo. Para o cliente, o equipamento moderno oferece mais facilidade no acompanhamento do consumo mensal\u201d, explica.<\/p>\n<p>Os equipamentos obsoletos substitu\u00eddos t\u00eam idade superior a 20 anos de uso, e a substitui\u00e7\u00e3o do medidor \u00e9 gratuita.<\/p>\n<p>Este trabalho \u00e9 uma das a\u00e7\u00f5es da Cemig que fazem parte do maior investimento da hist\u00f3ria da companhia. Entre 2025 e 2029, a empresa destinar\u00e1 R$ 39,2 bilh\u00f5es em Minas Gerais, sendo R$ 23,2 bilh\u00f5es no segmento de distribui\u00e7\u00e3o de energia.<\/p>\n<p><b>D\u00favidas em rela\u00e7\u00e3o \u00e0 visita dos t\u00e9cnicos? Saiba como identificar os profissionais da Cemig<\/b><\/p>\n<p>Caso clientes recebam a visita de t\u00e9cnicos da Cemig com o intuito de trocar o medidor de energia instalado, saiba que a a\u00e7\u00e3o \u00e9 leg\u00edtima e faz parte dos servi\u00e7os de rotina da empresa.\u00a0A substitui\u00e7\u00e3o dos equipamentos est\u00e1 amparada pelo artigo 228 da resolu\u00e7\u00e3o Aneel 1000\/2021, que prev\u00ea que a distribuidora \u201c\u00e9 respons\u00e1vel por instalar, operar, manter e arcar com a responsabilidade t\u00e9cnica e financeira dos medidores e demais equipamentos de medi\u00e7\u00e3o para fins de faturamento em unidade consumidora e em distribuidora a ela conectada&#8221;.<\/p>\n<p>Dessa forma, para que a Cemig possa realizar este trabalho, \u00e9 importante que o cliente libere o acesso dos t\u00e9cnicos ao medidor em sua resid\u00eancia.<\/p>\n<p>A Cemig alerta que nenhum colaborador da empresa est\u00e1 autorizado a cobrar por esse tipo de servi\u00e7o ou solicitar qualquer documento ou dados banc\u00e1rios. A empresa recomenda que o morador exija sempre a identifica\u00e7\u00e3o daqueles que se apresentam em nome da companhia.<\/p>\n<p>Todos os funcion\u00e1rios da Cemig ou de empreiteiras a servi\u00e7o da companhia usam crach\u00e1 de identifica\u00e7\u00e3o e uniforme, al\u00e9m de ve\u00edculo caracterizado como \u201cA servi\u00e7o da Cemig\u201d. Tamb\u00e9m vale destacar que os clientes cujos medidores ser\u00e3o trocados podem entrar em contato com a companhia pelo telefone 116 para confirmar a legitimidade do servi\u00e7o.<\/p>\n<p>Fonte: Ag\u00eancia Minas<\/p>\n","protected":false},"excerpt":{"rendered":"<p>Com o objetivo de medir o consumo de energia com maior exatid\u00e3o e gerar mais benef\u00edcios para seus clientes, a\u00a0Cemig\u00a0est\u00e1 modernizando seu parque de medidores em Minas Gerais. Neste ano, a companhia planeja realizar a troca de mais 400 mil equipamentos em todo o estado com um investimento de R$ 70 milh\u00f5es. Em 2024 a [&hellip;]<\/p>\n","protected":false},"author":246,"featured_media":226531,"comment_status":"closed","ping_status":"closed","sticky":false,"template":"","format":"standard","meta":{"footnotes":""},"categories":[436,261,254,439],"tags":[],"class_list":["post-226530","post","type-post","status-publish","format-standard","has-post-thumbnail","hentry","category-destaque-da-semana","category-economia","category-politica","category-ultima-hora"],"_links":{"self":[{"href":"https:\/\/diarioregionaldigital.com.br\/index.php?rest_route=\/wp\/v2\/posts\/226530","targetHints":{"allow":["GET"]}}],"collection":[{"href":"https:\/\/diarioregionaldigital.com.br\/index.php?rest_route=\/wp\/v2\/posts"}],"about":[{"href":"https:\/\/diarioregionaldigital.com.br\/index.php?rest_route=\/wp\/v2\/types\/post"}],"author":[{"embeddable":true,"href":"https:\/\/diarioregionaldigital.com.br\/index.php?rest_route=\/wp\/v2\/users\/246"}],"replies":[{"embeddable":true,"href":"https:\/\/diarioregionaldigital.com.br\/index.php?rest_route=%2Fwp%2Fv2%2Fcomments&post=226530"}],"version-history":[{"count":1,"href":"https:\/\/diarioregionaldigital.com.br\/index.php?rest_route=\/wp\/v2\/posts\/226530\/revisions"}],"predecessor-version":[{"id":226532,"href":"https:\/\/diarioregionaldigital.com.br\/index.php?rest_route=\/wp\/v2\/posts\/226530\/revisions\/226532"}],"wp:featuredmedia":[{"embeddable":true,"href":"https:\/\/diarioregionaldigital.com.br\/index.php?rest_route=\/wp\/v2\/media\/226531"}],"wp:attachment":[{"href":"https:\/\/diarioregionaldigital.com.br\/index.php?rest_route=%2Fwp%2Fv2%2Fmedia&parent=226530"}],"wp:term":[{"taxonomy":"category","embeddable":true,"href":"https:\/\/diarioregionaldigital.com.br\/index.php?rest_route=%2Fwp%2Fv2%2Fcategories&post=226530"},{"taxonomy":"post_tag","embeddable":true,"href":"https:\/\/diarioregionaldigital.com.br\/index.php?rest_route=%2Fwp%2Fv2%2Ftags&post=226530"}],"curies":[{"name":"wp","href":"https:\/\/api.w.org\/{rel}","templated":true}]}}