{"id":226522,"date":"2025-01-29T03:36:10","date_gmt":"2025-01-29T06:36:10","guid":{"rendered":"https:\/\/diarioregionaldigital.com.br\/?p=226522"},"modified":"2025-01-29T03:36:10","modified_gmt":"2025-01-29T06:36:10","slug":"extrato-primeiro-termo-aditivo-contrato-095-2023-29-01-2025","status":"publish","type":"post","link":"https:\/\/diarioregionaldigital.com.br\/?p=226522","title":{"rendered":"EXTRATO PRIMEIRO TERMO ADITIVO CONTRATO 095\/2023 &#8211; 29\/01\/2025"},"content":{"rendered":"<p class=\"s3\">\n<p class=\"s3\">\n<p class=\"s4\"><span class=\"s2\"><span class=\"bumpedFont17\">1<\/span><\/span><span class=\"s2\"><span class=\"bumpedFont17\">\u00ba<\/span><\/span><span class=\"s2\"><span class=\"bumpedFont17\"> Termo Aditivo. <\/span><\/span><span class=\"s2\"><span class=\"bumpedFont17\">Pref. Municipal de Descoberto x <\/span><\/span><span class=\"s2\"><span class=\"bumpedFont17\">Thales Marciano de Souza<\/span><\/span><span class=\"s2\"><span class=\"bumpedFont17\">&#8211; <\/span><\/span><span class=\"s2\"><span class=\"bumpedFont17\">Objeto: <\/span><\/span><span class=\"s2\"><span class=\"bumpedFont17\">A modifica\u00e7\u00e3o do prazo de vig\u00eancia do contrato, que passar\u00e1 a vigorar de 1<\/span><\/span><span class=\"s2\"><span class=\"bumpedFont17\">1<\/span><\/span><span class=\"s2\"><span class=\"bumpedFont17\">\/1<\/span><\/span><span class=\"s2\"><span class=\"bumpedFont17\">2<\/span><\/span><span class=\"s2\"><span class=\"bumpedFont17\">\/2024 a 1<\/span><\/span><span class=\"s2\"><span class=\"bumpedFont17\">1<\/span><\/span><span class=\"s2\"><span class=\"bumpedFont17\">\/<\/span><\/span><span class=\"s2\"><span class=\"bumpedFont17\">12<\/span><\/span><span class=\"s2\"><span class=\"bumpedFont17\">\/2025<\/span><\/span><span class=\"s2\"><span class=\"bumpedFont17\">&#8211; Fundamento:<\/span><\/span> <span class=\"s2\"><span class=\"bumpedFont17\">Preg\u00e3o<\/span><\/span><span class=\"s2\"><span class=\"bumpedFont17\">Presencial<\/span><\/span><span class=\"s2\"><span class=\"bumpedFont17\"> 0<\/span><\/span><span class=\"s2\"><span class=\"bumpedFont17\">30<\/span><\/span><span class=\"s2\"><span class=\"bumpedFont17\">\/202<\/span><\/span><span class=\"s2\"><span class=\"bumpedFont17\">3<\/span><\/span> <span class=\"s2\"><span class=\"bumpedFont17\">\u2013 Valor<\/span><\/span><span class=\"s2\"><span class=\"bumpedFont17\">: <\/span><\/span><span class=\"s2\"><span class=\"bumpedFont17\">R$ <\/span><\/span><span class=\"s2\"><span class=\"bumpedFont17\">2<\/span><\/span><span class=\"s2\"><span class=\"bumpedFont17\">1.60<\/span><\/span><span class=\"s2\"><span class=\"bumpedFont17\">0,00<\/span><\/span> <span class=\"s2\"><span class=\"bumpedFont17\">&#8211; Vig\u00eancia: <\/span><\/span><span class=\"s2\"><span class=\"bumpedFont17\">12<\/span><\/span><span class=\"s2\"><span class=\"bumpedFont17\"> meses<\/span><\/span><span class=\"s2\"><span class=\"bumpedFont17\">\u2013 <\/span><\/span><span class=\"s2\"><span class=\"bumpedFont17\">Dot<\/span><\/span><span class=\"s2\"><span class=\"bumpedFont17\">or\u00e7<\/span><\/span><span class=\"s2\"><span class=\"bumpedFont17\">:<\/span><\/span> <span class=\"s2\"><span class=\"bumpedFont17\">02.02005.10.301.0004.284-339036\/150 <\/span><\/span><span class=\"s2\"><span class=\"bumpedFont17\">&#8211;<\/span><\/span> <span class=\"s2\"><span class=\"bumpedFont17\">Ass<\/span><\/span><span class=\"s2\"><span class=\"bumpedFont17\">: <\/span><\/span><span class=\"s2\"><span class=\"bumpedFont17\">1<\/span><\/span><span class=\"s2\"><span class=\"bumpedFont17\">1\/12\/2024<\/span><\/span><span class=\"s2\"><span class=\"bumpedFont17\">&#8211; Foro: S\u00e3o Jo\u00e3o Nepomuceno\/MG.<\/span><\/span><\/p>\n<p class=\"s4\">\n<p class=\"s5\">\n<p class=\"s5\">\n<p class=\"s5\">\n<p class=\"s4\">\n<p class=\"s3\"><span class=\"s2\"><span class=\"bumpedFont17\">Marcos de Ara\u00fajo Lima<\/span><\/span><\/p>\n<p class=\"s3\"><span class=\"s2\"><span class=\"bumpedFont17\">Prefeito Municipal<\/span><\/span><\/p>\n<p class=\"s6\">\n","protected":false},"excerpt":{"rendered":"<p>1\u00ba Termo Aditivo. Pref. Municipal de Descoberto x Thales Marciano de Souza&#8211; Objeto: A modifica\u00e7\u00e3o do prazo de vig\u00eancia do contrato, que passar\u00e1 a vigorar de 11\/12\/2024 a 11\/12\/2025&#8211; Fundamento: Preg\u00e3oPresencial 030\/2023 \u2013 Valor: R$ 21.600,00 &#8211; Vig\u00eancia: 12 meses\u2013 Dotor\u00e7: 02.02005.10.301.0004.284-339036\/150 &#8211; Ass: 11\/12\/2024&#8211; Foro: S\u00e3o Jo\u00e3o Nepomuceno\/MG. Marcos de Ara\u00fajo Lima Prefeito Municipal<\/p>\n","protected":false},"author":246,"featured_media":0,"comment_status":"closed","ping_status":"closed","sticky":false,"template":"","format":"standard","meta":{"footnotes":""},"categories":[307],"tags":[],"class_list":["post-226522","post","type-post","status-publish","format-standard","hentry","category-editais"],"_links":{"self":[{"href":"https:\/\/diarioregionaldigital.com.br\/index.php?rest_route=\/wp\/v2\/posts\/226522","targetHints":{"allow":["GET"]}}],"collection":[{"href":"https:\/\/diarioregionaldigital.com.br\/index.php?rest_route=\/wp\/v2\/posts"}],"about":[{"href":"https:\/\/diarioregionaldigital.com.br\/index.php?rest_route=\/wp\/v2\/types\/post"}],"author":[{"embeddable":true,"href":"https:\/\/diarioregionaldigital.com.br\/index.php?rest_route=\/wp\/v2\/users\/246"}],"replies":[{"embeddable":true,"href":"https:\/\/diarioregionaldigital.com.br\/index.php?rest_route=%2Fwp%2Fv2%2Fcomments&post=226522"}],"version-history":[{"count":1,"href":"https:\/\/diarioregionaldigital.com.br\/index.php?rest_route=\/wp\/v2\/posts\/226522\/revisions"}],"predecessor-version":[{"id":226523,"href":"https:\/\/diarioregionaldigital.com.br\/index.php?rest_route=\/wp\/v2\/posts\/226522\/revisions\/226523"}],"wp:attachment":[{"href":"https:\/\/diarioregionaldigital.com.br\/index.php?rest_route=%2Fwp%2Fv2%2Fmedia&parent=226522"}],"wp:term":[{"taxonomy":"category","embeddable":true,"href":"https:\/\/diarioregionaldigital.com.br\/index.php?rest_route=%2Fwp%2Fv2%2Fcategories&post=226522"},{"taxonomy":"post_tag","embeddable":true,"href":"https:\/\/diarioregionaldigital.com.br\/index.php?rest_route=%2Fwp%2Fv2%2Ftags&post=226522"}],"curies":[{"name":"wp","href":"https:\/\/api.w.org\/{rel}","templated":true}]}}