{"id":226520,"date":"2025-01-29T03:35:32","date_gmt":"2025-01-29T06:35:32","guid":{"rendered":"https:\/\/diarioregionaldigital.com.br\/?p=226520"},"modified":"2025-01-29T03:35:32","modified_gmt":"2025-01-29T06:35:32","slug":"extrato-primeiro-termo-aditivo-contrato-034-2024-29-01-2025","status":"publish","type":"post","link":"https:\/\/diarioregionaldigital.com.br\/?p=226520","title":{"rendered":"EXTRATO PRIMEIRO TERMO ADITIVO CONTRATO 034\/2024 &#8211; 29\/01\/2025"},"content":{"rendered":"<p class=\"s3\">\n<p class=\"s4\"><span class=\"s2\"><span class=\"bumpedFont17\">1<\/span><\/span><span class=\"s2\"><span class=\"bumpedFont17\">\u00ba<\/span><\/span><span class=\"s2\"><span class=\"bumpedFont17\"> Termo Aditivo. <\/span><\/span><span class=\"s2\"><span class=\"bumpedFont17\">Pref. Municipal de Descoberto x <\/span><\/span><span class=\"s2\"><span class=\"bumpedFont17\">Milton Salgado Filho <\/span><\/span><span class=\"s2\"><span class=\"bumpedFont17\">&#8211; <\/span><\/span><span class=\"s2\"><span class=\"bumpedFont17\">Objeto: <\/span><\/span><span class=\"s2\"><span class=\"bumpedFont17\">A modifica\u00e7\u00e3o do <\/span><\/span><span class=\"s2\"><span class=\"bumpedFont17\">valor do <\/span><\/span><span class=\"s2\"><span class=\"bumpedFont17\">contrato<\/span><\/span><span class=\"s2\"><span class=\"bumpedFont17\"> vistorias semanais ao objeto contratado<\/span><\/span> <span class=\"s2\"><span class=\"bumpedFont17\">&#8211; Fundamento:<\/span><\/span> <span class=\"s2\"><span class=\"bumpedFont17\">Preg\u00e3o<\/span><\/span><span class=\"s2\"><span class=\"bumpedFont17\"> Presencial<\/span><\/span><span class=\"s2\"><span class=\"bumpedFont17\"> 0<\/span><\/span><span class=\"s2\"><span class=\"bumpedFont17\">15<\/span><\/span><span class=\"s2\"><span class=\"bumpedFont17\">\/202<\/span><\/span><span class=\"s2\"><span class=\"bumpedFont17\">4<\/span><\/span> <span class=\"s2\"><span class=\"bumpedFont17\">\u2013 Valor<\/span><\/span><span class=\"s2\"><span class=\"bumpedFont17\">: <\/span><\/span><span class=\"s2\"><span class=\"bumpedFont17\">R$ <\/span><\/span><span class=\"s2\"><span class=\"bumpedFont17\">52.440,0<\/span><\/span><span class=\"s2\"><span class=\"bumpedFont17\">0<\/span><\/span> <span class=\"s2\"><span class=\"bumpedFont17\">&#8211; Vig\u00eancia: <\/span><\/span><span class=\"s2\"><span class=\"bumpedFont17\">15\/05\/2024 <\/span><\/span><span class=\"s2\"><span class=\"bumpedFont17\">\u2013 <\/span><\/span><span class=\"s2\"><span class=\"bumpedFont17\">Dot<\/span><\/span> <span class=\"s2\"><span class=\"bumpedFont17\">or\u00e7<\/span><\/span><span class=\"s2\"><span class=\"bumpedFont17\">:<\/span><\/span><span class=\"s2\"><span class=\"bumpedFont17\">02.006.000.15.122.0002.2101.339036.00\/150<\/span><\/span> <span class=\"s2\"><span class=\"bumpedFont17\">&#8211;<\/span><\/span> <span class=\"s2\"><span class=\"bumpedFont17\">Ass<\/span><\/span><span class=\"s2\"><span class=\"bumpedFont17\">: <\/span><\/span><span class=\"s2\"><span class=\"bumpedFont17\">28\/01\/2025<\/span><\/span><span class=\"s2\"><span class=\"bumpedFont17\">&#8211; Foro: S\u00e3o Jo\u00e3o Nepomuceno\/MG.<\/span><\/span><\/p>\n<p class=\"s4\">\n<p class=\"s5\">\n<p class=\"s5\">\n<p class=\"s5\">\n<p class=\"s4\">\n<p class=\"s3\"><span class=\"s2\"><span class=\"bumpedFont17\">Lu\u00eds Fernando de Oliveira<\/span><\/span><\/p>\n<p class=\"s3\"><span class=\"s2\"><span class=\"bumpedFont17\">Prefeito Municipal<\/span><\/span><\/p>\n<p class=\"s6\">\n","protected":false},"excerpt":{"rendered":"<p>1\u00ba Termo Aditivo. Pref. Municipal de Descoberto x Milton Salgado Filho &#8211; Objeto: A modifica\u00e7\u00e3o do valor do contrato vistorias semanais ao objeto contratado &#8211; Fundamento: Preg\u00e3o Presencial 015\/2024 \u2013 Valor: R$ 52.440,00 &#8211; Vig\u00eancia: 15\/05\/2024 \u2013 Dot or\u00e7:02.006.000.15.122.0002.2101.339036.00\/150 &#8211; Ass: 28\/01\/2025&#8211; Foro: S\u00e3o Jo\u00e3o Nepomuceno\/MG. Lu\u00eds Fernando de Oliveira Prefeito Municipal<\/p>\n","protected":false},"author":246,"featured_media":0,"comment_status":"closed","ping_status":"closed","sticky":false,"template":"","format":"standard","meta":{"footnotes":""},"categories":[307],"tags":[],"class_list":["post-226520","post","type-post","status-publish","format-standard","hentry","category-editais"],"_links":{"self":[{"href":"https:\/\/diarioregionaldigital.com.br\/index.php?rest_route=\/wp\/v2\/posts\/226520","targetHints":{"allow":["GET"]}}],"collection":[{"href":"https:\/\/diarioregionaldigital.com.br\/index.php?rest_route=\/wp\/v2\/posts"}],"about":[{"href":"https:\/\/diarioregionaldigital.com.br\/index.php?rest_route=\/wp\/v2\/types\/post"}],"author":[{"embeddable":true,"href":"https:\/\/diarioregionaldigital.com.br\/index.php?rest_route=\/wp\/v2\/users\/246"}],"replies":[{"embeddable":true,"href":"https:\/\/diarioregionaldigital.com.br\/index.php?rest_route=%2Fwp%2Fv2%2Fcomments&post=226520"}],"version-history":[{"count":1,"href":"https:\/\/diarioregionaldigital.com.br\/index.php?rest_route=\/wp\/v2\/posts\/226520\/revisions"}],"predecessor-version":[{"id":226521,"href":"https:\/\/diarioregionaldigital.com.br\/index.php?rest_route=\/wp\/v2\/posts\/226520\/revisions\/226521"}],"wp:attachment":[{"href":"https:\/\/diarioregionaldigital.com.br\/index.php?rest_route=%2Fwp%2Fv2%2Fmedia&parent=226520"}],"wp:term":[{"taxonomy":"category","embeddable":true,"href":"https:\/\/diarioregionaldigital.com.br\/index.php?rest_route=%2Fwp%2Fv2%2Fcategories&post=226520"},{"taxonomy":"post_tag","embeddable":true,"href":"https:\/\/diarioregionaldigital.com.br\/index.php?rest_route=%2Fwp%2Fv2%2Ftags&post=226520"}],"curies":[{"name":"wp","href":"https:\/\/api.w.org\/{rel}","templated":true}]}}