{"id":226517,"date":"2025-01-28T19:57:23","date_gmt":"2025-01-28T22:57:23","guid":{"rendered":"https:\/\/diarioregionaldigital.com.br\/?p=226517"},"modified":"2025-01-28T19:57:23","modified_gmt":"2025-01-28T22:57:23","slug":"cesama-faz-melhorias-no-abastecimento-de-agua-do-jardim-gaucho-nesta-quarta-feira-transito-nas-ruas-afonso-pinheiro-e-1-sera-interrompido","status":"publish","type":"post","link":"https:\/\/diarioregionaldigital.com.br\/?p=226517","title":{"rendered":"Cesama faz melhorias no abastecimento de \u00e1gua do Jardim Ga\u00facho nesta quarta-feira; tr\u00e2nsito nas ruas Afonso Pinheiro e 1 ser\u00e1 interrompido"},"content":{"rendered":"<p>Segundo informa\u00e7\u00f5es do site da Prefeitura de Juiz de Fora (PJF),\u00a0 visando \u00e0 amplia\u00e7\u00e3o do sistema de abastecimento de \u00e1gua da Companhia de Saneamento Municipal (Cesama), a partir da pr\u00f3xima quarta-feira (29) ser\u00e1 necess\u00e1ria a interdi\u00e7\u00e3o da Rua Afonso Pinheiro e Rua 1, localizadas no bairro Jardim Ga\u00facho. Os trabalhos acontecem entre 7h30 e 17h, quando ser\u00e1 realizada a implanta\u00e7\u00e3o de uma rede de \u00e1gua na Rua Doutor Jos\u00e9 Lanziotti. Os trabalhos ser\u00e3o realizados sem interrup\u00e7\u00e3o no abastecimento de \u00e1gua da regi\u00e3o.<\/p>\n<p>Em rela\u00e7\u00e3o aos \u00f4nibus, no per\u00edodo de execu\u00e7\u00e3o do servi\u00e7o, ser\u00e1 necess\u00e1rio o desvio das linhas 106, 113 e 118, que atendem os bairros Jardim Ga\u00facho e Vale Verde. As altera\u00e7\u00f5es nos trajetos ser\u00e3o realizadas conforme a evolu\u00e7\u00e3o da obra.<\/p>\n<p>A Cesama tamb\u00e9m solicita aos motoristas que redobrem a aten\u00e7\u00e3o na \u00e1rea do desvio, fiquem atentos \u00e0 sinaliza\u00e7\u00e3o tempor\u00e1ria e mantenham a velocidade reduzida no trecho.<\/p>\n<p><strong>Outras informa\u00e7\u00f5es:<\/strong><br \/>\nAssessoria de Comunica\u00e7\u00e3o:\u00a0(32)\u00a03692-9179<\/p>\n<p>&nbsp;<\/p>\n","protected":false},"excerpt":{"rendered":"<p>Segundo informa\u00e7\u00f5es do site da Prefeitura de Juiz de Fora (PJF),\u00a0 visando \u00e0 amplia\u00e7\u00e3o do sistema de abastecimento de \u00e1gua da Companhia de Saneamento Municipal (Cesama), a partir da pr\u00f3xima quarta-feira (29) ser\u00e1 necess\u00e1ria a interdi\u00e7\u00e3o da Rua Afonso Pinheiro e Rua 1, localizadas no bairro Jardim Ga\u00facho. Os trabalhos acontecem entre 7h30 e 17h, [&hellip;]<\/p>\n","protected":false},"author":246,"featured_media":226518,"comment_status":"closed","ping_status":"closed","sticky":false,"template":"","format":"standard","meta":{"footnotes":""},"categories":[253,436,439],"tags":[],"class_list":["post-226517","post","type-post","status-publish","format-standard","has-post-thumbnail","hentry","category-cidade","category-destaque-da-semana","category-ultima-hora"],"_links":{"self":[{"href":"https:\/\/diarioregionaldigital.com.br\/index.php?rest_route=\/wp\/v2\/posts\/226517","targetHints":{"allow":["GET"]}}],"collection":[{"href":"https:\/\/diarioregionaldigital.com.br\/index.php?rest_route=\/wp\/v2\/posts"}],"about":[{"href":"https:\/\/diarioregionaldigital.com.br\/index.php?rest_route=\/wp\/v2\/types\/post"}],"author":[{"embeddable":true,"href":"https:\/\/diarioregionaldigital.com.br\/index.php?rest_route=\/wp\/v2\/users\/246"}],"replies":[{"embeddable":true,"href":"https:\/\/diarioregionaldigital.com.br\/index.php?rest_route=%2Fwp%2Fv2%2Fcomments&post=226517"}],"version-history":[{"count":1,"href":"https:\/\/diarioregionaldigital.com.br\/index.php?rest_route=\/wp\/v2\/posts\/226517\/revisions"}],"predecessor-version":[{"id":226519,"href":"https:\/\/diarioregionaldigital.com.br\/index.php?rest_route=\/wp\/v2\/posts\/226517\/revisions\/226519"}],"wp:featuredmedia":[{"embeddable":true,"href":"https:\/\/diarioregionaldigital.com.br\/index.php?rest_route=\/wp\/v2\/media\/226518"}],"wp:attachment":[{"href":"https:\/\/diarioregionaldigital.com.br\/index.php?rest_route=%2Fwp%2Fv2%2Fmedia&parent=226517"}],"wp:term":[{"taxonomy":"category","embeddable":true,"href":"https:\/\/diarioregionaldigital.com.br\/index.php?rest_route=%2Fwp%2Fv2%2Fcategories&post=226517"},{"taxonomy":"post_tag","embeddable":true,"href":"https:\/\/diarioregionaldigital.com.br\/index.php?rest_route=%2Fwp%2Fv2%2Ftags&post=226517"}],"curies":[{"name":"wp","href":"https:\/\/api.w.org\/{rel}","templated":true}]}}