{"id":226514,"date":"2025-01-28T19:56:23","date_gmt":"2025-01-28T22:56:23","guid":{"rendered":"https:\/\/diarioregionaldigital.com.br\/?p=226514"},"modified":"2025-01-28T19:56:23","modified_gmt":"2025-01-28T22:56:23","slug":"programacao-do-carnaval-vai-animar-juiz-de-fora-a-partir-de-14-de-fevereiro","status":"publish","type":"post","link":"https:\/\/diarioregionaldigital.com.br\/?p=226514","title":{"rendered":"Programa\u00e7\u00e3o do Carnaval vai animar Juiz de Fora a partir de 14 de fevereiro"},"content":{"rendered":"<p>Segundo informa\u00e7\u00f5es do site da Prefeitura de Juiz de Fora (PJF),\u00a0 a\u00a0espera acabou! A programa\u00e7\u00e3o do Carnaval 2025 est\u00e1 no ar, com dezenas de blocos que v\u00e3o fazer a festa nas ruas de Juiz de Fora, com todos os confetes e serpentinas aos quais a folia tem direito! E, por aqui, os festejos v\u00e3o come\u00e7ar antecipadamente, no dia 14 de fevereiro, e seguir\u00e3o animados at\u00e9 4 de mar\u00e7o, Ter\u00e7a-Feira de Carnaval. Nesse per\u00edodo, p\u00fablicos de todas as idades v\u00e3o poder se divertir com as mais de 80 atra\u00e7\u00f5es programadas.<\/p>\n<p>As atra\u00e7\u00f5es, em mais de 20 bairros, ir\u00e3o at\u00e9 22h, e a programa\u00e7\u00e3o \u00e9 para toda a fam\u00edlia. No Centro, os cortejos se concentrar\u00e3o em dois percursos: o Circuito Roza-Esta\u00e7\u00e3o, que sai do Viaduto Roza Cabinda e segue pela Avenida Francisco Bernardino at\u00e9 a Pra\u00e7a da Esta\u00e7\u00e3o; e o Circuito Parque-Esta\u00e7\u00e3o, do Parque Halfeld at\u00e9 a mesma pra\u00e7a, descendo o Cal\u00e7ad\u00e3o da Rua Halfeld.<\/p>\n<p>Confira a\u00a0<a href=\"https:\/\/www.instagram.com\/prefeiturajuizdefora\/\">programa\u00e7\u00e3o dos blocos da cidade<\/a>\u00a0e prepare-se para a festa!<\/p>\n<p>&nbsp;<\/p>\n<div class=\"texto_anexo\"><img loading=\"lazy\" decoding=\"async\" src=\"https:\/\/www.pjf.mg.gov.br\/imagens\/clips.jpg\" width=\"22\" height=\"20\" \/>\u00a0<a href=\"https:\/\/www.pjf.mg.gov.br\/noticias\/anexo\/PROGRAMACAOBLOCOSCARNA.pdf\" target=\"_blank\" rel=\"noopener\">Veja o anexo<\/a><\/div>\n","protected":false},"excerpt":{"rendered":"<p>Segundo informa\u00e7\u00f5es do site da Prefeitura de Juiz de Fora (PJF),\u00a0 a\u00a0espera acabou! A programa\u00e7\u00e3o do Carnaval 2025 est\u00e1 no ar, com dezenas de blocos que v\u00e3o fazer a festa nas ruas de Juiz de Fora, com todos os confetes e serpentinas aos quais a folia tem direito! E, por aqui, os festejos v\u00e3o come\u00e7ar [&hellip;]<\/p>\n","protected":false},"author":246,"featured_media":226515,"comment_status":"closed","ping_status":"closed","sticky":false,"template":"","format":"standard","meta":{"footnotes":""},"categories":[253,436,440,439],"tags":[],"class_list":["post-226514","post","type-post","status-publish","format-standard","has-post-thumbnail","hentry","category-cidade","category-destaque-da-semana","category-destaques-do-dia","category-ultima-hora"],"_links":{"self":[{"href":"https:\/\/diarioregionaldigital.com.br\/index.php?rest_route=\/wp\/v2\/posts\/226514","targetHints":{"allow":["GET"]}}],"collection":[{"href":"https:\/\/diarioregionaldigital.com.br\/index.php?rest_route=\/wp\/v2\/posts"}],"about":[{"href":"https:\/\/diarioregionaldigital.com.br\/index.php?rest_route=\/wp\/v2\/types\/post"}],"author":[{"embeddable":true,"href":"https:\/\/diarioregionaldigital.com.br\/index.php?rest_route=\/wp\/v2\/users\/246"}],"replies":[{"embeddable":true,"href":"https:\/\/diarioregionaldigital.com.br\/index.php?rest_route=%2Fwp%2Fv2%2Fcomments&post=226514"}],"version-history":[{"count":1,"href":"https:\/\/diarioregionaldigital.com.br\/index.php?rest_route=\/wp\/v2\/posts\/226514\/revisions"}],"predecessor-version":[{"id":226516,"href":"https:\/\/diarioregionaldigital.com.br\/index.php?rest_route=\/wp\/v2\/posts\/226514\/revisions\/226516"}],"wp:featuredmedia":[{"embeddable":true,"href":"https:\/\/diarioregionaldigital.com.br\/index.php?rest_route=\/wp\/v2\/media\/226515"}],"wp:attachment":[{"href":"https:\/\/diarioregionaldigital.com.br\/index.php?rest_route=%2Fwp%2Fv2%2Fmedia&parent=226514"}],"wp:term":[{"taxonomy":"category","embeddable":true,"href":"https:\/\/diarioregionaldigital.com.br\/index.php?rest_route=%2Fwp%2Fv2%2Fcategories&post=226514"},{"taxonomy":"post_tag","embeddable":true,"href":"https:\/\/diarioregionaldigital.com.br\/index.php?rest_route=%2Fwp%2Fv2%2Ftags&post=226514"}],"curies":[{"name":"wp","href":"https:\/\/api.w.org\/{rel}","templated":true}]}}