{"id":226508,"date":"2025-01-28T19:53:05","date_gmt":"2025-01-28T22:53:05","guid":{"rendered":"https:\/\/diarioregionaldigital.com.br\/?p=226508"},"modified":"2025-01-28T19:53:05","modified_gmt":"2025-01-28T22:53:05","slug":"governo-de-minas-disponibiliza-linhas-emergenciais-para-micro-e-pequenas-empresas-e-prefeituras-em-funcao-das-chuvas","status":"publish","type":"post","link":"https:\/\/diarioregionaldigital.com.br\/?p=226508","title":{"rendered":"Governo de Minas disponibiliza linhas emergenciais para micro e pequenas empresas e prefeituras em fun\u00e7\u00e3o das chuvas"},"content":{"rendered":"<p><main class=\"clear margin-md-bottom-3\"><\/p>\n<div class=\"clear \">\n<p>O\u00a0<a href=\"https:\/\/www.mg.gov.br\/\" target=\"_blank\" rel=\"noopener\">Governo de Minas<\/a>\u00a0disponibiliza, a partir desta quarta-feira (29\/1), no site do\u00a0<a href=\"https:\/\/www.bdmg.mg.gov.br\/\" target=\"_blank\" rel=\"noopener\">Banco de Desenvolvimento de Minas Gerais\u00a0(BDMG)<\/a>, as linhas de cr\u00e9dito emergenciais destinadas \u00e0s micro e pequenas empresas e prefeituras de cidades com decreto de emerg\u00eancia ou calamidade em fun\u00e7\u00e3o das chuvas no estado.<\/p>\n<p>O an\u00fancio da disponibilidade do cr\u00e9dito foi feito pelo governador Romeu Zema durante participa\u00e7\u00e3o virtual no evento AMM nas Macros &#8211; Rio Doce, organizado pela Associa\u00e7\u00e3o Mineira de Munic\u00edpios em Ipatinga nest ter\u00e7a-feira (28\/1).<\/p>\n<p>\u201cO BDMG est\u00e1 disponibilizando estes recursos para que as pequenas empresas continuem operando normalmente, gerando emprego e renda para a popula\u00e7\u00e3o. As\u00a0 prefeituras tamb\u00e9m ter\u00e3o condi\u00e7\u00e3o de recuperar a infraestrutura e estruturas danificadas, al\u00e9m de realocar moradias que estavam em \u00e1reas de risco&#8221;, disse o governador Romeu Zema.<\/p>\n<table border=\"0\" cellspacing=\"1\" cellpadding=\"1\" align=\"center\">\n<tbody>\n<tr>\n<td colspan=\"5\"><img decoding=\"async\" src=\"https:\/\/www.agenciaminas.mg.gov.br\/ckeditor_assets\/pictures\/20949\/content_2_olho_topo.jpg\" alt=\"\" \/><\/td>\n<\/tr>\n<tr>\n<td><\/td>\n<td colspan=\"3\" rowspan=\"3\">\n<h1><strong>&#8220;O Governo de Minas est\u00e1 ciente dessa necessidade e fazendo o que \u00e9 poss\u00edvel para amenizar o sofrimento dos empres\u00e1rios e tamb\u00e9m das pessoas afetadas pelas chuvas\u201d, enfatizou Romeu Zema.<\/strong><\/h1>\n<\/td>\n<td><\/td>\n<\/tr>\n<tr>\n<td><\/td>\n<td><\/td>\n<\/tr>\n<tr>\n<td><\/td>\n<td><\/td>\n<\/tr>\n<tr>\n<td colspan=\"5\"><img decoding=\"async\" src=\"https:\/\/www.agenciaminas.mg.gov.br\/ckeditor_assets\/pictures\/20950\/content_2_olho_inferior.jpg\" alt=\"\" \/><\/td>\n<\/tr>\n<\/tbody>\n<\/table>\n<p>As linhas foram criadas por determina\u00e7\u00e3o do Governo de Minas. Para as micro e pequenas empresas, as condi\u00e7\u00f5es s\u00e3o diferenciadas, com taxas fixas de 0,9% ao m\u00eas, prazo de 36 meses e car\u00eancia de seis meses para come\u00e7ar a pagar.<\/p>\n<p>As prefeituras v\u00e3o acessar os financiamentos com taxas de juros de 0,41% ou 0,49% ao m\u00eas + Selic, a depender do Indice de Desenvolvimento Humano (IDH) do munic\u00edpio, prazo de 84 meses para pagamento e car\u00eancia de 12 meses. O financiamento pode ser usado para habita\u00e7\u00e3o, pavimenta\u00e7\u00e3o, reformas em edifica\u00e7\u00f5es p\u00fablicas municipais, infraestrutura e drenagem urbana, entre outros projetos.<\/p>\n<p>O presidente do BDMG, Gabriel Vi\u00e9gas Neto, ressalta que as linhas visam garantir as opera\u00e7\u00f5es e continuidade das empresas que sofreram impactos devidos \u00e0s fortes chuvas, al\u00e9m de apoiar as prefeituras na reconstru\u00e7\u00e3o da infraestrutura afetada.<\/p>\n<p><strong>Como contratar<\/strong><\/p>\n<p>A contrata\u00e7\u00e3o do cr\u00e9dito \u00e9 feita por meio do site do BDMG, de forma digital. Para as Micro e Pequenas Empresas, a simula\u00e7\u00e3o do financiamento \u00e9 feita diretamente na plataforma com retorno no mesmo dia sobre o limite autorizado. As prefeituras tamb\u00e9m conseguem contratar o cr\u00e9dito de forma 100% pelo BDMG Digital.<\/p>\n<p>Fonte: Ag\u00eancia Minas<\/p>\n<\/div>\n<p><\/main><\/p>\n","protected":false},"excerpt":{"rendered":"<p>O\u00a0Governo de Minas\u00a0disponibiliza, a partir desta quarta-feira (29\/1), no site do\u00a0Banco de Desenvolvimento de Minas Gerais\u00a0(BDMG), as linhas de cr\u00e9dito emergenciais destinadas \u00e0s micro e pequenas empresas e prefeituras de cidades com decreto de emerg\u00eancia ou calamidade em fun\u00e7\u00e3o das chuvas no estado. O an\u00fancio da disponibilidade do cr\u00e9dito foi feito pelo governador Romeu Zema [&hellip;]<\/p>\n","protected":false},"author":246,"featured_media":226509,"comment_status":"closed","ping_status":"closed","sticky":false,"template":"","format":"standard","meta":{"footnotes":""},"categories":[436,254,439],"tags":[],"class_list":["post-226508","post","type-post","status-publish","format-standard","has-post-thumbnail","hentry","category-destaque-da-semana","category-politica","category-ultima-hora"],"_links":{"self":[{"href":"https:\/\/diarioregionaldigital.com.br\/index.php?rest_route=\/wp\/v2\/posts\/226508","targetHints":{"allow":["GET"]}}],"collection":[{"href":"https:\/\/diarioregionaldigital.com.br\/index.php?rest_route=\/wp\/v2\/posts"}],"about":[{"href":"https:\/\/diarioregionaldigital.com.br\/index.php?rest_route=\/wp\/v2\/types\/post"}],"author":[{"embeddable":true,"href":"https:\/\/diarioregionaldigital.com.br\/index.php?rest_route=\/wp\/v2\/users\/246"}],"replies":[{"embeddable":true,"href":"https:\/\/diarioregionaldigital.com.br\/index.php?rest_route=%2Fwp%2Fv2%2Fcomments&post=226508"}],"version-history":[{"count":1,"href":"https:\/\/diarioregionaldigital.com.br\/index.php?rest_route=\/wp\/v2\/posts\/226508\/revisions"}],"predecessor-version":[{"id":226510,"href":"https:\/\/diarioregionaldigital.com.br\/index.php?rest_route=\/wp\/v2\/posts\/226508\/revisions\/226510"}],"wp:featuredmedia":[{"embeddable":true,"href":"https:\/\/diarioregionaldigital.com.br\/index.php?rest_route=\/wp\/v2\/media\/226509"}],"wp:attachment":[{"href":"https:\/\/diarioregionaldigital.com.br\/index.php?rest_route=%2Fwp%2Fv2%2Fmedia&parent=226508"}],"wp:term":[{"taxonomy":"category","embeddable":true,"href":"https:\/\/diarioregionaldigital.com.br\/index.php?rest_route=%2Fwp%2Fv2%2Fcategories&post=226508"},{"taxonomy":"post_tag","embeddable":true,"href":"https:\/\/diarioregionaldigital.com.br\/index.php?rest_route=%2Fwp%2Fv2%2Ftags&post=226508"}],"curies":[{"name":"wp","href":"https:\/\/api.w.org\/{rel}","templated":true}]}}