{"id":226505,"date":"2025-01-28T19:52:10","date_gmt":"2025-01-28T22:52:10","guid":{"rendered":"https:\/\/diarioregionaldigital.com.br\/?p=226505"},"modified":"2025-01-28T19:52:10","modified_gmt":"2025-01-28T22:52:10","slug":"tecnologia-tipo-exportacao-investidores-de-angola-e-portugal-vao-usar-tecnicas-agropecuarias-mineiras","status":"publish","type":"post","link":"https:\/\/diarioregionaldigital.com.br\/?p=226505","title":{"rendered":"Tecnologia tipo exporta\u00e7\u00e3o: investidores de Angola e Portugal v\u00e3o usar t\u00e9cnicas agropecu\u00e1rias mineiras"},"content":{"rendered":"<p>Uma comitiva de investidores agropecu\u00e1rios portugueses e angolanos visitou os campos experimentais da\u00a0<a href=\"http:\/\/www.epamig.br\/\" target=\"_blank\" rel=\"noreferrer noopener\">Empresa de Pesquisa Agropecu\u00e1ria de Minas Gerais (Epamig)<\/a>\u00a0nas cidades de Tr\u00eas Pontas e Machado, no Sul do estado, onde est\u00e3o concentradas atividades ligadas \u00e0 pesquisa em cafeicultura. O objetivo \u00e9 conhecer os estudos e tecnologias mineiras sobre o caf\u00e9, suas potencialidades, al\u00e9m de entender como as cultivares mineiras s\u00e3o desenvolvidas.<\/p>\n<p>Com condi\u00e7\u00f5es de clima e solo similares a algumas \u00e1reas de Minas Gerais, Angola pode ser prop\u00edcia para o cultivo das variedades mineiras. De acordo com a diretora-geral-adjunta da Okafe Premium Coffee, integrante da comitiva, Vilma da Silva, o grupo conheceu as cultivares devido ao trabalho de refer\u00eancia da Epamig.<\/p>\n<p>\u201cO Brasil \u00e9 um pa\u00eds que desenvolve muita pesquisa em caf\u00e9, e n\u00e3o havia como pesquisar a cultura sem chegar \u00e0 Epamig. \u00c9 uma institui\u00e7\u00e3o reconhecida e que faz um trabalho de excel\u00eancia no mundo cient\u00edfico. Foi essa credibilidade\u00a0que nos fez buscar as cultivares\u201d,\u00a0explica a diretora.<\/p>\n<p>A inten\u00e7\u00e3o dos investidores \u00e9 adquirir essas sementes para a implanta\u00e7\u00e3o experimental inicial de 50 hectares, na regi\u00e3o de Gabela, cidade angolana que se localiza na prov\u00edncia de Cuanza Sul.<\/p>\n<p><strong>Cultivares Mineiras<\/strong><\/p>\n<p>O pesquisador da Epamig, Denis Nadaleti, refor\u00e7a a qualidade das cultivares dispon\u00edveis para comercializa\u00e7\u00e3o. Segundo ele, dentre as diversas variedades que a empresa j\u00e1 registrou, algumas t\u00eam potencial de exporta\u00e7\u00e3o, como \u00e9 o caso da MGS Para\u00edso 2 e MGS Ametista.\u00a0\u201cS\u00e3o duas cultivares indicadas para a regi\u00e3o de cultivo em Angola. Ambas possuem potencial de produtividade e qualidade, podendo atender bem \u00e0s expectativas do grupo\u201d, afirma o pesquisador.<\/p>\n<p><strong>Al\u00e9m do caf\u00e9<\/strong><\/p>\n<p>Com trabalhos j\u00e1 estabelecidos em gr\u00e3os e produtos da bovinocultura, o interesse do grupo em caf\u00e9 se configura como uma expans\u00e3o, e a equipe da Epamig tamb\u00e9m vislumbrou troca de conhecimentos em outras \u00e1reas de atua\u00e7\u00e3o.<\/p>\n<p>Gr\u00e3os como feij\u00e3o e arroz de sequeiro s\u00e3o algumas dessas possibilidades. \u201cA parceria com os investidores portugueses e angolanos pode abrir portas para coopera\u00e7\u00f5es futuras. Em vista das similaridades, outros produtos pesquisados pela Epamig tamb\u00e9m podem entrar na rota internacional das tecnologias exportadas\u201d, analisa o chefe da Assessoria de Neg\u00f3cios Agropecu\u00e1rios da empresa, Clenderson Gon\u00e7alves.<\/p>\n<p>\u201cQuando investidores estrangeiros enxergam a Epamig como uma refer\u00eancia em tecnologia, para n\u00f3s \u00e9 um reconhecimento muito grande. Essa parceria tem o potencial de divulgar nossas tecnologias e expandir a pesquisa, fortalecendo o trabalho de Minas.\u00a0Acreditamos que \u00e9 o in\u00edcio de um projeto com condi\u00e7\u00f5es de evoluir\u201d,\u00a0celebra ele.<\/p>\n<p>Fonte: Ag\u00eancia Minas<\/p>\n","protected":false},"excerpt":{"rendered":"<p>Uma comitiva de investidores agropecu\u00e1rios portugueses e angolanos visitou os campos experimentais da\u00a0Empresa de Pesquisa Agropecu\u00e1ria de Minas Gerais (Epamig)\u00a0nas cidades de Tr\u00eas Pontas e Machado, no Sul do estado, onde est\u00e3o concentradas atividades ligadas \u00e0 pesquisa em cafeicultura. O objetivo \u00e9 conhecer os estudos e tecnologias mineiras sobre o caf\u00e9, suas potencialidades, al\u00e9m de [&hellip;]<\/p>\n","protected":false},"author":246,"featured_media":226506,"comment_status":"closed","ping_status":"closed","sticky":false,"template":"","format":"standard","meta":{"footnotes":""},"categories":[436,261,254,439],"tags":[],"class_list":["post-226505","post","type-post","status-publish","format-standard","has-post-thumbnail","hentry","category-destaque-da-semana","category-economia","category-politica","category-ultima-hora"],"_links":{"self":[{"href":"https:\/\/diarioregionaldigital.com.br\/index.php?rest_route=\/wp\/v2\/posts\/226505","targetHints":{"allow":["GET"]}}],"collection":[{"href":"https:\/\/diarioregionaldigital.com.br\/index.php?rest_route=\/wp\/v2\/posts"}],"about":[{"href":"https:\/\/diarioregionaldigital.com.br\/index.php?rest_route=\/wp\/v2\/types\/post"}],"author":[{"embeddable":true,"href":"https:\/\/diarioregionaldigital.com.br\/index.php?rest_route=\/wp\/v2\/users\/246"}],"replies":[{"embeddable":true,"href":"https:\/\/diarioregionaldigital.com.br\/index.php?rest_route=%2Fwp%2Fv2%2Fcomments&post=226505"}],"version-history":[{"count":1,"href":"https:\/\/diarioregionaldigital.com.br\/index.php?rest_route=\/wp\/v2\/posts\/226505\/revisions"}],"predecessor-version":[{"id":226507,"href":"https:\/\/diarioregionaldigital.com.br\/index.php?rest_route=\/wp\/v2\/posts\/226505\/revisions\/226507"}],"wp:featuredmedia":[{"embeddable":true,"href":"https:\/\/diarioregionaldigital.com.br\/index.php?rest_route=\/wp\/v2\/media\/226506"}],"wp:attachment":[{"href":"https:\/\/diarioregionaldigital.com.br\/index.php?rest_route=%2Fwp%2Fv2%2Fmedia&parent=226505"}],"wp:term":[{"taxonomy":"category","embeddable":true,"href":"https:\/\/diarioregionaldigital.com.br\/index.php?rest_route=%2Fwp%2Fv2%2Fcategories&post=226505"},{"taxonomy":"post_tag","embeddable":true,"href":"https:\/\/diarioregionaldigital.com.br\/index.php?rest_route=%2Fwp%2Fv2%2Ftags&post=226505"}],"curies":[{"name":"wp","href":"https:\/\/api.w.org\/{rel}","templated":true}]}}