{"id":226485,"date":"2025-01-27T21:04:34","date_gmt":"2025-01-28T00:04:34","guid":{"rendered":"https:\/\/diarioregionaldigital.com.br\/?p=226485"},"modified":"2025-01-27T21:04:34","modified_gmt":"2025-01-28T00:04:34","slug":"vitoria-miranda-atleta-patrocinada-pela-copasa-e-campea-do-australian-open","status":"publish","type":"post","link":"https:\/\/diarioregionaldigital.com.br\/?p=226485","title":{"rendered":"Vit\u00f3ria Miranda, atleta patrocinada pela Copasa, \u00e9 campe\u00e3 do Australian Open"},"content":{"rendered":"<p><main class=\"clear margin-md-bottom-3\"><\/p>\n<div class=\"clear \">\n<p>Motivo de muito orgulho para os mineiros e brasileiros, a atleta Vit\u00f3ria Miranda, 17 anos, atleta patrocinada pela\u00a0<a href=\"https:\/\/www.copasa.com.br\/wps\/portal\/internet\/\" target=\"_blank\" rel=\"noopener\">Copasa<\/a>\u00a0no t\u00eanis em carreira de rodas, conquistou neste s\u00e1bado (25\/1), o torneio Grand Slam \u2013 Australian Open, na categoria Junior.<\/p>\n<p>Com esse feito, a atleta reafirma sua posi\u00e7\u00e3o no ranking como n\u00famero um do mundo. Al\u00e9m disso, na categoria Adulto, ela mant\u00e9m o seu posicionamento como uma das atletas no Top 40 \u2013 mundial.<\/p>\n<p>No Australian Open, ela venceu a final da chave simples, superando a advers\u00e1ria Sabina Czaus, dos Estados Unidos, por 2 sets a 1, que at\u00e9 ent\u00e3o havia dominado a fase de grupos. De virada, as parciais foram 0\/6, 6\/3 e 7\/6. A partida foi decidida no \u00faltimo ponto, com a brasileira virando o jogo.<\/p>\n<p>Al\u00e9m de ser campe\u00e3 da chave simples, V\u00edt\u00f3ria Miranda, trouxe outro t\u00edtulo para Minas e o Brasil, na categoria duplas. Na sexta-feira (24\/1), ela foi campe\u00e3 com a tenista belga Luna Gryp. Na partida final, elas venceram a dupla formada por Sabina Czauz e pela atleta da let\u00f4nia, Ailina Mosko, por tamb\u00e9m 2 sets a 1.<\/p>\n<p>\u201cConsegui me superar e dar o meu melhor dentro de quadra. Fui campe\u00e3 em simples e nas duplas. Estou muito feliz. \u00c9 a realiza\u00e7\u00e3o de um sonho\u201d, declarou a jovem ao Comit\u00ea Paral\u00edmpico Brasileiro.<\/p>\n<p>L\u00e9o Butija, t\u00e9cnico e idealizador do projeto de forma\u00e7\u00e3o de atletas, ressaltou a satisfa\u00e7\u00e3o com a conquista. \u201cEstamos muito felizes com tudo o que aconteceu e tem acontecido na carreira e na vida da Vit\u00f3ria. Ter uma empresa do porte da Copasa patrocinando a Vit\u00f3ria e a Butija T\u00eanis, para n\u00f3s, \u00e9 de uma relev\u00e2ncia muito grande\u201d, disse.<\/p>\n<p>Fonte: Ag\u00eancia Minas<\/p>\n<\/div>\n<p><\/main><\/p>\n","protected":false},"excerpt":{"rendered":"<p>Motivo de muito orgulho para os mineiros e brasileiros, a atleta Vit\u00f3ria Miranda, 17 anos, atleta patrocinada pela\u00a0Copasa\u00a0no t\u00eanis em carreira de rodas, conquistou neste s\u00e1bado (25\/1), o torneio Grand Slam \u2013 Australian Open, na categoria Junior. Com esse feito, a atleta reafirma sua posi\u00e7\u00e3o no ranking como n\u00famero um do mundo. Al\u00e9m disso, na [&hellip;]<\/p>\n","protected":false},"author":246,"featured_media":226486,"comment_status":"closed","ping_status":"closed","sticky":false,"template":"","format":"standard","meta":{"footnotes":""},"categories":[436,440,257,439],"tags":[],"class_list":["post-226485","post","type-post","status-publish","format-standard","has-post-thumbnail","hentry","category-destaque-da-semana","category-destaques-do-dia","category-esporte","category-ultima-hora"],"_links":{"self":[{"href":"https:\/\/diarioregionaldigital.com.br\/index.php?rest_route=\/wp\/v2\/posts\/226485","targetHints":{"allow":["GET"]}}],"collection":[{"href":"https:\/\/diarioregionaldigital.com.br\/index.php?rest_route=\/wp\/v2\/posts"}],"about":[{"href":"https:\/\/diarioregionaldigital.com.br\/index.php?rest_route=\/wp\/v2\/types\/post"}],"author":[{"embeddable":true,"href":"https:\/\/diarioregionaldigital.com.br\/index.php?rest_route=\/wp\/v2\/users\/246"}],"replies":[{"embeddable":true,"href":"https:\/\/diarioregionaldigital.com.br\/index.php?rest_route=%2Fwp%2Fv2%2Fcomments&post=226485"}],"version-history":[{"count":1,"href":"https:\/\/diarioregionaldigital.com.br\/index.php?rest_route=\/wp\/v2\/posts\/226485\/revisions"}],"predecessor-version":[{"id":226487,"href":"https:\/\/diarioregionaldigital.com.br\/index.php?rest_route=\/wp\/v2\/posts\/226485\/revisions\/226487"}],"wp:featuredmedia":[{"embeddable":true,"href":"https:\/\/diarioregionaldigital.com.br\/index.php?rest_route=\/wp\/v2\/media\/226486"}],"wp:attachment":[{"href":"https:\/\/diarioregionaldigital.com.br\/index.php?rest_route=%2Fwp%2Fv2%2Fmedia&parent=226485"}],"wp:term":[{"taxonomy":"category","embeddable":true,"href":"https:\/\/diarioregionaldigital.com.br\/index.php?rest_route=%2Fwp%2Fv2%2Fcategories&post=226485"},{"taxonomy":"post_tag","embeddable":true,"href":"https:\/\/diarioregionaldigital.com.br\/index.php?rest_route=%2Fwp%2Fv2%2Ftags&post=226485"}],"curies":[{"name":"wp","href":"https:\/\/api.w.org\/{rel}","templated":true}]}}