{"id":226482,"date":"2025-01-27T21:02:48","date_gmt":"2025-01-28T00:02:48","guid":{"rendered":"https:\/\/diarioregionaldigital.com.br\/?p=226482"},"modified":"2025-01-27T21:02:48","modified_gmt":"2025-01-28T00:02:48","slug":"campanha-conscientiza-contribuintes-sobre-o-ipva-e-as-facilidades-da-quitacao-do-tributo-pelos-meios-digitais","status":"publish","type":"post","link":"https:\/\/diarioregionaldigital.com.br\/?p=226482","title":{"rendered":"Campanha conscientiza contribuintes sobre o IPVA e as facilidades da quita\u00e7\u00e3o do tributo pelos meios digitais"},"content":{"rendered":"<p>O\u00a0<a href=\"http:\/\/www.mg.gov.br\/\" target=\"_blank\" rel=\"noopener\">Governo de Minas<\/a>, por meio das Secretarias de Estado de\u00a0<a href=\"http:\/\/www.fazenda.mg.gov.br\/\" target=\"_blank\" rel=\"noopener\">Fazenda (SEF)<\/a>\u00a0e de\u00a0<a href=\"http:\/\/www.planejamento.mg.gov.br\/\" target=\"_blank\" rel=\"noopener\">Planejamento e Gest\u00e3o (Seplag)<\/a>, lan\u00e7ou nesta semana a campanha &#8220;IPVA 2025, mais f\u00e1cil, moderno e eficiente&#8221;.<\/p>\n<p>O objetivo \u00e9 conscientizar os contribuintes mineiros sobre a nova data do Imposto sobre Propriedade de Ve\u00edculos Automotores que, neste ano, come\u00e7a a ser cobrado a partir de fevereiro. Al\u00e9m disso, a estrat\u00e9gica \u00e9 promover a digitaliza\u00e7\u00e3o dos servi\u00e7os veiculares em todo o estado, por meio do\u00a0<a href=\"https:\/\/www.mg.gov.br\/pagina\/mg-app\" target=\"_blank\" rel=\"noopener\">MG app<\/a>. No aplicativo, \u00e9 poss\u00edvel consultar o cronograma do tributo e efetuar o pagamento, de forma r\u00e1pida e pr\u00e1tica.<\/p>\n<p>A veicula\u00e7\u00e3o na m\u00eddia come\u00e7ou no\u00a0domingo (26\/1) e se estende at\u00e9 o m\u00eas de abril, em tr\u00eas etapas, lembrando as datas para a quita\u00e7\u00e3o do tributo, que come\u00e7a no dia 3\/2 e se estende at\u00e9 o dia 11\/4.<\/p>\n<p>Al\u00e9m disso, as pe\u00e7as publicit\u00e1rias enfatizam a import\u00e2ncia do pagamento do IPVA para garantir investimentos nas \u00e1reas de sa\u00fade, seguran\u00e7a e educa\u00e7\u00e3o, e destacam ainda a moderniza\u00e7\u00e3o e efici\u00eancia asseguradas pelos servi\u00e7os digitais.<\/p>\n<p>Ao todo, foram produzidos tr\u00eas v\u00eddeos para TV e m\u00eddias digitais, que mostram a import\u00e2ncia do pagamento do tributo pelo cidad\u00e3o, como forma de garantir melhorias nos servi\u00e7os, e a facilidade para a utiliza\u00e7\u00e3o do aplicativo MG app.<\/p>\n<p>A campanha aposta em criatividade e estrat\u00e9gia para informar e engajar os cidad\u00e3os, promovendo uma transi\u00e7\u00e3o para um sistema digital que simplifica a vida dos contribuintes mineiros.<\/p>\n<table border=\"0\" cellspacing=\"1\" cellpadding=\"1\" align=\"center\">\n<tbody>\n<tr>\n<td><\/td>\n<td><\/td>\n<td><\/td>\n<td><\/td>\n<td><\/td>\n<\/tr>\n<tr>\n<td>\n<div class=\"embeddedContent oembed-provider- oembed-provider-youtube\" data-align=\"center\" data-maxheight=\"183\" data-maxwidth=\"325\" data-oembed=\"https:\/\/www.youtube.com\/watch?v=J7lq2LaT1Qg\" data-oembed_provider=\"youtube\" data-resizetype=\"responsive\"><iframe loading=\"lazy\" src=\"https:\/\/www.youtube.com\/embed\/J7lq2LaT1Qg?wmode=transparent&amp;jqoemcache=r5Xh4\" width=\"222.85100286532952\" height=\"183\" frameborder=\"0\" scrolling=\"no\" allowfullscreen=\"allowfullscreen\" data-mce-fragment=\"1\"><\/iframe><\/div>\n<p>&nbsp;<\/td>\n<td><\/td>\n<td>\n<div class=\"embeddedContent oembed-provider- oembed-provider-youtube\" data-align=\"center\" data-maxheight=\"183\" data-maxwidth=\"325\" data-oembed=\"https:\/\/www.youtube.com\/watch?si=VSa1Y245LbC3Auv_&amp;v=58UvCyp9Tuk&amp;feature=youtu.be\" data-oembed_provider=\"youtube\" data-resizetype=\"responsive\"><iframe loading=\"lazy\" src=\"https:\/\/www.youtube.com\/embed\/58UvCyp9Tuk?wmode=transparent&amp;jqoemcache=aUwGK\" width=\"222.85100286532952\" height=\"183\" frameborder=\"0\" scrolling=\"no\" allowfullscreen=\"allowfullscreen\" data-mce-fragment=\"1\"><\/iframe><\/div>\n<p>&nbsp;<\/td>\n<td><\/td>\n<td>\n<div class=\"embeddedContent oembed-provider- oembed-provider-youtube\" data-align=\"center\" data-maxheight=\"183\" data-maxwidth=\"325\" data-oembed=\"https:\/\/www.youtube.com\/watch?si=k0k66X0JMLDxFl4i&amp;v=rVhjGjpBJJ0&amp;feature=youtu.be\" data-oembed_provider=\"youtube\" data-resizetype=\"responsive\"><iframe loading=\"lazy\" src=\"https:\/\/www.youtube.com\/embed\/rVhjGjpBJJ0?wmode=transparent&amp;jqoemcache=OH2SQ\" width=\"222.85100286532952\" height=\"183\" frameborder=\"0\" scrolling=\"no\" allowfullscreen=\"allowfullscreen\" data-mce-fragment=\"1\"><\/iframe><\/div>\n<p>&nbsp;<\/td>\n<\/tr>\n<\/tbody>\n<\/table>\n<p><strong>MG app<\/strong><\/p>\n<p>O MG app, aplicativo oficial do Governo de Minas coordenado pela Seplag, j\u00e1 tem mais de 5 milh\u00f5es de usu\u00e1rios cadastrados. Atualmente, oferece, por exemplo, mais de 100 servi\u00e7os digitais de tr\u00e2nsito\u00a0para os mineiros. O MG app est\u00e1 dispon\u00edvel gratuitamente para download nas lojas\u00a0<a href=\"https:\/\/www.mg.gov.br\/pagina\/mg-app\" target=\"_blank\" rel=\"noopener\">App Store (Apple)<\/a>\u00a0e\u00a0<a href=\"https:\/\/www.mg.gov.br\/pagina\/mg-app\" target=\"_blank\" rel=\"noopener\">Google Play<\/a>.<\/p>\n<hr \/>\n<p><sub><em><br \/>\n<strong>*<\/strong>Este \u00e9 um conte\u00fado espec\u00edfico para divulga\u00e7\u00e3o e apresenta\u00e7\u00e3o de campanha de publicidade\u00a0do Governo de Minas, com foco\u00a0em servi\u00e7os de\u00a0 interesse p\u00fablico.<\/em><\/sub><\/p>\n<p>Fonte: Ag\u00eancia Minas<\/p>\n","protected":false},"excerpt":{"rendered":"<p>O\u00a0Governo de Minas, por meio das Secretarias de Estado de\u00a0Fazenda (SEF)\u00a0e de\u00a0Planejamento e Gest\u00e3o (Seplag), lan\u00e7ou nesta semana a campanha &#8220;IPVA 2025, mais f\u00e1cil, moderno e eficiente&#8221;. O objetivo \u00e9 conscientizar os contribuintes mineiros sobre a nova data do Imposto sobre Propriedade de Ve\u00edculos Automotores que, neste ano, come\u00e7a a ser cobrado a partir de [&hellip;]<\/p>\n","protected":false},"author":246,"featured_media":226483,"comment_status":"closed","ping_status":"closed","sticky":false,"template":"","format":"standard","meta":{"footnotes":""},"categories":[436,261,254,439],"tags":[],"class_list":["post-226482","post","type-post","status-publish","format-standard","has-post-thumbnail","hentry","category-destaque-da-semana","category-economia","category-politica","category-ultima-hora"],"_links":{"self":[{"href":"https:\/\/diarioregionaldigital.com.br\/index.php?rest_route=\/wp\/v2\/posts\/226482","targetHints":{"allow":["GET"]}}],"collection":[{"href":"https:\/\/diarioregionaldigital.com.br\/index.php?rest_route=\/wp\/v2\/posts"}],"about":[{"href":"https:\/\/diarioregionaldigital.com.br\/index.php?rest_route=\/wp\/v2\/types\/post"}],"author":[{"embeddable":true,"href":"https:\/\/diarioregionaldigital.com.br\/index.php?rest_route=\/wp\/v2\/users\/246"}],"replies":[{"embeddable":true,"href":"https:\/\/diarioregionaldigital.com.br\/index.php?rest_route=%2Fwp%2Fv2%2Fcomments&post=226482"}],"version-history":[{"count":1,"href":"https:\/\/diarioregionaldigital.com.br\/index.php?rest_route=\/wp\/v2\/posts\/226482\/revisions"}],"predecessor-version":[{"id":226484,"href":"https:\/\/diarioregionaldigital.com.br\/index.php?rest_route=\/wp\/v2\/posts\/226482\/revisions\/226484"}],"wp:featuredmedia":[{"embeddable":true,"href":"https:\/\/diarioregionaldigital.com.br\/index.php?rest_route=\/wp\/v2\/media\/226483"}],"wp:attachment":[{"href":"https:\/\/diarioregionaldigital.com.br\/index.php?rest_route=%2Fwp%2Fv2%2Fmedia&parent=226482"}],"wp:term":[{"taxonomy":"category","embeddable":true,"href":"https:\/\/diarioregionaldigital.com.br\/index.php?rest_route=%2Fwp%2Fv2%2Fcategories&post=226482"},{"taxonomy":"post_tag","embeddable":true,"href":"https:\/\/diarioregionaldigital.com.br\/index.php?rest_route=%2Fwp%2Fv2%2Ftags&post=226482"}],"curies":[{"name":"wp","href":"https:\/\/api.w.org\/{rel}","templated":true}]}}