{"id":226447,"date":"2025-01-23T20:11:22","date_gmt":"2025-01-23T23:11:22","guid":{"rendered":"https:\/\/diarioregionaldigital.com.br\/?p=226447"},"modified":"2025-01-23T20:11:22","modified_gmt":"2025-01-23T23:11:22","slug":"empav-realiza-replantio-de-arvores-na-avenida-itamar-franco-e-no-sao-pedro","status":"publish","type":"post","link":"https:\/\/diarioregionaldigital.com.br\/?p=226447","title":{"rendered":"Empav realiza replantio de \u00e1rvores na avenida Itamar Franco e no S\u00e3o Pedro"},"content":{"rendered":"<p>Segundo informa\u00e7\u00f5es do site da Prefeitura de Juiz de Fora (PJF),\u00a0 nesta quinta-feira (25), equipes do Horto Florestal da Empresa Municipal de Pavimenta\u00e7\u00e3o e Urbanidades (Empav) estiveram na Avenida Presidente Itamar Franco, entre os bairros Cascatinha e S\u00e3o Mateus, e na Rua Jos\u00e9 Louren\u00e7o Kelmer, no S\u00e3o Pedro, realizando o replantio de cerca de 40 mudas de \u00e1rvores nativas.<\/p>\n<p>Esp\u00e9cies como ip\u00ea-amarelo, ip\u00ea-roxo, resed\u00e1, pata-de-vaca, pau-ferro, oiti, saboneteira e alfeneiro, todas nativas do Brasil, foram plantadas nos canteiros centrais, em pontos estrat\u00e9gicos e previamente autorizados pela Secretaria de Meio Ambiente e Mudan\u00e7as Clim\u00e1ticas. O servi\u00e7o foi necess\u00e1rio em fun\u00e7\u00e3o das altas temperaturas registradas nas \u00faltimas semanas que prejudicaram o crescimento de diversas mudas de \u00e1rvores rec\u00e9m-plantadas em alguns pontos de Juiz de Fora.<\/p>\n<p>Para estimular o crescimento saud\u00e1vel das \u00e1rvores, a irriga\u00e7\u00e3o nos locais ser\u00e1 intensificada, de maneira que as esp\u00e9cies fiquem sempre nutridas e hidratadas.<\/p>\n<p><strong>CULTIVAR O FUTURO<\/strong><\/p>\n<p>Os plantios de \u00e1rvores fazem parte do programa \u201cCultivar o Futuro\u201d, uma iniciativa da Secretaria do Meio Ambiente com execu\u00e7\u00e3o da Empav, que reafirma o compromisso da PJF em tornar a cidade mais verde e arborizada. Desde a sua cria\u00e7\u00e3o, em 2023, o projeto j\u00e1 foi respons\u00e1vel, juntamente com o \u201cNossa \u00c1gua\u201d, pelo plantio de mais de 10 mil mudas de \u00e1rvores em diversas regi\u00f5es do munic\u00edpio.<\/p>\n<p>Vale lembrar que, em 2024, Juiz de Fora recebeu o t\u00edtulo de \u201cCidade \u00c1rvore do Mundo\u201d pela Organiza\u00e7\u00e3o das Na\u00e7\u00f5es Unidas (ONU), reconhecimento internacional que comprova que a nossa cidade est\u00e1 comprometida com o meio ambiente e com a sustentabilidade.<\/p>\n<p>&nbsp;<\/p>\n","protected":false},"excerpt":{"rendered":"<p>Segundo informa\u00e7\u00f5es do site da Prefeitura de Juiz de Fora (PJF),\u00a0 nesta quinta-feira (25), equipes do Horto Florestal da Empresa Municipal de Pavimenta\u00e7\u00e3o e Urbanidades (Empav) estiveram na Avenida Presidente Itamar Franco, entre os bairros Cascatinha e S\u00e3o Mateus, e na Rua Jos\u00e9 Louren\u00e7o Kelmer, no S\u00e3o Pedro, realizando o replantio de cerca de 40 [&hellip;]<\/p>\n","protected":false},"author":246,"featured_media":226448,"comment_status":"closed","ping_status":"closed","sticky":false,"template":"","format":"standard","meta":{"footnotes":""},"categories":[253,436,440,439],"tags":[],"class_list":["post-226447","post","type-post","status-publish","format-standard","has-post-thumbnail","hentry","category-cidade","category-destaque-da-semana","category-destaques-do-dia","category-ultima-hora"],"_links":{"self":[{"href":"https:\/\/diarioregionaldigital.com.br\/index.php?rest_route=\/wp\/v2\/posts\/226447","targetHints":{"allow":["GET"]}}],"collection":[{"href":"https:\/\/diarioregionaldigital.com.br\/index.php?rest_route=\/wp\/v2\/posts"}],"about":[{"href":"https:\/\/diarioregionaldigital.com.br\/index.php?rest_route=\/wp\/v2\/types\/post"}],"author":[{"embeddable":true,"href":"https:\/\/diarioregionaldigital.com.br\/index.php?rest_route=\/wp\/v2\/users\/246"}],"replies":[{"embeddable":true,"href":"https:\/\/diarioregionaldigital.com.br\/index.php?rest_route=%2Fwp%2Fv2%2Fcomments&post=226447"}],"version-history":[{"count":1,"href":"https:\/\/diarioregionaldigital.com.br\/index.php?rest_route=\/wp\/v2\/posts\/226447\/revisions"}],"predecessor-version":[{"id":226449,"href":"https:\/\/diarioregionaldigital.com.br\/index.php?rest_route=\/wp\/v2\/posts\/226447\/revisions\/226449"}],"wp:featuredmedia":[{"embeddable":true,"href":"https:\/\/diarioregionaldigital.com.br\/index.php?rest_route=\/wp\/v2\/media\/226448"}],"wp:attachment":[{"href":"https:\/\/diarioregionaldigital.com.br\/index.php?rest_route=%2Fwp%2Fv2%2Fmedia&parent=226447"}],"wp:term":[{"taxonomy":"category","embeddable":true,"href":"https:\/\/diarioregionaldigital.com.br\/index.php?rest_route=%2Fwp%2Fv2%2Fcategories&post=226447"},{"taxonomy":"post_tag","embeddable":true,"href":"https:\/\/diarioregionaldigital.com.br\/index.php?rest_route=%2Fwp%2Fv2%2Ftags&post=226447"}],"curies":[{"name":"wp","href":"https:\/\/api.w.org\/{rel}","templated":true}]}}