{"id":226444,"date":"2025-01-23T20:10:10","date_gmt":"2025-01-23T23:10:10","guid":{"rendered":"https:\/\/diarioregionaldigital.com.br\/?p=226444"},"modified":"2025-01-23T20:10:10","modified_gmt":"2025-01-23T23:10:10","slug":"praca-ceu-abre-inscricoes-para-380-vagas-em-oficinas-gratuitas-de-arte-e-esportes","status":"publish","type":"post","link":"https:\/\/diarioregionaldigital.com.br\/?p=226444","title":{"rendered":"Pra\u00e7a CEU abre inscri\u00e7\u00f5es para 380 vagas em oficinas gratuitas de arte e esportes"},"content":{"rendered":"<p>Segundo informa\u00e7\u00f5es do site da Prefeitura de Juiz de Fora (PJF),\u00a0 na pr\u00f3xima segunda-feira (27) o Centro de Artes e Esportes Unificados \u2013 Pra\u00e7a CEU, localizado na Avenida Presidente Juscelino Kubitschek 5899, Benfica, abre inscri\u00e7\u00f5es para o preenchimento de 380 vagas remanescentes das oficinas ofertadas na \u00e1rea art\u00edstica e esportiva.<\/p>\n<div>\n<p>As inscri\u00e7\u00f5es podem ser realizadas na secretaria da pr\u00f3pria pra\u00e7a, no per\u00edodo de 27 a 31 de janeiro, de acordo com o cronograma abaixo, sempre das 18h \u00e0s 21h, de forma presencial. S\u00e3o necess\u00e1rios a apresenta\u00e7\u00e3o de documento de identifica\u00e7\u00e3o e o preenchimento de formul\u00e1rio pr\u00f3prio. Para os menores de 18 anos, h\u00e1 a necessidade de a matr\u00edcula ser feita pelo respons\u00e1vel.<\/p>\n<p>Os interessados e as interessadas devem conferir a disponibilidade da vaga para oficina, hor\u00e1rio e idade pretendidos. As matr\u00edculas ser\u00e3o feitas conforme disponibilidade e a ordem de chegada.<\/p>\n<p>A Pra\u00e7a CEU completa\u00a0dez\u00a0anos em mar\u00e7o, e \u00e9 mantida pela Prefeitura de Juiz de Fora, com gest\u00e3o da Funda\u00e7\u00e3o Cultural Alfredo Ferreira Lage (Funalfa) e presta\u00e7\u00e3o de servi\u00e7os da Associa\u00e7\u00e3o Cultural Arte e Vida (Acav).<\/p>\n<p><u><strong>CRONOGRAMA DE MATR\u00cdCULAS<\/strong><\/u><\/p>\n<p><strong>Segunda feira, 27 de janeiro \u2013 18h<\/strong><\/p>\n<ul>\n<li>ALONGAMENTO | 2\u00aa e 5\u00aa | 13h| 6 vagas<\/li>\n<li>ALONGAMENTO | 2\u00aa e 5\u00aa | 14h | 4 vagas<\/li>\n<li>ARTES VISUAIS | 2\u00b0 e 6\u00b0 | 9h | 9 vagas<\/li>\n<li>ARTES VISUAIS | 2\u00b0 e 6\u00b0 | 13h | 16 vagas<\/li>\n<li>ARTES VISUAIS | 2\u00b0 e 6\u00b0 | 14h | 8 vagas<\/li>\n<li>ARTES VISUAIS | 2\u00b0 e 6\u00b0 |17h |10 vagas<\/li>\n<li>ARTES VISUAIS | 2\u00b0 e 6\u00b0 |18h | 6 vagas<\/li>\n<\/ul>\n<p>&nbsp;<\/p>\n<p><strong>Ter\u00e7a-feira, 28 de janeiro \u2013 18h<\/strong><\/p>\n<ul>\n<li>GIN\u00c1STICA | 2\u00aa e 4\u00aa |10h | 3 vagas<\/li>\n<li>GIN\u00c1STICA | 3\u00aa e 5\u00aa | 10h | 3 vagas<\/li>\n<li>CAPOEIRA | 2\u00aa e 4\u00aa | 8h |15 vagas<\/li>\n<li>CAPOEIRA | 2\u00aa e 6\u00aa | 14h30 | 15 vagas<\/li>\n<li>CAPOEIRA | 2\u00aa e 4\u00aa |16h| 15 vagas<\/li>\n<li>CAPOEIRA | 2\u00aa e 4\u00aa | 17h30 | 15 vagas<\/li>\n<li>CAPOEIRA | 2\u00aa e 4\u00aa | 19h\u00a0| 15 vagas<\/li>\n<\/ul>\n<p>&nbsp;<\/p>\n<p><strong>Quarta-feira, 29 de janeiro \u2013 18h<\/strong><\/p>\n<ul>\n<li>BALLET | 2\u00aa e 4\u00aa | 8h\u00a0\u2013 13 a 30 anos | 10 vagas<\/li>\n<li>BALLET | 2\u00aa e 4\u00aa | 9h30 \u2013 10 a 13 anos | 11 vagas<\/li>\n<li>BALLET | 3\u00aa e 5\u00aa | 8h\u00a0&#8211; 7 e 8 anos | 6 vagas<\/li>\n<li>BALLET | 3\u00aa e 5\u00aa | 9h30 &#8211; 9 e 10 anos | 6 vagas<\/li>\n<li>BALLET | 3\u00aa e 5\u00aa | 13h30 &#8211; 10 a 13 anos | 11 vagas<\/li>\n<li>BALLET | 3\u00aa e 5\u00aa | 15h\u00a0\u2013 7, 8 e 9 anos | 6 vagas<\/li>\n<li>BALLET | 3\u00aa e 5\u00aa | 16h30 \u2013 adolescentes de 14 anos ou mais | 12 vagas<\/li>\n<li>TEATRO | 3\u00aa e 5\u00aa | 8h\u00a0| 15 vagas<\/li>\n<li>TEATRO | 3\u00aa e 5\u00aa | 9h30 | 15 vagas<\/li>\n<li>TEATRO | 3\u00aa e 5\u00aa | 16h\u00a0| 9 vagas<\/li>\n<\/ul>\n<p>&nbsp;<\/p>\n<p><strong>Quinta-feira, 30 de janeiro \u2013 18h<\/strong><\/p>\n<ul>\n<li>DAN\u00c7AS URBANAS | 3\u00aa e 5\u00aa | 8h\u00a0&#8211; 6 a 14 anos | 5 vagas<\/li>\n<li>DAN\u00c7AS URBANAS | 3\u00aa e 5\u00aa | 13h30 &#8211; 11 a 24 anos | 6 vagas<\/li>\n<li>FUTSAL | 2\u00aa e 6\u00aa | 8h\u00a0\u00e0s 9h\u00a0\u2013 6 e 7 anos | 9 vagas<\/li>\n<li>FUTSAL | 3\u00aa e 5\u00aa | 8h \u00e0s 9h \u2013 9,10 e 11 anos | 9 vagas<\/li>\n<li>FUTSAL | 2\u00aa e 6\u00aa | 10h\u00a0\u00e0s 11h\u00a0\u2013 10 e 11 anos | 13 vagas<\/li>\n<li>FUTSAL | 2\u00aa e 6\u00aa | 13h30 \u00e0s 14h30 \u2013 9, 10 e 11 anos | 4 vagas<\/li>\n<li>FUTSAL | 3\u00aa e 5\u00aa | 13h30 \u00e0s 14h30 \u2013 12, 13, 14 e 15 anos | 18 vagas<\/li>\n<li>FUTSAL | 3\u00aa e 5\u00aa | 14h30 \u00e0s 15h30 \u2013 13, 14 e 15 anos| 13 vagas<\/li>\n<li>FUTSAL | 2\u00aa e 6\u00aa | 14h30 \u00e0s 15h30 &#8211; 6, 7 e 8 anos | 6 vagas<\/li>\n<li>FUTSAL | 2\u00aa e 6\u00aa | 15h30 \u00e0s 16h30 &#8211; 12 e 13 anos | 8 vagas<\/li>\n<\/ul>\n<p>&nbsp;<\/p>\n<p><strong>Sexta-feira, 31 de janeiro \u2013 18h<\/strong><\/p>\n<ul>\n<li>FLAUTA | 3\u00aa e 5\u00aa | 15h\u00a0| 6 vagas<\/li>\n<li>VIOL\u00c3O | 2\u00aa e 4\u00aa | 9h\u00a0\u00e0s 10h\u00a0| 6 vagas<\/li>\n<li>VIOL\u00c3O | 2\u00aa e 4\u00aa | 10h\u00a0\u00e0s 11h\u00a0| 7 vagas<\/li>\n<li>VIOL\u00c3O | 2\u00aa e 4\u00aa | 16h\u00a0\u00e0s 17h\u00a0| 5 vagas<\/li>\n<li>VIOL\u00c3O | 2\u00aa e 4\u00aa | 17h30 \u00e0s 18h30 | 4 vagas<\/li>\n<li>VIOL\u00c3O | 3\u00aa e 5\u00aa | 13h30 \u00e0s 14h30 |6 vagas<\/li>\n<li>VIOL\u00c3O | 3\u00aa e 5\u00aa | 10h\u00a0\u00e0s 11h\u00a0|5 vagas<\/li>\n<li>CORAL\/VIOL\u00c3O | 3\u00aa e 5\u00aa | 17h\u00a0\u00e0s 18h\u00a0| 9 vagas<\/li>\n<\/ul>\n<div><\/div>\n<p><strong>Sexta-feira, 31 de janeiro \u2013 18h<\/strong><\/p>\n<ul>\n<li>FLAUTA | 3\u00aa e 5\u00aa | 15h\u00a0| 6 vagas<\/li>\n<li>VIOL\u00c3O | 2\u00aa e 4\u00aa | 9h\u00a0\u00e0s 10h\u00a0| 6 vagas<\/li>\n<li>VIOL\u00c3O | 2\u00aa e 4\u00aa | 10h\u00a0\u00e0s 11h\u00a0| 7 vagas<\/li>\n<li>VIOL\u00c3O | 2\u00aa e 4\u00aa | 16h\u00a0\u00e0s 17h\u00a0| 5 vagas<\/li>\n<li>VIOL\u00c3O | 2\u00aa e 4\u00aa | 17h30 \u00e0s 18h30 | 4 vagas<\/li>\n<li>VIOL\u00c3O | 3\u00aa e 5\u00aa | 13h30 \u00e0s 14h30 |6 vagas<\/li>\n<li>VIOL\u00c3O | 3\u00aa e 5\u00aa | 10h\u00a0\u00e0s 11h\u00a0|5 vagas<\/li>\n<li>CORAL\/VIOL\u00c3O | 3\u00aa e 5\u00aa | 17h\u00a0\u00e0s 18h\u00a0| 9 vagas<\/li>\n<\/ul>\n<p>&nbsp;<\/p>\n<\/div>\n<p>&nbsp;<\/p>\n","protected":false},"excerpt":{"rendered":"<p>Segundo informa\u00e7\u00f5es do site da Prefeitura de Juiz de Fora (PJF),\u00a0 na pr\u00f3xima segunda-feira (27) o Centro de Artes e Esportes Unificados \u2013 Pra\u00e7a CEU, localizado na Avenida Presidente Juscelino Kubitschek 5899, Benfica, abre inscri\u00e7\u00f5es para o preenchimento de 380 vagas remanescentes das oficinas ofertadas na \u00e1rea art\u00edstica e esportiva. As inscri\u00e7\u00f5es podem ser realizadas [&hellip;]<\/p>\n","protected":false},"author":246,"featured_media":226445,"comment_status":"closed","ping_status":"closed","sticky":false,"template":"","format":"standard","meta":{"footnotes":""},"categories":[253,436,440,257,439],"tags":[],"class_list":["post-226444","post","type-post","status-publish","format-standard","has-post-thumbnail","hentry","category-cidade","category-destaque-da-semana","category-destaques-do-dia","category-esporte","category-ultima-hora"],"_links":{"self":[{"href":"https:\/\/diarioregionaldigital.com.br\/index.php?rest_route=\/wp\/v2\/posts\/226444","targetHints":{"allow":["GET"]}}],"collection":[{"href":"https:\/\/diarioregionaldigital.com.br\/index.php?rest_route=\/wp\/v2\/posts"}],"about":[{"href":"https:\/\/diarioregionaldigital.com.br\/index.php?rest_route=\/wp\/v2\/types\/post"}],"author":[{"embeddable":true,"href":"https:\/\/diarioregionaldigital.com.br\/index.php?rest_route=\/wp\/v2\/users\/246"}],"replies":[{"embeddable":true,"href":"https:\/\/diarioregionaldigital.com.br\/index.php?rest_route=%2Fwp%2Fv2%2Fcomments&post=226444"}],"version-history":[{"count":1,"href":"https:\/\/diarioregionaldigital.com.br\/index.php?rest_route=\/wp\/v2\/posts\/226444\/revisions"}],"predecessor-version":[{"id":226446,"href":"https:\/\/diarioregionaldigital.com.br\/index.php?rest_route=\/wp\/v2\/posts\/226444\/revisions\/226446"}],"wp:featuredmedia":[{"embeddable":true,"href":"https:\/\/diarioregionaldigital.com.br\/index.php?rest_route=\/wp\/v2\/media\/226445"}],"wp:attachment":[{"href":"https:\/\/diarioregionaldigital.com.br\/index.php?rest_route=%2Fwp%2Fv2%2Fmedia&parent=226444"}],"wp:term":[{"taxonomy":"category","embeddable":true,"href":"https:\/\/diarioregionaldigital.com.br\/index.php?rest_route=%2Fwp%2Fv2%2Fcategories&post=226444"},{"taxonomy":"post_tag","embeddable":true,"href":"https:\/\/diarioregionaldigital.com.br\/index.php?rest_route=%2Fwp%2Fv2%2Ftags&post=226444"}],"curies":[{"name":"wp","href":"https:\/\/api.w.org\/{rel}","templated":true}]}}